{"id":244256,"date":"2017-06-29T00:00:00","date_gmt":"2017-06-29T00:00:00","guid":{"rendered":"https:\/\/www.ecuadortimes.net\/es\/ecuador-ratifica-su-compromiso-con-el-dialogo-con-los-pueblos-indigenas\/"},"modified":"2017-06-29T00:00:00","modified_gmt":"2017-06-29T00:00:00","slug":"ecuador-ratifica-su-compromiso-con-el-dialogo-con-los-pueblos-indigenas","status":"publish","type":"post","link":"https:\/\/www.ecuadortimes.net\/es\/ecuador-ratifica-su-compromiso-con-el-dialogo-con-los-pueblos-indigenas\/","title":{"rendered":"Ecuador ratifica su compromiso con el di\u00e1logo con los pueblos ind\u00edgenas"},"content":{"rendered":"<p><img loading=\"lazy\" class=\"size-full wp-image-187407 aligncenter\" src=\"https:\/\/www.ecuadortimes.net\/es\/wp-content\/uploads\/2017\/06\/ECUADORTIMES_ECUADORNEWS_ECUADOR_COMPROMISO_DIALOGO_PUEBLOS_INDIGENAS.jpg\" alt=\"\" width=\"620\" height=\"264\" \/><\/p>\n<p>&nbsp;<\/p>\n<p><span class=\"classCadenaBusqueda\">Ecuador<\/span>\u00a0ratific\u00f3 hoy su compromiso con la consolidaci\u00f3n del di\u00e1logo con los pueblos y nacionalidades ind\u00edgenas, durante la sesi\u00f3n de apertura de las reuniones del\u00a0<strong>Grupo Interinstitucional de la ONU<\/strong>\u00a0sobre Pueblos Ind\u00edgenas <strong>(IASG)<\/strong>, que se celebra en Quito hasta el viernes.<\/p>\n<p>As\u00ed lo dijo la ministra de Relaciones Exteriores y Movilidad Humana, Mar\u00eda Fernanda Espinosa, al inaugurar la reuni\u00f3n anual del IASG, que tiene el objetivo de\u00a0<strong>reforzar las acciones e iniciativas en los temas relativos a los pueblos ind\u00edgenas que se ejecutan en el pa\u00eds\u009d<\/strong>, seg\u00fan un comunicado oficial.<\/p>\n<p>En su discurso, la canciller ecuatoriana se\u00f1al\u00f3 que para el Gobierno de Len\u00edn Moreno es fundamental sostener un amplio di\u00e1logo intercultural para la construcci\u00f3n conjunta de soluciones y alternativas\u009d.<\/p>\n<p><strong><span class=\"classCadenaBusqueda\">Ecuador<\/span>\u00a0mantiene firme su compromiso por la consolidaci\u00f3n de espacios de di\u00e1logo fraterno que permita abordar y resolver la deuda hist\u00f3rica que todav\u00eda persiste con los pueblos y nacionalidades de los Andes, de Am\u00e9rica, del mundo entero\u009d<\/strong>, abund\u00f3.<\/p>\n<p>Espinosa record\u00f3 que diez a\u00f1os despu\u00e9s de la Declaraci\u00f3n sobre los Derechos de los Pueblos Ind\u00edgenas, a\u00fan quedan en el pa\u00eds importantes retos por resolver y nuevos desaf\u00edos\u009d que ameritan la atenci\u00f3n de la comunidad internacional.<\/p>\n<p>Uno de los m\u00e1s importantes es, a su juicio, la elaboraci\u00f3n de un instrumento vinculante que regule\u00a0<strong>la relaci\u00f3n entre las empresas transnacionales, los derechos humanos y los derechos de la naturaleza\u009d.<\/strong><\/p>\n<p>En el acto de hoy tambi\u00e9n particip\u00f3 el coordinador residente del Sistema ONU y representante residente del PNUD en\u00a0<span class=\"classCadenaBusqueda\">Ecuador<\/span>, Arnaud Peral, quien celebr\u00f3 que el encuentro se realice en\u00a0<span class=\"classCadenaBusqueda\">Ecuador<\/span>.<\/p>\n<p>Apunt\u00f3 que el pa\u00eds andino\u00a0<strong>se dot\u00f3 en 2008 de una Constituci\u00f3n que puso en el centro de manera incluyente la defensa de los Derechos de los Pueblos Ind\u00edgenas y que nos ha dado la oportunidad como Naciones Unidas de apoyar la construcci\u00f3n del Plan Nacional de Desarrollo\u009d<\/strong>. (I)<\/p>\n<p>&nbsp;<\/p>\n<p><strong>Fuente:<\/strong> <a href=\"http:\/\/www.larepublica.ec\/blog\/politica\/2017\/06\/28\/ecuador-ratifica-su-compromiso-con-el-dialogo-con-los-pueblos-indigenas\/\" target=\"_blank\" rel=\"noopener noreferrer\">http:\/\/www.larepublica.ec\/blog\/politica\/2017\/06\/28\/ecuador-ratifica-su-compromiso-con-el-dialogo-con-los-pueblos-indigenas\/<\/a><\/p>\n","protected":false},"excerpt":{"rendered":"<p>&nbsp; Ecuador\u00a0ratific\u00f3 hoy su compromiso con la consolidaci\u00f3n del di\u00e1logo con los pueblos y nacionalidades ind\u00edgenas, durante la sesi\u00f3n de apertura de las reuniones del\u00a0Grupo Interinstitucional de la ONU\u00a0sobre Pueblos Ind\u00edgenas (IASG), que se celebra en Quito hasta el viernes. As\u00ed lo dijo la ministra de Relaciones Exteriores y Movilidad Humana, Mar\u00eda Fernanda Espinosa, al inaugurar la reuni\u00f3n anual del IASG, que tiene el objetivo de\u00a0reforzar las acciones e iniciativas en los temas relativos a los pueblos ind\u00edgenas que se ejecutan en el pa\u00eds\u009d, seg\u00fan un comunicado oficial. En su discurso, la canciller ecuatoriana se\u00f1al\u00f3 que para el Gobierno de Len\u00edn Moreno es fundamental sostener un amplio di\u00e1logo intercultural para la construcci\u00f3n conjunta de soluciones y alternativas\u009d. Ecuador\u00a0mantiene firme su compromiso por la consolidaci\u00f3n de espacios de di\u00e1logo fraterno que permita abordar y resolver la deuda hist\u00f3rica que todav\u00eda persiste con los pueblos y nacionalidades de los Andes, de Am\u00e9rica, del mundo entero\u009d, abund\u00f3. Espinosa record\u00f3 que diez a\u00f1os despu\u00e9s de la Declaraci\u00f3n sobre los Derechos de los Pueblos Ind\u00edgenas, a\u00fan quedan en el pa\u00eds importantes retos por resolver y nuevos desaf\u00edos\u009d que ameritan la atenci\u00f3n de la comunidad internacional. Uno de los m\u00e1s importantes es, a su juicio, la elaboraci\u00f3n de un instrumento vinculante que regule\u00a0la relaci\u00f3n entre las empresas transnacionales, los derechos humanos y los derechos de la naturaleza\u009d. En el acto de hoy tambi\u00e9n particip\u00f3 el coordinador residente del Sistema ONU y representante residente del PNUD en\u00a0Ecuador, Arnaud Peral, quien celebr\u00f3 que el encuentro se realice en\u00a0Ecuador. Apunt\u00f3 que el pa\u00eds andino\u00a0se dot\u00f3 en 2008 de una Constituci\u00f3n que puso en el centro de manera incluyente la defensa de los Derechos de los Pueblos Ind\u00edgenas y que nos ha dado la oportunidad como Naciones Unidas de apoyar la construcci\u00f3n del Plan Nacional de Desarrollo\u009d. (I) &nbsp; Fuente: http:\/\/www.larepublica.ec\/blog\/politica\/2017\/06\/28\/ecuador-ratifica-su-compromiso-con-el-dialogo-con-los-pueblos-indigenas\/<\/p>\n","protected":false},"author":1,"featured_media":244257,"comment_status":"open","ping_status":"open","sticky":false,"template":"","format":"standard","meta":[],"categories":[54,32,35],"tags":[],"_links":{"self":[{"href":"https:\/\/www.ecuadortimes.net\/es\/wp-json\/wp\/v2\/posts\/244256"}],"collection":[{"href":"https:\/\/www.ecuadortimes.net\/es\/wp-json\/wp\/v2\/posts"}],"about":[{"href":"https:\/\/www.ecuadortimes.net\/es\/wp-json\/wp\/v2\/types\/post"}],"author":[{"embeddable":true,"href":"https:\/\/www.ecuadortimes.net\/es\/wp-json\/wp\/v2\/users\/1"}],"replies":[{"embeddable":true,"href":"https:\/\/www.ecuadortimes.net\/es\/wp-json\/wp\/v2\/comments?post=244256"}],"version-history":[{"count":0,"href":"https:\/\/www.ecuadortimes.net\/es\/wp-json\/wp\/v2\/posts\/244256\/revisions"}],"wp:featuredmedia":[{"embeddable":true,"href":"https:\/\/www.ecuadortimes.net\/es\/wp-json\/wp\/v2\/media\/244257"}],"wp:attachment":[{"href":"https:\/\/www.ecuadortimes.net\/es\/wp-json\/wp\/v2\/media?parent=244256"}],"wp:term":[{"taxonomy":"category","embeddable":true,"href":"https:\/\/www.ecuadortimes.net\/es\/wp-json\/wp\/v2\/categories?post=244256"},{"taxonomy":"post_tag","embeddable":true,"href":"https:\/\/www.ecuadortimes.net\/es\/wp-json\/wp\/v2\/tags?post=244256"}],"curies":[{"name":"wp","href":"https:\/\/api.w.org\/{rel}","templated":true}]}}