{"id":244258,"date":"2017-06-29T00:00:00","date_gmt":"2017-06-29T00:00:00","guid":{"rendered":"https:\/\/www.ecuadortimes.net\/es\/pacari-recibio-28-premios-en-estados-unidos\/"},"modified":"2017-06-29T00:00:00","modified_gmt":"2017-06-29T00:00:00","slug":"pacari-recibio-28-premios-en-estados-unidos","status":"publish","type":"post","link":"https:\/\/www.ecuadortimes.net\/es\/pacari-recibio-28-premios-en-estados-unidos\/","title":{"rendered":"Pacari recibi\u00f3 28 premios en Estados Unidos"},"content":{"rendered":"<p><img loading=\"lazy\" class=\" wp-image-187412 aligncenter\" src=\"https:\/\/www.ecuadortimes.net\/es\/wp-content\/uploads\/2017\/06\/ECUADORTIMES_ECUADORNEWS_PACARI_PREMIOS_ESTADOS_UNIDOS.jpg\" alt=\"\" width=\"964\" height=\"468\" \/><\/p>\n<p>&nbsp;<\/p>\n<p>La empresa Pacari fue reconocida con 28 galardones en el <strong>certamen International Chocolate Awards, Ronda de las Am\u00e9ricas, realizado\u00a0 en Nueva Jersey, EE.UU.<\/strong> Los Premios Internacionales del Chocolate es la \u00fanica competencia mundial que reconoce la excelencia y apoya a las empresas que elaboran\u00a0 productos con chocolate fino.<\/p>\n<p>Entre los productos reconocidos en este certamen se destacan la mejor barra de <strong>chocolate oscuro<\/strong> m\u00e1s del 85% (Raw 100%), la mejor barra de <strong>chocolate oscuro con infusi\u00f3n<\/strong> o aroma (hierbaluisa), <strong>fruta envuelta en chocolate oscuro<\/strong> (uvilla), mejor barra chocolate oscuro pa\u00eds productor en crecimiento (Manab\u00ed 65%) y mejor barra chocolate oscuro org\u00e1nico (Manab\u00ed 65%).<\/p>\n<p><strong>Santiago Peralta, fundador de la marca<\/strong>, recibi\u00f3\u00a0 los nuevos premios a nombre de los m\u00e1s de 3.500 agricultores org\u00e1nicos locales que trabajan en este emprendimiento. La mayor gratificaci\u00f3n es que el mundo reconozca que Ecuador no solo produce el mejor cacao del mundo, sino que su gente es capaz de crear los mejores chocolates\u009d, se\u00f1al\u00f3 Peralta. Los productos de Pacari emplean cacao biodin\u00e1mico, atributo exclusivo de esta marca que se vende en m\u00e1s de 40 pa\u00edses. (I)<\/p>\n<p>&nbsp;<\/p>\n<p><strong>Fuente:<\/strong> <a href=\"http:\/\/www.eltelegrafo.com.ec\/noticias\/economia\/8\/pacari-recibio-28-premios-en-estados-unidos\" target=\"_blank\" rel=\"noopener noreferrer\">http:\/\/www.eltelegrafo.com.ec\/noticias\/economia\/8\/pacari-recibio-28-premios-en-estados-unidos<\/a><\/p>\n","protected":false},"excerpt":{"rendered":"<p>&nbsp; La empresa Pacari fue reconocida con 28 galardones en el certamen International Chocolate Awards, Ronda de las Am\u00e9ricas, realizado\u00a0 en Nueva Jersey, EE.UU. Los Premios Internacionales del Chocolate es la \u00fanica competencia mundial que reconoce la excelencia y apoya a las empresas que elaboran\u00a0 productos con chocolate fino. Entre los productos reconocidos en este certamen se destacan la mejor barra de chocolate oscuro m\u00e1s del 85% (Raw 100%), la mejor barra de chocolate oscuro con infusi\u00f3n o aroma (hierbaluisa), fruta envuelta en chocolate oscuro (uvilla), mejor barra chocolate oscuro pa\u00eds productor en crecimiento (Manab\u00ed 65%) y mejor barra chocolate oscuro org\u00e1nico (Manab\u00ed 65%). Santiago Peralta, fundador de la marca, recibi\u00f3\u00a0 los nuevos premios a nombre de los m\u00e1s de 3.500 agricultores org\u00e1nicos locales que trabajan en este emprendimiento. La mayor gratificaci\u00f3n es que el mundo reconozca que Ecuador no solo produce el mejor cacao del mundo, sino que su gente es capaz de crear los mejores chocolates\u009d, se\u00f1al\u00f3 Peralta. Los productos de Pacari emplean cacao biodin\u00e1mico, atributo exclusivo de esta marca que se vende en m\u00e1s de 40 pa\u00edses. (I) &nbsp; Fuente: http:\/\/www.eltelegrafo.com.ec\/noticias\/economia\/8\/pacari-recibio-28-premios-en-estados-unidos<\/p>\n","protected":false},"author":1,"featured_media":244259,"comment_status":"open","ping_status":"open","sticky":false,"template":"","format":"standard","meta":[],"categories":[54,32,36,35],"tags":[],"_links":{"self":[{"href":"https:\/\/www.ecuadortimes.net\/es\/wp-json\/wp\/v2\/posts\/244258"}],"collection":[{"href":"https:\/\/www.ecuadortimes.net\/es\/wp-json\/wp\/v2\/posts"}],"about":[{"href":"https:\/\/www.ecuadortimes.net\/es\/wp-json\/wp\/v2\/types\/post"}],"author":[{"embeddable":true,"href":"https:\/\/www.ecuadortimes.net\/es\/wp-json\/wp\/v2\/users\/1"}],"replies":[{"embeddable":true,"href":"https:\/\/www.ecuadortimes.net\/es\/wp-json\/wp\/v2\/comments?post=244258"}],"version-history":[{"count":0,"href":"https:\/\/www.ecuadortimes.net\/es\/wp-json\/wp\/v2\/posts\/244258\/revisions"}],"wp:featuredmedia":[{"embeddable":true,"href":"https:\/\/www.ecuadortimes.net\/es\/wp-json\/wp\/v2\/media\/244259"}],"wp:attachment":[{"href":"https:\/\/www.ecuadortimes.net\/es\/wp-json\/wp\/v2\/media?parent=244258"}],"wp:term":[{"taxonomy":"category","embeddable":true,"href":"https:\/\/www.ecuadortimes.net\/es\/wp-json\/wp\/v2\/categories?post=244258"},{"taxonomy":"post_tag","embeddable":true,"href":"https:\/\/www.ecuadortimes.net\/es\/wp-json\/wp\/v2\/tags?post=244258"}],"curies":[{"name":"wp","href":"https:\/\/api.w.org\/{rel}","templated":true}]}}