{"id":244266,"date":"2017-06-30T00:00:00","date_gmt":"2017-06-30T00:00:00","guid":{"rendered":"https:\/\/www.ecuadortimes.net\/es\/oficialistas-anticiparon-que-juicio-a-jorge-glas-no-deberia-ser-calificado\/"},"modified":"2017-06-30T00:00:00","modified_gmt":"2017-06-30T00:00:00","slug":"oficialistas-anticiparon-que-juicio-a-jorge-glas-no-deberia-ser-calificado","status":"publish","type":"post","link":"https:\/\/www.ecuadortimes.net\/es\/oficialistas-anticiparon-que-juicio-a-jorge-glas-no-deberia-ser-calificado\/","title":{"rendered":"Oficialistas anticiparon que juicio a Jorge Glas no deber\u00eda ser calificado"},"content":{"rendered":"<p><img loading=\"lazy\" class=\"size-full wp-image-187458 aligncenter\" src=\"https:\/\/www.ecuadortimes.net\/es\/wp-content\/uploads\/2017\/06\/ECUADORTIMES_ECUADORNEWS_JUICIO_NO_CALIFICADO.jpg\" alt=\"\" width=\"773\" height=\"450\" \/><\/p>\n<p>&nbsp;<\/p>\n<div class=\"location-event\"><strong>Quito &#8211;<\/strong>Tres filtros debe sortear la oposici\u00f3n para que el pedido de juicio pol\u00edtico al vicepresidente\u00a0<strong><a href=\"http:\/\/www.eluniverso.com\/tema\/jorge-glas-espinel\" target=\"_self\" rel=\"noopener noreferrer\">Jorge Glas<\/a>\u00a0llegue al pleno de la Asamblea Nacional.<\/strong><\/div>\n<p>El primer filtro es el <strong>Consejo de Administraci\u00f3n Legislativa (CAL)<\/strong>, en el que el movimiento Alianza PAIS tiene mayor\u00eda.<\/p>\n<p>Esta instancia tiene que verificar el cumplimiento de los requisitos: m\u00ednimo 46 firmas de respaldo, la formulaci\u00f3n de los cargos atribuidos al acusado y el anuncio de la prueba, acompa\u00f1ada de los documentos de los que disponga.<\/p>\n<p>Si el CAL establece que la solicitud del juicio no re\u00fane todos los requisitos de ley, dispondr\u00e1 a los solicitantes que los completen en un plazo de tres d\u00edas. De no hacerlo, se ordenar\u00e1 el archivo inmediato.<\/p>\n<p>El CAL remitir\u00e1 el expediente a la Corte Constitucional para un dictamen de admisibilidad, en el que verificar\u00e1 si la solicitud se enmarca en lo que determina el art\u00edculo 129 de la Constituci\u00f3n (que plantea las causales del enjuiciamiento pol\u00edtico a los mandatarios).<\/p>\n<p>En este caso, la oposici\u00f3n hace su interpelaci\u00f3n por los supuestos delitos de cohecho, peculado y enriquecimiento il\u00edcito, con apoyo de 59 firmas.<\/p>\n<p>Si la Corte emite un dictamen de admisibilidad, el presidente de la Asamblea, Jos\u00e9 Serrano (AP), pondr\u00e1 a conocimiento del CAL, para el inicio del tr\u00e1mite; en caso de que sea negativo el dictamen, se proceder\u00e1 al archivo.<\/p>\n<p>Con el informe de admisibilidad, la Comisi\u00f3n de Fiscalizaci\u00f3n tomar\u00e1 conocimiento del inicio del tr\u00e1mite y notificar\u00e1 al acusado con la documentaci\u00f3n de sustento, a fin de que en un plazo de cinco d\u00edas ejerza su derecho a la defensa en forma oral o escrita. De igual forma se notificar\u00e1 a los solicitantes.<\/p>\n<p>Vencido el plazo de prueba, la comisi\u00f3n deber\u00e1 presentar un informe a la presidencia de la Asamblea y luego este difundir\u00e1 el documento antes de convocar a sesi\u00f3n del pleno.<\/p>\n<p>Estos tres pasos son dif\u00edciles de superar, advirti\u00f3 Luis Fernando Torres (PSC-Cambio), miembro del CAL, y agreg\u00f3 que el mayor esfuerzo\u009d que deber\u00e1 hacer la oposici\u00f3n es sustentar la responsabilidad pol\u00edtica en la petici\u00f3n de juicio, pues dijo que tendr\u00e1n que demostrar el incumplimiento de los deberes objetivos, que pueden llevar a que potencialmente una persona pueda ser responsable, sin necesidad de haber cometido los actos, sabiendo que la Asamblea es un juicio pol\u00edtico y no penal&#8230; Es muy dif\u00edcil probar esto, pero s\u00ed es posible encontrar ese nexo entre los sentenciados y aquel que controlaba los espacios en que trabajaban\u009d, dijo el legislador.<\/p>\n<p>Pero los oficialistas Marcela Agui\u00f1aga y Daniel Mendoza advirtieron que el CAL no calificar\u00eda el pedido por falta de requisitos y pruebas.<\/p>\n<p>Agui\u00f1aga anot\u00f3 que el requisito de las pruebas tiene que ser verificado por el CAL, porque las pruebas tienen que ver en \u00e1mbito de sus funciones para ver si caen en las causales\u009d.<\/p>\n<p>De lo que he revisado los elementos no son probatorios; no hay acciones directas que el vicepresidente haya realizado, y que sean causales para un juicio\u009d, a\u00f1adi\u00f3.<\/p>\n<p><strong>Difusi\u00f3n\u00a0<\/strong><br \/>\nHoy vencen las 48 horas de plazo para la difusi\u00f3n del informe de la Comisi\u00f3n de Fiscalizaci\u00f3n que recomend\u00f3 iniciar el juicio pol\u00edtico al excontralor Carlos P\u00f3lit, por incumplimiento de funciones.<\/p>\n<p><strong>Convocatoria<\/strong><br \/>\nMa\u00f1ana est\u00e1 previsto que el presidente de la Asamblea Nacional, Jos\u00e9 Serrano, convoque para el pr\u00f3ximo domingo 2 de julio a sesi\u00f3n extraordinaria para tramitar el juicio pol\u00edtico a P\u00f3lit, desde las 15:00.\u00a0(I)<\/p>\n<p>&nbsp;<\/p>\n<p><strong>Fuente: <\/strong><a href=\"http:\/\/www.eluniverso.com\/noticias\/2017\/06\/30\/nota\/6255514\/oficialistas-anticiparon-que-juicio-jorge-glas-no-deberia-ser\" target=\"_blank\" rel=\"noopener noreferrer\">http:\/\/www.eluniverso.com\/noticias\/2017\/06\/30\/nota\/6255514\/oficialistas-anticiparon-que-juicio-jorge-glas-no-deberia-ser<\/a><\/p>\n","protected":false},"excerpt":{"rendered":"<p>&nbsp; Quito &#8211;Tres filtros debe sortear la oposici\u00f3n para que el pedido de juicio pol\u00edtico al vicepresidente\u00a0Jorge Glas\u00a0llegue al pleno de la Asamblea Nacional. El primer filtro es el Consejo de Administraci\u00f3n Legislativa (CAL), en el que el movimiento Alianza PAIS tiene mayor\u00eda. Esta instancia tiene que verificar el cumplimiento de los requisitos: m\u00ednimo 46 firmas de respaldo, la formulaci\u00f3n de los cargos atribuidos al acusado y el anuncio de la prueba, acompa\u00f1ada de los documentos de los que disponga. Si el CAL establece que la solicitud del juicio no re\u00fane todos los requisitos de ley, dispondr\u00e1 a los solicitantes que los completen en un plazo de tres d\u00edas. De no hacerlo, se ordenar\u00e1 el archivo inmediato. El CAL remitir\u00e1 el expediente a la Corte Constitucional para un dictamen de admisibilidad, en el que verificar\u00e1 si la solicitud se enmarca en lo que determina el art\u00edculo 129 de la Constituci\u00f3n (que plantea las causales del enjuiciamiento pol\u00edtico a los mandatarios). En este caso, la oposici\u00f3n hace su interpelaci\u00f3n por los supuestos delitos de cohecho, peculado y enriquecimiento il\u00edcito, con apoyo de 59 firmas. Si la Corte emite un dictamen de admisibilidad, el presidente de la Asamblea, Jos\u00e9 Serrano (AP), pondr\u00e1 a conocimiento del CAL, para el inicio del tr\u00e1mite; en caso de que sea negativo el dictamen, se proceder\u00e1 al archivo. Con el informe de admisibilidad, la Comisi\u00f3n de Fiscalizaci\u00f3n tomar\u00e1 conocimiento del inicio del tr\u00e1mite y notificar\u00e1 al acusado con la documentaci\u00f3n de sustento, a fin de que en un plazo de cinco d\u00edas ejerza su derecho a la defensa en forma oral o escrita. De igual forma se notificar\u00e1 a los solicitantes. Vencido el plazo de prueba, la comisi\u00f3n deber\u00e1 presentar un informe a la presidencia de la Asamblea y luego este difundir\u00e1 el documento antes de convocar a sesi\u00f3n del pleno. Estos tres pasos son dif\u00edciles de superar, advirti\u00f3 Luis Fernando Torres (PSC-Cambio), miembro del CAL, y agreg\u00f3 que el mayor esfuerzo\u009d que deber\u00e1 hacer la oposici\u00f3n es sustentar la responsabilidad pol\u00edtica en la petici\u00f3n de juicio, pues dijo que tendr\u00e1n que demostrar el incumplimiento de los deberes objetivos, que pueden llevar a que potencialmente una persona pueda ser responsable, sin necesidad de haber cometido los actos, sabiendo que la Asamblea es un juicio pol\u00edtico y no penal&#8230; Es muy dif\u00edcil probar esto, pero s\u00ed es posible encontrar ese nexo entre los sentenciados y aquel que controlaba los espacios en que trabajaban\u009d, dijo el legislador. Pero los oficialistas Marcela Agui\u00f1aga y Daniel Mendoza advirtieron que el CAL no calificar\u00eda el pedido por falta de requisitos y pruebas. Agui\u00f1aga anot\u00f3 que el requisito de las pruebas tiene que ser verificado por el CAL, porque las pruebas tienen que ver en \u00e1mbito de sus funciones para ver si caen en las causales\u009d. De lo que he revisado los elementos no son probatorios; no hay acciones directas que el vicepresidente haya realizado, y que sean causales para un juicio\u009d, a\u00f1adi\u00f3. Difusi\u00f3n\u00a0 Hoy vencen las 48 horas de plazo para la difusi\u00f3n del informe de la Comisi\u00f3n de Fiscalizaci\u00f3n que recomend\u00f3 iniciar el juicio pol\u00edtico al excontralor Carlos P\u00f3lit, por incumplimiento de funciones. Convocatoria Ma\u00f1ana est\u00e1 previsto que el presidente de la Asamblea Nacional, Jos\u00e9 Serrano, convoque para el pr\u00f3ximo domingo 2 de julio a sesi\u00f3n extraordinaria para tramitar el juicio pol\u00edtico a P\u00f3lit, desde las 15:00.\u00a0(I) &nbsp; Fuente: http:\/\/www.eluniverso.com\/noticias\/2017\/06\/30\/nota\/6255514\/oficialistas-anticiparon-que-juicio-jorge-glas-no-deberia-ser<\/p>\n","protected":false},"author":1,"featured_media":244267,"comment_status":"open","ping_status":"open","sticky":false,"template":"","format":"standard","meta":[],"categories":[54,32,40,35,56,46],"tags":[],"_links":{"self":[{"href":"https:\/\/www.ecuadortimes.net\/es\/wp-json\/wp\/v2\/posts\/244266"}],"collection":[{"href":"https:\/\/www.ecuadortimes.net\/es\/wp-json\/wp\/v2\/posts"}],"about":[{"href":"https:\/\/www.ecuadortimes.net\/es\/wp-json\/wp\/v2\/types\/post"}],"author":[{"embeddable":true,"href":"https:\/\/www.ecuadortimes.net\/es\/wp-json\/wp\/v2\/users\/1"}],"replies":[{"embeddable":true,"href":"https:\/\/www.ecuadortimes.net\/es\/wp-json\/wp\/v2\/comments?post=244266"}],"version-history":[{"count":0,"href":"https:\/\/www.ecuadortimes.net\/es\/wp-json\/wp\/v2\/posts\/244266\/revisions"}],"wp:featuredmedia":[{"embeddable":true,"href":"https:\/\/www.ecuadortimes.net\/es\/wp-json\/wp\/v2\/media\/244267"}],"wp:attachment":[{"href":"https:\/\/www.ecuadortimes.net\/es\/wp-json\/wp\/v2\/media?parent=244266"}],"wp:term":[{"taxonomy":"category","embeddable":true,"href":"https:\/\/www.ecuadortimes.net\/es\/wp-json\/wp\/v2\/categories?post=244266"},{"taxonomy":"post_tag","embeddable":true,"href":"https:\/\/www.ecuadortimes.net\/es\/wp-json\/wp\/v2\/tags?post=244266"}],"curies":[{"name":"wp","href":"https:\/\/api.w.org\/{rel}","templated":true}]}}