{"id":244274,"date":"2017-06-30T00:00:00","date_gmt":"2017-06-30T00:00:00","guid":{"rendered":"https:\/\/www.ecuadortimes.net\/es\/presidente-lenin-moreno-inauguro-la-planta-de-lacteos-mas-moderna-del-pais\/"},"modified":"2017-06-30T00:00:00","modified_gmt":"2017-06-30T00:00:00","slug":"presidente-lenin-moreno-inauguro-la-planta-de-lacteos-mas-moderna-del-pais","status":"publish","type":"post","link":"https:\/\/www.ecuadortimes.net\/es\/presidente-lenin-moreno-inauguro-la-planta-de-lacteos-mas-moderna-del-pais\/","title":{"rendered":"Presidente Len\u00edn Moreno inaugur\u00f3 la planta de l\u00e1cteos m\u00e1s moderna del pa\u00eds"},"content":{"rendered":"<p><img loading=\"lazy\" class=\"wp-image-187456 aligncenter\" src=\"https:\/\/www.ecuadortimes.net\/es\/wp-content\/uploads\/2017\/06\/ECUADORTIMES_ECUADORNEWS_INNAUGURACION_FABRICA_LACTEOS.jpg\" alt=\"\" width=\"943\" height=\"466\" \/><\/p>\n<p>&nbsp;<\/p>\n<p>La tarde de este jueves se inaugur\u00f3 <strong>la planta de l\u00e1cteos Tonicorp, la m\u00e1s moderna del pa\u00eds, empresa de Arca Continental y Coca Cola Company<\/strong>, que se ubica en el km 17,5 de la v\u00eda\u00a0Perimetral (sector La Aurora). El evento cont\u00f3 con la presencia del presidente de la Rep\u00fablica, Len\u00edn Moreno, quien recorri\u00f3 las instalaciones acompa\u00f1ado de varias autoridades de Gobierno y de la vicealcaldesa de Guayaquil, Dom\u00e9nica Tabacchi. Una inversi\u00f3n aproximada de $ 97 millones en 178.000 m2 permitir\u00e1 que la empresa l\u00e1ctea aumente su producci\u00f3n de 80 millones de litros anuales a 150.<\/p>\n<p><strong>Equipada con tecnolog\u00eda de punta, la nueva planta generar\u00e1 3.550 nuevas plazas de trabajo<\/strong> y permitir\u00eda la exportaci\u00f3n de los productos ecuatorianos a Estados Unidos, Islas del Caribe, Puerto Rico, Panam\u00e1, Per\u00fa, Colombia, Bolivia, Chile, Espa\u00f1a y Emiratos \u00c3\u0081rabes. En la actualidad, Tonicorp cuenta con 20 centros de distribuci\u00f3n, 121 mil clientes, as\u00ed como con 3000 ganaderos para la producci\u00f3n y 5.200 proveedores. Guillermo Aponte, presidente del directorio del Holding Tonicorp y director general de Arca Continental Sudam\u00e9rica, manifest\u00f3 la importancia del inter\u00e9s del Primer Mandatario en la empresa privada. Es un gran orgullo tener al Presidente inaugurando esta obra, probablemente la primera que va a inaugurar del sector privado en sus primeros d\u00edas de mandato&#8221;, dijo. Destac\u00f3 la iniciativa del Gobierno de &#8220;los\u00a0comit\u00e9s p\u00fablicos-privados para hacer reformas tributarias&#8221;. Asimismo, el directivo de Tonicorp y Arca Continental asegur\u00f3 que ven con buenos ojos que el Gobierno est\u00e9 buscando el di\u00e1logo con el sector privado y diferentes partidos pol\u00edticos.<\/p>\n<p><strong>El Primer Mandatario ratific\u00f3 su apoyo a los empresarios que desean mejorar su producci\u00f3n<\/strong>, para promover la inversi\u00f3n e incrementar el empleo. Este nuevo momento pol\u00edtico es un espacio ideal para que los empresarios trabajen con tranquilidad. Est\u00e1n dadas las condiciones para que lo p\u00fablico y lo privado puedan ir de la mano hacia el futuro, cuenten con su Gobierno para hacerlo\u009d, expres\u00f3 en su intervenci\u00f3n el Jefe de Estado. Adem\u00e1s, Moreno reconoci\u00f3 y felicit\u00f3 el trabajo de Tonicorp y la preocupaci\u00f3n por sus trabajadores, as\u00ed como invit\u00f3 a reconocer las oportunidades para tener un mejor Ecuador.\u00a0(I)<\/p>\n<p>&nbsp;<\/p>\n<p><strong>Fuente: <\/strong><a href=\"http:\/\/www.eltelegrafo.com.ec\/noticias\/economia\/8\/presidente-lenin-moreno-inauguro-la-planta-de-lacteos-mas-moderna-del-pais\" target=\"_blank\" rel=\"noopener noreferrer\">http:\/\/www.eltelegrafo.com.ec\/noticias\/economia\/8\/presidente-lenin-moreno-inauguro-la-planta-de-lacteos-mas-moderna-del-pais<\/a><\/p>\n","protected":false},"excerpt":{"rendered":"<p>&nbsp; La tarde de este jueves se inaugur\u00f3 la planta de l\u00e1cteos Tonicorp, la m\u00e1s moderna del pa\u00eds, empresa de Arca Continental y Coca Cola Company, que se ubica en el km 17,5 de la v\u00eda\u00a0Perimetral (sector La Aurora). El evento cont\u00f3 con la presencia del presidente de la Rep\u00fablica, Len\u00edn Moreno, quien recorri\u00f3 las instalaciones acompa\u00f1ado de varias autoridades de Gobierno y de la vicealcaldesa de Guayaquil, Dom\u00e9nica Tabacchi. Una inversi\u00f3n aproximada de $ 97 millones en 178.000 m2 permitir\u00e1 que la empresa l\u00e1ctea aumente su producci\u00f3n de 80 millones de litros anuales a 150. Equipada con tecnolog\u00eda de punta, la nueva planta generar\u00e1 3.550 nuevas plazas de trabajo y permitir\u00eda la exportaci\u00f3n de los productos ecuatorianos a Estados Unidos, Islas del Caribe, Puerto Rico, Panam\u00e1, Per\u00fa, Colombia, Bolivia, Chile, Espa\u00f1a y Emiratos \u00c3\u0081rabes. En la actualidad, Tonicorp cuenta con 20 centros de distribuci\u00f3n, 121 mil clientes, as\u00ed como con 3000 ganaderos para la producci\u00f3n y 5.200 proveedores. Guillermo Aponte, presidente del directorio del Holding Tonicorp y director general de Arca Continental Sudam\u00e9rica, manifest\u00f3 la importancia del inter\u00e9s del Primer Mandatario en la empresa privada. Es un gran orgullo tener al Presidente inaugurando esta obra, probablemente la primera que va a inaugurar del sector privado en sus primeros d\u00edas de mandato&#8221;, dijo. Destac\u00f3 la iniciativa del Gobierno de &#8220;los\u00a0comit\u00e9s p\u00fablicos-privados para hacer reformas tributarias&#8221;. Asimismo, el directivo de Tonicorp y Arca Continental asegur\u00f3 que ven con buenos ojos que el Gobierno est\u00e9 buscando el di\u00e1logo con el sector privado y diferentes partidos pol\u00edticos. El Primer Mandatario ratific\u00f3 su apoyo a los empresarios que desean mejorar su producci\u00f3n, para promover la inversi\u00f3n e incrementar el empleo. Este nuevo momento pol\u00edtico es un espacio ideal para que los empresarios trabajen con tranquilidad. Est\u00e1n dadas las condiciones para que lo p\u00fablico y lo privado puedan ir de la mano hacia el futuro, cuenten con su Gobierno para hacerlo\u009d, expres\u00f3 en su intervenci\u00f3n el Jefe de Estado. Adem\u00e1s, Moreno reconoci\u00f3 y felicit\u00f3 el trabajo de Tonicorp y la preocupaci\u00f3n por sus trabajadores, as\u00ed como invit\u00f3 a reconocer las oportunidades para tener un mejor Ecuador.\u00a0(I) &nbsp; Fuente: http:\/\/www.eltelegrafo.com.ec\/noticias\/economia\/8\/presidente-lenin-moreno-inauguro-la-planta-de-lacteos-mas-moderna-del-pais<\/p>\n","protected":false},"author":1,"featured_media":244275,"comment_status":"open","ping_status":"open","sticky":false,"template":"","format":"standard","meta":[],"categories":[54,32,43,40,35],"tags":[],"_links":{"self":[{"href":"https:\/\/www.ecuadortimes.net\/es\/wp-json\/wp\/v2\/posts\/244274"}],"collection":[{"href":"https:\/\/www.ecuadortimes.net\/es\/wp-json\/wp\/v2\/posts"}],"about":[{"href":"https:\/\/www.ecuadortimes.net\/es\/wp-json\/wp\/v2\/types\/post"}],"author":[{"embeddable":true,"href":"https:\/\/www.ecuadortimes.net\/es\/wp-json\/wp\/v2\/users\/1"}],"replies":[{"embeddable":true,"href":"https:\/\/www.ecuadortimes.net\/es\/wp-json\/wp\/v2\/comments?post=244274"}],"version-history":[{"count":0,"href":"https:\/\/www.ecuadortimes.net\/es\/wp-json\/wp\/v2\/posts\/244274\/revisions"}],"wp:featuredmedia":[{"embeddable":true,"href":"https:\/\/www.ecuadortimes.net\/es\/wp-json\/wp\/v2\/media\/244275"}],"wp:attachment":[{"href":"https:\/\/www.ecuadortimes.net\/es\/wp-json\/wp\/v2\/media?parent=244274"}],"wp:term":[{"taxonomy":"category","embeddable":true,"href":"https:\/\/www.ecuadortimes.net\/es\/wp-json\/wp\/v2\/categories?post=244274"},{"taxonomy":"post_tag","embeddable":true,"href":"https:\/\/www.ecuadortimes.net\/es\/wp-json\/wp\/v2\/tags?post=244274"}],"curies":[{"name":"wp","href":"https:\/\/api.w.org\/{rel}","templated":true}]}}