{"id":244292,"date":"2017-06-30T00:00:00","date_gmt":"2017-06-30T00:00:00","guid":{"rendered":"https:\/\/www.ecuadortimes.net\/es\/gremios-insistiran-en-derogar-norma-sobre-compensaciones\/"},"modified":"2017-06-30T00:00:00","modified_gmt":"2017-06-30T00:00:00","slug":"gremios-insistiran-en-derogar-norma-sobre-compensaciones","status":"publish","type":"post","link":"https:\/\/www.ecuadortimes.net\/es\/gremios-insistiran-en-derogar-norma-sobre-compensaciones\/","title":{"rendered":"Gremios insistir\u00e1n en derogar norma sobre compensaciones"},"content":{"rendered":"<p><img loading=\"lazy\" class=\" wp-image-187455 aligncenter\" src=\"https:\/\/www.ecuadortimes.net\/es\/wp-content\/uploads\/2017\/06\/ECUADORTIMES_ECUADORNEWS_GREMIO_DEROGAR_NORMA_COMPENSACIONES.jpg\" alt=\"\" width=\"993\" height=\"492\" \/><\/p>\n<p>&nbsp;<\/p>\n<p>Asociaciones de servidores p\u00fablicos y jubilados apelar\u00e1n por la <strong>derogaci\u00f3n del Acuerdo 94 del Ministerio de Trabajo -emitido el pasado 22 de mayo-<\/strong>, que modific\u00f3 las condiciones para el pago de compensaciones por jubilaci\u00f3n de parte del Estado.<\/p>\n<p><strong>La Red de Maestros y la Coordinadora de Maestros Jubilados del Ecuador plantear\u00e1n el tema a las autoridades durante las conversaciones que se mantengan a prop\u00f3sito del saldo pendiente de los incentivos que adeuda el Gobierno.<\/strong><\/p>\n<p>Seg\u00fan el acuerdo, el Estado no tendr\u00e1 la obligaci\u00f3n de cancelar las compensaciones cuando los servidores p\u00fablicos con nombramiento, menores de 70 a\u00f1os, renuncien a sus cargos para acogerse a la jubilaci\u00f3n voluntaria, sin que su salida cuente con la planificaci\u00f3n respectiva y exista disponibilidad presupuestaria.<\/p>\n<p>Nelly Mi\u00f1o, subcoordinadora de la Red de Maestros, manifest\u00f3 que la aplicaci\u00f3n del Acuerdo 94 significa un retroceso\u009d para los beneficios de los jubilados. Creemos que es justo que a partir de los 60 a\u00f1os (servidores p\u00fablicos) puedan acogerse a la jubilaci\u00f3n en las mismas condiciones en que ya lo hicieron otros compa\u00f1eros\u009d, expres\u00f3 Mi\u00f1o. Alfonso Y\u00e1nez, presidente de la Coordinadora, coment\u00f3 que el acuerdo es inconstitucional porque, a su criterio, lesiona\u009d los derechos fundamentales de los funcionarios p\u00fablicos. Junto con otras agremiaciones presentar\u00e1n una propuesta.<\/p>\n<p>El ministro de Trabajo, Ra\u00fal Ledesma, se refiri\u00f3 al tema el mi\u00e9rcoles durante el anuncio del pago parcial de $ 150 millones por incentivos a jubilados mayores de 70 a\u00f1os y con discapacidad. Ah\u00ed aclar\u00f3 que el acuerdo establece que todo proceso de jubilaci\u00f3n voluntaria debe tener una planificaci\u00f3n previa por parte de la instituci\u00f3n y la certificaci\u00f3n de la disponibilidad presupuestaria. La cartera de Estado emitir\u00e1 un instructivo de aplicaci\u00f3n de la norma en todas las instituciones p\u00fablicas, para que tengan claramente una ruta por seguir y no haya confusiones\u009d, precis\u00f3 Ledesma. (I)<\/p>\n<p>&nbsp;<\/p>\n<p><strong>Fuente: <\/strong><a href=\"http:\/\/www.eltelegrafo.com.ec\/noticias\/economia\/8\/gremios-insistiran-en-derogar-norma-sobre-compensaciones\" target=\"_blank\" rel=\"noopener noreferrer\">http:\/\/www.eltelegrafo.com.ec\/noticias\/economia\/8\/gremios-insistiran-en-derogar-norma-sobre-compensaciones<\/a><\/p>\n","protected":false},"excerpt":{"rendered":"<p>&nbsp; Asociaciones de servidores p\u00fablicos y jubilados apelar\u00e1n por la derogaci\u00f3n del Acuerdo 94 del Ministerio de Trabajo -emitido el pasado 22 de mayo-, que modific\u00f3 las condiciones para el pago de compensaciones por jubilaci\u00f3n de parte del Estado. La Red de Maestros y la Coordinadora de Maestros Jubilados del Ecuador plantear\u00e1n el tema a las autoridades durante las conversaciones que se mantengan a prop\u00f3sito del saldo pendiente de los incentivos que adeuda el Gobierno. Seg\u00fan el acuerdo, el Estado no tendr\u00e1 la obligaci\u00f3n de cancelar las compensaciones cuando los servidores p\u00fablicos con nombramiento, menores de 70 a\u00f1os, renuncien a sus cargos para acogerse a la jubilaci\u00f3n voluntaria, sin que su salida cuente con la planificaci\u00f3n respectiva y exista disponibilidad presupuestaria. Nelly Mi\u00f1o, subcoordinadora de la Red de Maestros, manifest\u00f3 que la aplicaci\u00f3n del Acuerdo 94 significa un retroceso\u009d para los beneficios de los jubilados. Creemos que es justo que a partir de los 60 a\u00f1os (servidores p\u00fablicos) puedan acogerse a la jubilaci\u00f3n en las mismas condiciones en que ya lo hicieron otros compa\u00f1eros\u009d, expres\u00f3 Mi\u00f1o. Alfonso Y\u00e1nez, presidente de la Coordinadora, coment\u00f3 que el acuerdo es inconstitucional porque, a su criterio, lesiona\u009d los derechos fundamentales de los funcionarios p\u00fablicos. Junto con otras agremiaciones presentar\u00e1n una propuesta. El ministro de Trabajo, Ra\u00fal Ledesma, se refiri\u00f3 al tema el mi\u00e9rcoles durante el anuncio del pago parcial de $ 150 millones por incentivos a jubilados mayores de 70 a\u00f1os y con discapacidad. Ah\u00ed aclar\u00f3 que el acuerdo establece que todo proceso de jubilaci\u00f3n voluntaria debe tener una planificaci\u00f3n previa por parte de la instituci\u00f3n y la certificaci\u00f3n de la disponibilidad presupuestaria. La cartera de Estado emitir\u00e1 un instructivo de aplicaci\u00f3n de la norma en todas las instituciones p\u00fablicas, para que tengan claramente una ruta por seguir y no haya confusiones\u009d, precis\u00f3 Ledesma. (I) &nbsp; Fuente: http:\/\/www.eltelegrafo.com.ec\/noticias\/economia\/8\/gremios-insistiran-en-derogar-norma-sobre-compensaciones<\/p>\n","protected":false},"author":1,"featured_media":244293,"comment_status":"open","ping_status":"open","sticky":false,"template":"","format":"standard","meta":[],"categories":[54,32,40,35],"tags":[],"_links":{"self":[{"href":"https:\/\/www.ecuadortimes.net\/es\/wp-json\/wp\/v2\/posts\/244292"}],"collection":[{"href":"https:\/\/www.ecuadortimes.net\/es\/wp-json\/wp\/v2\/posts"}],"about":[{"href":"https:\/\/www.ecuadortimes.net\/es\/wp-json\/wp\/v2\/types\/post"}],"author":[{"embeddable":true,"href":"https:\/\/www.ecuadortimes.net\/es\/wp-json\/wp\/v2\/users\/1"}],"replies":[{"embeddable":true,"href":"https:\/\/www.ecuadortimes.net\/es\/wp-json\/wp\/v2\/comments?post=244292"}],"version-history":[{"count":0,"href":"https:\/\/www.ecuadortimes.net\/es\/wp-json\/wp\/v2\/posts\/244292\/revisions"}],"wp:featuredmedia":[{"embeddable":true,"href":"https:\/\/www.ecuadortimes.net\/es\/wp-json\/wp\/v2\/media\/244293"}],"wp:attachment":[{"href":"https:\/\/www.ecuadortimes.net\/es\/wp-json\/wp\/v2\/media?parent=244292"}],"wp:term":[{"taxonomy":"category","embeddable":true,"href":"https:\/\/www.ecuadortimes.net\/es\/wp-json\/wp\/v2\/categories?post=244292"},{"taxonomy":"post_tag","embeddable":true,"href":"https:\/\/www.ecuadortimes.net\/es\/wp-json\/wp\/v2\/tags?post=244292"}],"curies":[{"name":"wp","href":"https:\/\/api.w.org\/{rel}","templated":true}]}}