{"id":244296,"date":"2017-07-03T00:00:00","date_gmt":"2017-07-03T00:00:00","guid":{"rendered":"https:\/\/www.ecuadortimes.net\/es\/fiscalia-indaga-4-delitos-en-caso-odebrecht-y-van-11-procesados\/"},"modified":"2017-07-03T00:00:00","modified_gmt":"2017-07-03T00:00:00","slug":"fiscalia-indaga-4-delitos-en-caso-odebrecht-y-van-11-procesados","status":"publish","type":"post","link":"https:\/\/www.ecuadortimes.net\/es\/fiscalia-indaga-4-delitos-en-caso-odebrecht-y-van-11-procesados\/","title":{"rendered":"Fiscal\u00eda indaga 4 delitos en caso Odebrecht y van 11 procesados"},"content":{"rendered":"<p><img loading=\"lazy\" class=\"size-full wp-image-187497 aligncenter\" src=\"https:\/\/www.ecuadortimes.net\/es\/wp-content\/uploads\/2017\/07\/ECUADORTIMES_ECUADORNEWS_DELITOS_ODEBRECHT_11_PROCESADOS.jpg\" alt=\"\" width=\"1197\" height=\"730\" \/><\/p>\n<p>&nbsp;<\/p>\n<p>Lavado de activos, asociaci\u00f3n il\u00edcita, concusi\u00f3n y delincuencia organizada son los <strong>delitos que investiga la Fiscal\u00eda en el caso Odebrecht.<\/strong> El 22 de diciembre de 2016 se abri\u00f3 la primera investigaci\u00f3n previa.<\/p>\n<p>A esta se sumaron otras: una por concusi\u00f3n <strong>contra Carlos P\u00f3lit, otra por delincuencia organizada en la contrataci\u00f3n del Metro de Quito y una sobre la que a\u00fan no hay detalles.<\/strong><\/p>\n<p>Luego, varias instrucciones fiscales por lavado de activos y por asociaci\u00f3n il\u00edcita.<\/p>\n<p>A la fecha hay once procesados. Entre ellos, el exministro de Electricidad Alecksey M.; Ricardo Rivera, t\u00edo del vicepresidente Jorge Glas; el gerente de la empresa Diacelec S.A., \u00c3\u0089dgar A., y dos exfuncionarios de Petroecuador. (I)<\/p>\n<p>&nbsp;<\/p>\n<p><strong>Fuente: <\/strong><span style=\"font-family: Calibri; color: black;\"><a title=\"http:\/\/www.eluniverso.com\/noticias\/2017\/07\/03\/nota\/6261451\/fiscalia-indaga-4-delitos-van-11-procesados\nCmd+Haga clic o pulse para seguir el v\u00ednculo\" href=\"http:\/\/www.eluniverso.com\/noticias\/2017\/07\/03\/nota\/6261451\/fiscalia-indaga-4-delitos-van-11-procesados\" target=\"_blank\" rel=\"noopener noreferrer\"><span style=\"color: #1155cc;\">http:\/\/www.eluniverso.com\/<wbr \/>noticias\/2017\/07\/03\/nota\/<wbr \/>6261451\/fiscalia-indaga-4-<wbr \/>delitos-van-11-procesados<\/span><\/a><\/span><\/p>\n","protected":false},"excerpt":{"rendered":"<p>&nbsp; Lavado de activos, asociaci\u00f3n il\u00edcita, concusi\u00f3n y delincuencia organizada son los delitos que investiga la Fiscal\u00eda en el caso Odebrecht. El 22 de diciembre de 2016 se abri\u00f3 la primera investigaci\u00f3n previa. A esta se sumaron otras: una por concusi\u00f3n contra Carlos P\u00f3lit, otra por delincuencia organizada en la contrataci\u00f3n del Metro de Quito y una sobre la que a\u00fan no hay detalles. Luego, varias instrucciones fiscales por lavado de activos y por asociaci\u00f3n il\u00edcita. A la fecha hay once procesados. Entre ellos, el exministro de Electricidad Alecksey M.; Ricardo Rivera, t\u00edo del vicepresidente Jorge Glas; el gerente de la empresa Diacelec S.A., \u00c3\u0089dgar A., y dos exfuncionarios de Petroecuador. (I) &nbsp; Fuente: http:\/\/www.eluniverso.com\/noticias\/2017\/07\/03\/nota\/6261451\/fiscalia-indaga-4-delitos-van-11-procesados<\/p>\n","protected":false},"author":1,"featured_media":244297,"comment_status":"open","ping_status":"open","sticky":false,"template":"","format":"standard","meta":[],"categories":[54,32,36,40,35,56,46],"tags":[],"_links":{"self":[{"href":"https:\/\/www.ecuadortimes.net\/es\/wp-json\/wp\/v2\/posts\/244296"}],"collection":[{"href":"https:\/\/www.ecuadortimes.net\/es\/wp-json\/wp\/v2\/posts"}],"about":[{"href":"https:\/\/www.ecuadortimes.net\/es\/wp-json\/wp\/v2\/types\/post"}],"author":[{"embeddable":true,"href":"https:\/\/www.ecuadortimes.net\/es\/wp-json\/wp\/v2\/users\/1"}],"replies":[{"embeddable":true,"href":"https:\/\/www.ecuadortimes.net\/es\/wp-json\/wp\/v2\/comments?post=244296"}],"version-history":[{"count":0,"href":"https:\/\/www.ecuadortimes.net\/es\/wp-json\/wp\/v2\/posts\/244296\/revisions"}],"wp:featuredmedia":[{"embeddable":true,"href":"https:\/\/www.ecuadortimes.net\/es\/wp-json\/wp\/v2\/media\/244297"}],"wp:attachment":[{"href":"https:\/\/www.ecuadortimes.net\/es\/wp-json\/wp\/v2\/media?parent=244296"}],"wp:term":[{"taxonomy":"category","embeddable":true,"href":"https:\/\/www.ecuadortimes.net\/es\/wp-json\/wp\/v2\/categories?post=244296"},{"taxonomy":"post_tag","embeddable":true,"href":"https:\/\/www.ecuadortimes.net\/es\/wp-json\/wp\/v2\/tags?post=244296"}],"curies":[{"name":"wp","href":"https:\/\/api.w.org\/{rel}","templated":true}]}}