{"id":244302,"date":"2017-07-03T00:00:00","date_gmt":"2017-07-03T00:00:00","guid":{"rendered":"https:\/\/www.ecuadortimes.net\/es\/glas-llama-grupo-de-histericas-a-legisladoras-de-creo-y-el-psc\/"},"modified":"2017-07-03T00:00:00","modified_gmt":"2017-07-03T00:00:00","slug":"glas-llama-grupo-de-histericas-a-legisladoras-de-creo-y-el-psc","status":"publish","type":"post","link":"https:\/\/www.ecuadortimes.net\/es\/glas-llama-grupo-de-histericas-a-legisladoras-de-creo-y-el-psc\/","title":{"rendered":"Glas llama grupo de hist\u00e9ricas a legisladoras de CREO y el PSC"},"content":{"rendered":"<p><img loading=\"lazy\" class=\"size-full wp-image-187500 aligncenter\" src=\"https:\/\/www.ecuadortimes.net\/es\/wp-content\/uploads\/2017\/07\/ECUADORTIMES_ECUADORNEWS_GLAS_LLAMA_GRUPO_DE_HISTERICAS_A_LEGISLADORAS_CREO_.PSCjpg.jpg\" alt=\"\" width=\"620\" height=\"264\" \/><\/p>\n<p>&nbsp;<\/p>\n<p>El vicepresidente de Ecuador,\u00a0<strong>Jorge Glas<\/strong>, ha descrito como grupo de las hist\u00e9ricas\u009d a las legisladoras de CREO,\u00a0<strong>Ana Galarza y Jeannine Cruz<\/strong>, y a las del PSC,\u00a0<strong>Paola Vintimilla y Cristina Reyes<\/strong>, que se encuentran entre los 59 parlamentarios que han firmado el pedido de juicio pol\u00edtico en su contra. Glas ha dicho que tal pedido da entre pena y l\u00e1stima\u009d, porque\u00a0<strong>se han hecho afirmaciones perversas por parte de un grupo de asamble\u00edstas, creo que la mayor\u00eda son mujeres\u009d<\/strong>.<\/p>\n<p>Glas ha hecho estas declaraciones en una entrevista en la Radio i99 (98.9 FM) de Guayaquil, este viernes 30 de junio del 2017. Cuestionado por llamar hist\u00e9ricas a las legisladoras, Glas respondi\u00f3:\u00a0<strong>Son hist\u00e9ricas. Yo me hago responsable absolutamente de mis declaraciones\u009d<\/strong>.<\/p>\n<p>Se toman de un informe de la Contralor\u00eda sobre el proceso de reconstrucci\u00f3n para hacer vocer\u00eda, para hacer vocer\u00eda\u009d, sostuvo Glas. Aqu\u00ed hay una asamble\u00edsta que no s\u00e9 ni qui\u00e9n es, una se\u00f1ora apellido Galarza, que dice algunas barbaridades; entre ellas, dice analizar \u00bfqu\u00e9 pas\u00f3 en Manab\u00ed?, cuestiona gastos en lubricantes, cuestiona unos gastos en\u00a6,\u00a0<strong>esta se\u00f1ora Galarza, de CREO\u00a0para variar, empleada del banquero<\/strong>, dice que se han gastado USD 50 000 en una alfombra de lujo. Estoy tratando de citar textualmente, que se ponga la camiseta de Ecuador, USD 5 000 en papas Pringles, 6 millones para lubricantes\u00a6\u009d Glas agreg\u00f3: Cuestiona la se\u00f1ora esta que se compraron USD 50 000 en alfombras. Eso es mentira. Se han gastado aproximadamente USD 800 comprando en alfombras de ese rubro de 50 000 aproximadamente; y son alfombras que se colocaron sobre los pisos cuarteados del centro geri\u00e1trico en Pedernales para poder instalar el Comit\u00e9 de Operaciones de Emergencia\u009d, dijo Glas\u00a0en referencia a la asamble\u00edsta\u00a0<strong>Ana Galarza<\/strong>, de CREO.<\/p>\n<p>Galarza respondi\u00f3 a Jorge Glas en su cuenta de Twitter la ma\u00f1ana de este viernes 30 de junio:\u00a0<strong>No se compr\u00f3 alfombra para el geri\u00e1trico, sino para la oficina del Ministerio del Interior\u009d<\/strong>.<\/p>\n<p>Yo le pregunto a este grupo de las hist\u00e9ricas y a cualquier otro. Yo soy una persona creyente. Jam\u00e1s le desear\u00e9 el mal a nadie. P\u00f3nganse a pensar: \u00bfY si fueran ustedes, si tratar\u00edan de destruirte solamente por el pecado de ser de otro movimiento pol\u00edtico?\u009d, se\u00f1al\u00f3 Glas y mencion\u00f3 a Cristina Reyes y a Paola Vintimilla, asamble\u00edstas socialcristianas.<\/p>\n<p><strong>\u00bfUsted sabe qui\u00e9n fue el abuelo de la se\u00f1ora Reyes?\u009d<\/strong>, pregunt\u00f3 Glas al periodista. \u00bfDe la se\u00f1ora Cristina Reyes? Averig\u00fce, pues, porque es importante la reflexi\u00f3n, gerente de Aztra en un momento oscuro de la historia. La se\u00f1ora Reyes, si es que tuviera, que yo no lo estoy diciendo, alguna responsabilidad\u00a6\u009d.<\/p>\n<p>Glas luego atac\u00f3 a\u00a0<strong>Paola Vintimilla<\/strong>: Aqu\u00ed la se\u00f1ora Paola Vintimilla, socialcristiana, oh, de la gallada qu\u00e9 sorpresa, dice \u0098La entrada del t\u00edo a la pol\u00edtica se da porque el Vicepresidente ha sido parte de las Telecomunicaciones\u0099. Mentira, est\u00e1 mintiendo. Yo quiero que se despojen de la inmunidad, para yo ir a las cortes, por cada una de las palabras que han dicho\u009d.<\/p>\n<p>Y se vienen m\u00e1s noticias ah, la pr\u00f3xima semana hay que estar muy atentos, ya les adelanto. Ya van a ver c\u00f3mo se van cayendo todas las mentiras de esta gente\u009d. \u0098Yo creo que si ma\u00f1ana tengo una sobrina, un t\u00edo, un hermano que entra al Estado porque yo estoy ah\u00ed es mi responsabilidad lo que hagan ah\u00ed\u0099. Aqu\u00ed lo dice, aqu\u00ed lo dice la se\u00f1ora esta Vintimilla. \u00bfEs esto correcto? O sea ma\u00f1ana, Dios nos libre, un hijo nuestro mata a alguien \u00bfes culpa del padre, es culpa de la madre? No se\u00f1ores. Solamente por un af\u00e1n de destruirme. A esta persona a quien no le deseo mal, d\u00e9jeme decirle que la ley de la vida dice que el mundo da vueltas.\u00a0<strong>Dios libre a la se\u00f1ora Vintimilla de que alg\u00fan d\u00eda alg\u00fan familiar de ella tenga alg\u00fan problema. Dios los libre. Y si tuviera alg\u00fan problema, que Dios la libre, le deseo que Dios la bendiga, ella no ser\u00eda culpable.<\/strong>\u00a0Todo esto lo dicen por hacerme da\u00f1o y afectar un proyecto pol\u00edtico\u009d. (I)<\/p>\n<p>&nbsp;<\/p>\n<p><strong>Fuente: <\/strong><a href=\"http:\/\/www.larepublica.ec\/blog\/politica\/2017\/07\/01\/glas-llama-grupo-de-histericas-a-legisladoras-de-creo-y-el-psc\/\" target=\"_blank\" rel=\"noopener noreferrer\" data-saferedirecturl=\"https:\/\/www.google.com\/url?hl=es&amp;q=http:\/\/www.larepublica.ec\/blog\/politica\/2017\/07\/01\/glas-llama-grupo-de-histericas-a-legisladoras-de-creo-y-el-psc\/&amp;source=gmail&amp;ust=1499173835570000&amp;usg=AFQjCNGLuiZEWvGWL8XcJLyExXSYlatZEQ\">http:\/\/www.larepublica.ec\/<wbr \/>blog\/politica\/2017\/07\/01\/glas-<wbr \/>llama-grupo-de-histericas-a-<wbr \/>legisladoras-de-creo-y-el-psc\/<\/a><\/p>\n","protected":false},"excerpt":{"rendered":"<p>&nbsp; El vicepresidente de Ecuador,\u00a0Jorge Glas, ha descrito como grupo de las hist\u00e9ricas\u009d a las legisladoras de CREO,\u00a0Ana Galarza y Jeannine Cruz, y a las del PSC,\u00a0Paola Vintimilla y Cristina Reyes, que se encuentran entre los 59 parlamentarios que han firmado el pedido de juicio pol\u00edtico en su contra. Glas ha dicho que tal pedido da entre pena y l\u00e1stima\u009d, porque\u00a0se han hecho afirmaciones perversas por parte de un grupo de asamble\u00edstas, creo que la mayor\u00eda son mujeres\u009d. Glas ha hecho estas declaraciones en una entrevista en la Radio i99 (98.9 FM) de Guayaquil, este viernes 30 de junio del 2017. Cuestionado por llamar hist\u00e9ricas a las legisladoras, Glas respondi\u00f3:\u00a0Son hist\u00e9ricas. Yo me hago responsable absolutamente de mis declaraciones\u009d. Se toman de un informe de la Contralor\u00eda sobre el proceso de reconstrucci\u00f3n para hacer vocer\u00eda, para hacer vocer\u00eda\u009d, sostuvo Glas. Aqu\u00ed hay una asamble\u00edsta que no s\u00e9 ni qui\u00e9n es, una se\u00f1ora apellido Galarza, que dice algunas barbaridades; entre ellas, dice analizar \u00bfqu\u00e9 pas\u00f3 en Manab\u00ed?, cuestiona gastos en lubricantes, cuestiona unos gastos en\u00a6,\u00a0esta se\u00f1ora Galarza, de CREO\u00a0para variar, empleada del banquero, dice que se han gastado USD 50 000 en una alfombra de lujo. Estoy tratando de citar textualmente, que se ponga la camiseta de Ecuador, USD 5 000 en papas Pringles, 6 millones para lubricantes\u00a6\u009d Glas agreg\u00f3: Cuestiona la se\u00f1ora esta que se compraron USD 50 000 en alfombras. Eso es mentira. Se han gastado aproximadamente USD 800 comprando en alfombras de ese rubro de 50 000 aproximadamente; y son alfombras que se colocaron sobre los pisos cuarteados del centro geri\u00e1trico en Pedernales para poder instalar el Comit\u00e9 de Operaciones de Emergencia\u009d, dijo Glas\u00a0en referencia a la asamble\u00edsta\u00a0Ana Galarza, de CREO. Galarza respondi\u00f3 a Jorge Glas en su cuenta de Twitter la ma\u00f1ana de este viernes 30 de junio:\u00a0No se compr\u00f3 alfombra para el geri\u00e1trico, sino para la oficina del Ministerio del Interior\u009d. Yo le pregunto a este grupo de las hist\u00e9ricas y a cualquier otro. Yo soy una persona creyente. Jam\u00e1s le desear\u00e9 el mal a nadie. P\u00f3nganse a pensar: \u00bfY si fueran ustedes, si tratar\u00edan de destruirte solamente por el pecado de ser de otro movimiento pol\u00edtico?\u009d, se\u00f1al\u00f3 Glas y mencion\u00f3 a Cristina Reyes y a Paola Vintimilla, asamble\u00edstas socialcristianas. \u00bfUsted sabe qui\u00e9n fue el abuelo de la se\u00f1ora Reyes?\u009d, pregunt\u00f3 Glas al periodista. \u00bfDe la se\u00f1ora Cristina Reyes? Averig\u00fce, pues, porque es importante la reflexi\u00f3n, gerente de Aztra en un momento oscuro de la historia. La se\u00f1ora Reyes, si es que tuviera, que yo no lo estoy diciendo, alguna responsabilidad\u00a6\u009d. Glas luego atac\u00f3 a\u00a0Paola Vintimilla: Aqu\u00ed la se\u00f1ora Paola Vintimilla, socialcristiana, oh, de la gallada qu\u00e9 sorpresa, dice \u0098La entrada del t\u00edo a la pol\u00edtica se da porque el Vicepresidente ha sido parte de las Telecomunicaciones\u0099. Mentira, est\u00e1 mintiendo. Yo quiero que se despojen de la inmunidad, para yo ir a las cortes, por cada una de las palabras que han dicho\u009d. Y se vienen m\u00e1s noticias ah, la pr\u00f3xima semana hay que estar muy atentos, ya les adelanto. Ya van a ver c\u00f3mo se van cayendo todas las mentiras de esta gente\u009d. \u0098Yo creo que si ma\u00f1ana tengo una sobrina, un t\u00edo, un hermano que entra al Estado porque yo estoy ah\u00ed es mi responsabilidad lo que hagan ah\u00ed\u0099. Aqu\u00ed lo dice, aqu\u00ed lo dice la se\u00f1ora esta Vintimilla. \u00bfEs esto correcto? O sea ma\u00f1ana, Dios nos libre, un hijo nuestro mata a alguien \u00bfes culpa del padre, es culpa de la madre? No se\u00f1ores. Solamente por un af\u00e1n de destruirme. A esta persona a quien no le deseo mal, d\u00e9jeme decirle que la ley de la vida dice que el mundo da vueltas.\u00a0Dios libre a la se\u00f1ora Vintimilla de que alg\u00fan d\u00eda alg\u00fan familiar de ella tenga alg\u00fan problema. Dios los libre. Y si tuviera alg\u00fan problema, que Dios la libre, le deseo que Dios la bendiga, ella no ser\u00eda culpable.\u00a0Todo esto lo dicen por hacerme da\u00f1o y afectar un proyecto pol\u00edtico\u009d. (I) &nbsp; Fuente: http:\/\/www.larepublica.ec\/blog\/politica\/2017\/07\/01\/glas-llama-grupo-de-histericas-a-legisladoras-de-creo-y-el-psc\/<\/p>\n","protected":false},"author":1,"featured_media":244303,"comment_status":"open","ping_status":"open","sticky":false,"template":"","format":"standard","meta":[],"categories":[54,32,40,35,46],"tags":[],"_links":{"self":[{"href":"https:\/\/www.ecuadortimes.net\/es\/wp-json\/wp\/v2\/posts\/244302"}],"collection":[{"href":"https:\/\/www.ecuadortimes.net\/es\/wp-json\/wp\/v2\/posts"}],"about":[{"href":"https:\/\/www.ecuadortimes.net\/es\/wp-json\/wp\/v2\/types\/post"}],"author":[{"embeddable":true,"href":"https:\/\/www.ecuadortimes.net\/es\/wp-json\/wp\/v2\/users\/1"}],"replies":[{"embeddable":true,"href":"https:\/\/www.ecuadortimes.net\/es\/wp-json\/wp\/v2\/comments?post=244302"}],"version-history":[{"count":0,"href":"https:\/\/www.ecuadortimes.net\/es\/wp-json\/wp\/v2\/posts\/244302\/revisions"}],"wp:featuredmedia":[{"embeddable":true,"href":"https:\/\/www.ecuadortimes.net\/es\/wp-json\/wp\/v2\/media\/244303"}],"wp:attachment":[{"href":"https:\/\/www.ecuadortimes.net\/es\/wp-json\/wp\/v2\/media?parent=244302"}],"wp:term":[{"taxonomy":"category","embeddable":true,"href":"https:\/\/www.ecuadortimes.net\/es\/wp-json\/wp\/v2\/categories?post=244302"},{"taxonomy":"post_tag","embeddable":true,"href":"https:\/\/www.ecuadortimes.net\/es\/wp-json\/wp\/v2\/tags?post=244302"}],"curies":[{"name":"wp","href":"https:\/\/api.w.org\/{rel}","templated":true}]}}