{"id":244314,"date":"2017-07-03T00:00:00","date_gmt":"2017-07-03T00:00:00","guid":{"rendered":"https:\/\/www.ecuadortimes.net\/es\/carchi-busca-introducir-nuevas-variedades-de-papas\/"},"modified":"2017-07-03T00:00:00","modified_gmt":"2017-07-03T00:00:00","slug":"carchi-busca-introducir-nuevas-variedades-de-papas","status":"publish","type":"post","link":"https:\/\/www.ecuadortimes.net\/es\/carchi-busca-introducir-nuevas-variedades-de-papas\/","title":{"rendered":"Carchi busca introducir nuevas variedades de papas"},"content":{"rendered":"<p><img loading=\"lazy\" class=\" wp-image-187495 aligncenter\" src=\"https:\/\/www.ecuadortimes.net\/es\/wp-content\/uploads\/2017\/07\/ECUADORTIMES_ECUADORNEWS_CARCHI_NUEVAS_VARIEDADES_PAPAS.jpg\" alt=\"\" width=\"997\" height=\"468\" \/><\/p>\n<p>&nbsp;<\/p>\n<p><strong>El motivo m\u00e1s importante para que Carchi-Tulc\u00e1n sea la sede del 7\u00b0 Congreso Ecuatoriano de la Papa<\/strong> es por ser la primera provincia productora del tub\u00e9rculo del pa\u00eds. Seg\u00fan datos del Gobierno Provincial, esta\u00a0provincia aporta con el 35% de la producci\u00f3n a nivel nacional. Adem\u00e1s,\u00a0est\u00e1 en primer lugar por la cantidad de producci\u00f3n por hect\u00e1rea: el promedio del Ecuador es de 13,7 toneladas por hect\u00e1rea, mientras que Carchi produce 21 toneladas. Andr\u00e9s Chulde, t\u00e9cnico del Gobierno Provincial, indic\u00f3 que la principal papa que se da en la provincia es la s\u00faper chola, la cual es consumida en el 80% del territorio nacional. El 90% de la producci\u00f3n de Carchi es de ese tipo de cultivo. Sin embargo, existe otro tipo de variedades que las autoridades buscan introducir en la provincia, como la &#8216;yema de huevo&#8217; y &#8216;la mediana, esta \u00faltima es utilizada para prepararla en molo.<\/p>\n<p>Tambi\u00e9n se experimenta con la papa &#8216;carolina&#8217;, de color blanco, usada para frituras. Asimismo, la variedad llamada &#8216;la colorada&#8217; y la &#8216;papiro&#8217;, que es un tub\u00e9rculo nativo de Colombia. Hay otros como: la yuna shungo, puka shungo, fripapa y libertad que tambi\u00e9n se est\u00e1n experimentando -para producir semillas- en parcelas demostrativas. &#8220;Tenemos una parcela demostrativa en la parroquia de Crist\u00f3bal Col\u00f3n, en Mont\u00fafar, en donde hay 34 clases de papa para la adaptabilidad y fueron sembradas hace 6 meses.<\/p>\n<p>En esta parcela colaboran todas los auspiciantes del Congreso donde est\u00e1 el <strong>Magap, Iniap, FAO (&#8230;)<\/strong>&#8220;, dijo. Este espacio de 15 mil metros cuadrados ser\u00e1 visitado este s\u00e1bado para que los particulares, cient\u00edficos y acad\u00e9micos conozcan las variedades. La idea de las autoridades es diversificar la producci\u00f3n del tub\u00e9rculo. Por ejemplo, Germ\u00e1n Pichucho, de 52 a\u00f1os, oriundo de San Gabriel, puntualiza que varias de estas papas son populares en el centro del pa\u00eds, pero buscan adaptarse en la provincia fronteriza. Peter Kromann, especialista del Centro Internacional de la papa, indic\u00f3 que el festejo del tub\u00e9rculo se lo hizo con el prop\u00f3sito de promover la producci\u00f3n del tub\u00e9rculo. Por eso, sostuvo que se han vinculado no solo a los agricultores, sino a la empresa p\u00fablica y privada, especialmente al sector hotelero y gastron\u00f3mico. &#8220;La idea es visibilizar a la papa porque es un producto agr\u00edcola sumamente importante para el pa\u00eds porque existen muchas personas que est\u00e1n involucradas en el proceso de producci\u00f3n. Por ejemplo, por cada hect\u00e1rea se requiere la participaci\u00f3n de 120 personas (jornaleros)&#8221;, se\u00f1al\u00f3.<\/p>\n<p>Otro de los objetivos del congreso es desmitificar la idea de que la papa engorda o causa enfermedades. M\u00e1s bien, reconoce, el tub\u00e9rculo tiene un alto porcentaje de energ\u00eda, vitaminas, antioxidantes y minerales como hierro y zinc. &#8220;Es un producto muy sano que se les deber\u00eda dar a los ni\u00f1os para las dietas escolares, por ejemplo, el pur\u00e9 es muy sano&#8221;. Jorge L\u00f3pez, un chef del Carchi, resalt\u00f3 que las papas nativas son muy sanas porque contienen altos niveles de amino\u00e1cidos y prote\u00ednas. Adem\u00e1s cree que ya es hora de tener una variedad de preparados, como helados y harina. (I)<\/p>\n<p>&nbsp;<\/p>\n<p><strong>Fuente: <\/strong><a href=\"http:\/\/www.eltelegrafo.com.ec\/noticias\/economia\/8\/carchi-busca-introducir-nuevas-variedades-de-papas\" target=\"_blank\" rel=\"noopener noreferrer\" data-saferedirecturl=\"https:\/\/www.google.com\/url?hl=es&amp;q=http:\/\/www.eltelegrafo.com.ec\/noticias\/economia\/8\/carchi-busca-introducir-nuevas-variedades-de-papas&amp;source=gmail&amp;ust=1499173835570000&amp;usg=AFQjCNGRWvFi4YXRvEkAbfqXA38VU9XMEQ\">http:\/\/www.eltelegrafo.com.ec\/<wbr \/>noticias\/economia\/8\/carchi-<wbr \/>busca-introducir-nuevas-<wbr \/>variedades-de-papas<\/a><\/p>\n","protected":false},"excerpt":{"rendered":"<p>&nbsp; El motivo m\u00e1s importante para que Carchi-Tulc\u00e1n sea la sede del 7\u00b0 Congreso Ecuatoriano de la Papa es por ser la primera provincia productora del tub\u00e9rculo del pa\u00eds. Seg\u00fan datos del Gobierno Provincial, esta\u00a0provincia aporta con el 35% de la producci\u00f3n a nivel nacional. Adem\u00e1s,\u00a0est\u00e1 en primer lugar por la cantidad de producci\u00f3n por hect\u00e1rea: el promedio del Ecuador es de 13,7 toneladas por hect\u00e1rea, mientras que Carchi produce 21 toneladas. Andr\u00e9s Chulde, t\u00e9cnico del Gobierno Provincial, indic\u00f3 que la principal papa que se da en la provincia es la s\u00faper chola, la cual es consumida en el 80% del territorio nacional. El 90% de la producci\u00f3n de Carchi es de ese tipo de cultivo. Sin embargo, existe otro tipo de variedades que las autoridades buscan introducir en la provincia, como la &#8216;yema de huevo&#8217; y &#8216;la mediana, esta \u00faltima es utilizada para prepararla en molo. Tambi\u00e9n se experimenta con la papa &#8216;carolina&#8217;, de color blanco, usada para frituras. Asimismo, la variedad llamada &#8216;la colorada&#8217; y la &#8216;papiro&#8217;, que es un tub\u00e9rculo nativo de Colombia. Hay otros como: la yuna shungo, puka shungo, fripapa y libertad que tambi\u00e9n se est\u00e1n experimentando -para producir semillas- en parcelas demostrativas. &#8220;Tenemos una parcela demostrativa en la parroquia de Crist\u00f3bal Col\u00f3n, en Mont\u00fafar, en donde hay 34 clases de papa para la adaptabilidad y fueron sembradas hace 6 meses. En esta parcela colaboran todas los auspiciantes del Congreso donde est\u00e1 el Magap, Iniap, FAO (&#8230;)&#8220;, dijo. Este espacio de 15 mil metros cuadrados ser\u00e1 visitado este s\u00e1bado para que los particulares, cient\u00edficos y acad\u00e9micos conozcan las variedades. La idea de las autoridades es diversificar la producci\u00f3n del tub\u00e9rculo. Por ejemplo, Germ\u00e1n Pichucho, de 52 a\u00f1os, oriundo de San Gabriel, puntualiza que varias de estas papas son populares en el centro del pa\u00eds, pero buscan adaptarse en la provincia fronteriza. Peter Kromann, especialista del Centro Internacional de la papa, indic\u00f3 que el festejo del tub\u00e9rculo se lo hizo con el prop\u00f3sito de promover la producci\u00f3n del tub\u00e9rculo. Por eso, sostuvo que se han vinculado no solo a los agricultores, sino a la empresa p\u00fablica y privada, especialmente al sector hotelero y gastron\u00f3mico. &#8220;La idea es visibilizar a la papa porque es un producto agr\u00edcola sumamente importante para el pa\u00eds porque existen muchas personas que est\u00e1n involucradas en el proceso de producci\u00f3n. Por ejemplo, por cada hect\u00e1rea se requiere la participaci\u00f3n de 120 personas (jornaleros)&#8221;, se\u00f1al\u00f3. Otro de los objetivos del congreso es desmitificar la idea de que la papa engorda o causa enfermedades. M\u00e1s bien, reconoce, el tub\u00e9rculo tiene un alto porcentaje de energ\u00eda, vitaminas, antioxidantes y minerales como hierro y zinc. &#8220;Es un producto muy sano que se les deber\u00eda dar a los ni\u00f1os para las dietas escolares, por ejemplo, el pur\u00e9 es muy sano&#8221;. Jorge L\u00f3pez, un chef del Carchi, resalt\u00f3 que las papas nativas son muy sanas porque contienen altos niveles de amino\u00e1cidos y prote\u00ednas. Adem\u00e1s cree que ya es hora de tener una variedad de preparados, como helados y harina. (I) &nbsp; Fuente: http:\/\/www.eltelegrafo.com.ec\/noticias\/economia\/8\/carchi-busca-introducir-nuevas-variedades-de-papas<\/p>\n","protected":false},"author":1,"featured_media":244315,"comment_status":"open","ping_status":"open","sticky":false,"template":"","format":"standard","meta":[],"categories":[54,32,43,35],"tags":[],"_links":{"self":[{"href":"https:\/\/www.ecuadortimes.net\/es\/wp-json\/wp\/v2\/posts\/244314"}],"collection":[{"href":"https:\/\/www.ecuadortimes.net\/es\/wp-json\/wp\/v2\/posts"}],"about":[{"href":"https:\/\/www.ecuadortimes.net\/es\/wp-json\/wp\/v2\/types\/post"}],"author":[{"embeddable":true,"href":"https:\/\/www.ecuadortimes.net\/es\/wp-json\/wp\/v2\/users\/1"}],"replies":[{"embeddable":true,"href":"https:\/\/www.ecuadortimes.net\/es\/wp-json\/wp\/v2\/comments?post=244314"}],"version-history":[{"count":0,"href":"https:\/\/www.ecuadortimes.net\/es\/wp-json\/wp\/v2\/posts\/244314\/revisions"}],"wp:featuredmedia":[{"embeddable":true,"href":"https:\/\/www.ecuadortimes.net\/es\/wp-json\/wp\/v2\/media\/244315"}],"wp:attachment":[{"href":"https:\/\/www.ecuadortimes.net\/es\/wp-json\/wp\/v2\/media?parent=244314"}],"wp:term":[{"taxonomy":"category","embeddable":true,"href":"https:\/\/www.ecuadortimes.net\/es\/wp-json\/wp\/v2\/categories?post=244314"},{"taxonomy":"post_tag","embeddable":true,"href":"https:\/\/www.ecuadortimes.net\/es\/wp-json\/wp\/v2\/tags?post=244314"}],"curies":[{"name":"wp","href":"https:\/\/api.w.org\/{rel}","templated":true}]}}