{"id":244324,"date":"2017-07-03T00:00:00","date_gmt":"2017-07-03T00:00:00","guid":{"rendered":"https:\/\/www.ecuadortimes.net\/es\/la-viajera-que-promociona-a-ecuador-en-su-blog-de-turismo\/"},"modified":"2017-07-03T00:00:00","modified_gmt":"2017-07-03T00:00:00","slug":"la-viajera-que-promociona-a-ecuador-en-su-blog-de-turismo","status":"publish","type":"post","link":"https:\/\/www.ecuadortimes.net\/es\/la-viajera-que-promociona-a-ecuador-en-su-blog-de-turismo\/","title":{"rendered":"La viajera que promociona a Ecuador en su blog de turismo"},"content":{"rendered":"<p><img loading=\"lazy\" class=\"size-full wp-image-187506 aligncenter\" src=\"https:\/\/www.ecuadortimes.net\/es\/wp-content\/uploads\/2017\/07\/ECUADORTIMES_ECUADORNEWS_VIAJERA_PORMOCIONA_ECUADOR_BLOG_TURISTICO.png\" alt=\"\" width=\"813\" height=\"450\" \/><\/p>\n<p>&nbsp;<\/p>\n<p>&#8220;No te limites a so\u00f1ar, haz que suceda&#8221;. Con esa frase, el blog\u00a0<a href=\"http:\/\/www.visitecuadorandsouthamerica.com\/\" target=\"_blank\" rel=\"noopener noreferrer\">Visita Ecuador y Sudam\u00e9rica<\/a>\u00a0invita a sus seguidores a recorrer nuestro pa\u00eds, disfrutar de sus lugares tur\u00edsticos y platos tradicionales. La <strong>iniciativa fue de la ecuatoriana Cristina Pettersen Carpio en 2012<\/strong>, y en este a\u00f1o se le uni\u00f3 Ver\u00f3nica Cepeda.<\/p>\n<p>La pionera cuenta que desde muy joven viaj\u00f3 debido al &#8220;gran inter\u00e9s (de su familia) en la historia, la \u00a0naturaleza y su amor por viajar y conocer gente nueva&#8221;. <strong>Ella crey\u00f3 que su inter\u00e9s por aprender de otras personas, probar diferentes sabores, entre otras cosas que ofrecen los viajes, podr\u00eda interesarle tambi\u00e9n a otros. Entonces abri\u00f3 su p\u00e1gina.<\/strong><\/p>\n<p>&#8220;\u00bfPor qu\u00e9 elegir\u00a0<a href=\"http:\/\/www.eluniverso.com\/tema\/quito\" target=\"_self\" rel=\"noopener noreferrer\">Quito\u00a0<\/a>para vivir, trabajar y aprender espa\u00f1ol en Am\u00e9rica del Sur?&#8221;, es su m\u00e1s reciente art\u00edculo. Ah\u00ed entrevist\u00f3 a Tim White, un extranjero que se estableci\u00f3 en la capital de la Rep\u00fablica, y al que pregunt\u00f3 sus razones para establecerse en nuestro pa\u00eds.<\/p>\n<p>Vea tambi\u00e9n:\u00a0<a href=\"http:\/\/www.eluniverso.com\/noticias\/2017\/06\/30\/nota\/6256513\/ciudades-mundo-donde-resulta-mas-caro-vivir\" target=\"_self\" rel=\"noopener noreferrer\">Las ciudades del mundo donde resulta m\u00e1s caro vivir<\/a><\/p>\n<p>&#8220;Como muchos extranjeros que viven en Quito, vine a vivir aqu\u00ed porque el ritmo de vida aqu\u00ed es m\u00e1s lento que el de Europa o de los Estados. El hermoso clima; Quito tiene pocos insectos y tiene una temperatura suave todo el a\u00f1o, y por supuesto, debido a la interesante cultura de Am\u00e9rica Latina. Muchas personas encuentran que el costo de vida aqu\u00ed en Ecuador muy agradable&#8221;, fue la respuesta.<\/p>\n<p>Pero este portal no solo difunde material tur\u00edstico sino que ofrece a sus seguidores enlaces para aprender idiomas, encontrar aplicaciones para desplazarse en los recorridos, informaci\u00f3n sobre seguros de viaje, fotograf\u00edas, etc.\u00a0(I)<\/p>\n<p>&nbsp;<\/p>\n<p><strong>Fuente: <\/strong><a href=\"http:\/\/www.eluniverso.com\/entretenimiento\/2017\/07\/03\/nota\/6256735\/viajera-que-promociona-ecuador-su-blog-turismo\" target=\"_blank\" rel=\"noopener noreferrer\" data-saferedirecturl=\"https:\/\/www.google.com\/url?hl=es&amp;q=http:\/\/www.eluniverso.com\/entretenimiento\/2017\/07\/03\/nota\/6256735\/viajera-que-promociona-ecuador-su-blog-turismo&amp;source=gmail&amp;ust=1499173835571000&amp;usg=AFQjCNHNKyhRvNKKtI1iwQ9JWN1NsY5Rlw\">http:\/\/www.eluniverso.com\/<wbr \/>entretenimiento\/2017\/07\/03\/<wbr \/>nota\/6256735\/viajera-que-<wbr \/>promociona-ecuador-su-blog-<wbr \/>turismo<\/a><\/p>\n","protected":false},"excerpt":{"rendered":"<p>&nbsp; &#8220;No te limites a so\u00f1ar, haz que suceda&#8221;. Con esa frase, el blog\u00a0Visita Ecuador y Sudam\u00e9rica\u00a0invita a sus seguidores a recorrer nuestro pa\u00eds, disfrutar de sus lugares tur\u00edsticos y platos tradicionales. La iniciativa fue de la ecuatoriana Cristina Pettersen Carpio en 2012, y en este a\u00f1o se le uni\u00f3 Ver\u00f3nica Cepeda. La pionera cuenta que desde muy joven viaj\u00f3 debido al &#8220;gran inter\u00e9s (de su familia) en la historia, la \u00a0naturaleza y su amor por viajar y conocer gente nueva&#8221;. Ella crey\u00f3 que su inter\u00e9s por aprender de otras personas, probar diferentes sabores, entre otras cosas que ofrecen los viajes, podr\u00eda interesarle tambi\u00e9n a otros. Entonces abri\u00f3 su p\u00e1gina. &#8220;\u00bfPor qu\u00e9 elegir\u00a0Quito\u00a0para vivir, trabajar y aprender espa\u00f1ol en Am\u00e9rica del Sur?&#8221;, es su m\u00e1s reciente art\u00edculo. Ah\u00ed entrevist\u00f3 a Tim White, un extranjero que se estableci\u00f3 en la capital de la Rep\u00fablica, y al que pregunt\u00f3 sus razones para establecerse en nuestro pa\u00eds. Vea tambi\u00e9n:\u00a0Las ciudades del mundo donde resulta m\u00e1s caro vivir &#8220;Como muchos extranjeros que viven en Quito, vine a vivir aqu\u00ed porque el ritmo de vida aqu\u00ed es m\u00e1s lento que el de Europa o de los Estados. El hermoso clima; Quito tiene pocos insectos y tiene una temperatura suave todo el a\u00f1o, y por supuesto, debido a la interesante cultura de Am\u00e9rica Latina. Muchas personas encuentran que el costo de vida aqu\u00ed en Ecuador muy agradable&#8221;, fue la respuesta. Pero este portal no solo difunde material tur\u00edstico sino que ofrece a sus seguidores enlaces para aprender idiomas, encontrar aplicaciones para desplazarse en los recorridos, informaci\u00f3n sobre seguros de viaje, fotograf\u00edas, etc.\u00a0(I) &nbsp; Fuente: http:\/\/www.eluniverso.com\/entretenimiento\/2017\/07\/03\/nota\/6256735\/viajera-que-promociona-ecuador-su-blog-turismo<\/p>\n","protected":false},"author":1,"featured_media":0,"comment_status":"open","ping_status":"open","sticky":false,"template":"","format":"standard","meta":[],"categories":[54,47,44,42,35],"tags":[],"_links":{"self":[{"href":"https:\/\/www.ecuadortimes.net\/es\/wp-json\/wp\/v2\/posts\/244324"}],"collection":[{"href":"https:\/\/www.ecuadortimes.net\/es\/wp-json\/wp\/v2\/posts"}],"about":[{"href":"https:\/\/www.ecuadortimes.net\/es\/wp-json\/wp\/v2\/types\/post"}],"author":[{"embeddable":true,"href":"https:\/\/www.ecuadortimes.net\/es\/wp-json\/wp\/v2\/users\/1"}],"replies":[{"embeddable":true,"href":"https:\/\/www.ecuadortimes.net\/es\/wp-json\/wp\/v2\/comments?post=244324"}],"version-history":[{"count":0,"href":"https:\/\/www.ecuadortimes.net\/es\/wp-json\/wp\/v2\/posts\/244324\/revisions"}],"wp:attachment":[{"href":"https:\/\/www.ecuadortimes.net\/es\/wp-json\/wp\/v2\/media?parent=244324"}],"wp:term":[{"taxonomy":"category","embeddable":true,"href":"https:\/\/www.ecuadortimes.net\/es\/wp-json\/wp\/v2\/categories?post=244324"},{"taxonomy":"post_tag","embeddable":true,"href":"https:\/\/www.ecuadortimes.net\/es\/wp-json\/wp\/v2\/tags?post=244324"}],"curies":[{"name":"wp","href":"https:\/\/api.w.org\/{rel}","templated":true}]}}