{"id":244439,"date":"2017-07-07T00:00:00","date_gmt":"2017-07-07T00:00:00","guid":{"rendered":"https:\/\/www.ecuadortimes.net\/es\/el-75-de-los-condores-del-pais-se-encuentra-en-territorios-privados-y-el-25-en-estatales\/"},"modified":"2017-07-07T00:00:00","modified_gmt":"2017-07-07T00:00:00","slug":"el-75-de-los-condores-del-pais-se-encuentra-en-territorios-privados-y-el-25-en-estatales","status":"publish","type":"post","link":"https:\/\/www.ecuadortimes.net\/es\/el-75-de-los-condores-del-pais-se-encuentra-en-territorios-privados-y-el-25-en-estatales\/","title":{"rendered":"El 75% de los c\u00f3ndores del pa\u00eds se encuentra en territorios privados y el 25% en estatales"},"content":{"rendered":"<p><img loading=\"lazy\" class=\" wp-image-187678 aligncenter\" src=\"https:\/\/www.ecuadortimes.net\/es\/wp-content\/uploads\/2017\/07\/ECUADORTIMES_ECUADORNEWS_CONDORES_75_EN_TERRITORIOS_PRIVADOS_25_EN_ESTATALES.jpg\" alt=\"\" width=\"1014\" height=\"464\" \/><\/p>\n<p>&nbsp;<\/p>\n<p><strong>El c\u00f3ndor andino es m\u00e1s que un ave emblem\u00e1tica que reposa en lo alto del escudo del Ecuador<\/strong>. Su importancia en el ecosistema radica en su funci\u00f3n carro\u00f1era y procesadora\u00a0 de desperdicios, y en el destino final que da a la materia org\u00e1nica de los animales muertos en los p\u00e1ramos.\u00a0 \u00a0 Es similar a la que los recolectores de basura cumplen en la ciudad. Sin este servicio, la descomposici\u00f3n\u00a0 podr\u00eda demorar muchos d\u00edas y ser un foco de infecci\u00f3n\u009d, explica el ornit\u00f3logo Juan Carri\u00f3n.<\/p>\n<p>El primer censo del c\u00f3ndor andino, realizado en 2015, estima que la poblaci\u00f3n de esta especie llega a 102 individuos (en estado silvestre). De estos se sabe que 30 son machos y 36 hembras; del resto no se ha determinado el sexo. Adem\u00e1s, el 65% es adulto y el 35% inmaduro. De igual manera, 20 ejemplares est\u00e1n bajo cuidado humano, pues fueron rescatados y se encuentran en seis unidades de manejo de fauna silvestre, las cuales est\u00e1n distribuidas en la regi\u00f3n interandina: Zuleta, Otavalo, Guayllabamba, Cotopaxi, Cuenca y Ba\u00f1os. La mayor parte de los c\u00f3ndores que est\u00e1n en estos espacios fueron rescatados y presentaban heridas, producto de perdigones\u009d, detalla. La mayor\u00eda de la poblaci\u00f3n, seg\u00fan observaciones, se halla en Pichincha. La Reserva Ecol\u00f3gica Antisana es el santuario\u009d para la conservaci\u00f3n de la especie. Concentra, al menos, el 30% de los ejemplares.<\/p>\n<p>Para evitar que la poblaci\u00f3n desaparezca de los p\u00e1ramos, el grupo de trabajo del c\u00f3ndor andino estableci\u00f3 una estrategia de protecci\u00f3n. En los \u00faltimos cinco a\u00f1os se hizo el marcaje de 12 espec\u00edmenes: nueve con rastreadores satelitales y tres con bandas alares para conseguir mayor informaci\u00f3n de los dormideros y sitios en los que anidan. La mayor parte de las \u00e1reas de alimentaci\u00f3n o dormideros de los c\u00f3ndores, en el 75%, se encuentra en las \u00e1reas privadas y el 25% en los espacios protegidos por el Estado, lo que implica la urgencia de proteger al ave en estos espacios\u009d, precisa Hern\u00e1n Vargas, investigador cient\u00edfico del Fondo Peregrino del Grupo C\u00f3ndor. Pero Vargas considera que el ave es m\u00e1s vulnerable en los espacios privados, porque se ha comprobado que el c\u00f3ndor puede atacar y matar a terneros de hasta dos meses de edad. Perder una cabeza de ganado, en espacios con pocas, es una afectaci\u00f3n enorme y, por ello, los due\u00f1os podr\u00edan tomar represalias contra los c\u00f3ndores\u009d.<\/p>\n<p>El rastreo satelital evidenci\u00f3, adem\u00e1s, que estas aves se desplazan a lo largo de todo el callej\u00f3n interandino, desde la provincia de Nari\u00f1o, en Colombia, hasta Loja, en Ecuador. Semanalmente el c\u00f3ndor recorre distancias equivalentes a 10 provincias andinas. Las aves marcadas en Zuleta, por ejemplo, van tanto al norte como al sur y se requieren esfuerzos interprovinciales y binacionales con el pa\u00eds vecino para proteger a la especie\u009d.\u00a0 \u00a0 Actualmente, Vargas prepara una propuesta para el <strong>Ministerio del Ambiente (MAE)<\/strong>, con el fin de que no erradique totalmente la presencia de ganado vacuno en las \u00e1reas protegidas, porque esto, seg\u00fan el investigador,\u00a0 obligar\u00eda a las aves a incrementar las visitas a las zonas privadas. Lo que les voy a plantear es que se considere una carga m\u00ednima de ganado vacuno en las \u00e1reas protegidas para proporcionar alimento a los c\u00f3ndores y que no vayan a las zonas donde ser\u00edan m\u00e1s vulnerables; o a su vez que se reintroduzcan llamas, alpacas o vicu\u00f1as al p\u00e1ramo para que de esa manera se garantice la disponibilidad de alimento para la especie\u009d.<\/p>\n<p>Los humanos cuidan a ejemplares para reinsertarlos en bosques En noviembre de 2016 se liberaron tres c\u00f3ndores criados bajo cuidado humano para intentar reintroducirlos a su h\u00e1bitat: Huayra, Killary y Churi, de 6, 4 y 1 a\u00f1o de vida, respectivamente. Dos de ellos, no lograron sobrevivir porque no fueron capaces de conseguir sus alimentos dentro del p\u00e1ramo de Zuleta (Imbabura) en el que fueron liberados. A pesar de que se les coloc\u00f3 cerca comida, no pudieron subsistir, porque desarrollaron dependencia a esperar su alimento y no buscarlo. Al parecer, fue un bosque muy espeso\u009d, cont\u00f3 Carri\u00f3n. El \u00fanico que est\u00e1 con vida porque fue recapturado es Killary. Actualmente, la especie est\u00e1 en peligro cr\u00edtico de extinci\u00f3n y pone huevo cada dos a\u00f1os (la incubaci\u00f3n toma 75 d\u00edas). (I).<\/p>\n<p>&nbsp;<\/p>\n<p><img loading=\"lazy\" class=\"size-full wp-image-187693 aligncenter\" src=\"https:\/\/www.ecuadortimes.net\/es\/wp-content\/uploads\/2017\/07\/ECUADORTIMES_ECUADORNEWS_CONDORES_75_EN_TERRITORIOS_PRIVADOS_25_EN_ESTATALES_CARACTERISTICAS.jpg\" alt=\"\" width=\"880\" height=\"831\" \/><\/p>\n<p>&nbsp;<\/p>\n<p><strong>Fuente: <\/strong><a href=\"http:\/\/www.eltelegrafo.com.ec\/noticias\/sociedad\/4\/el-75-de-los-condores-del-pais-se-encuentra-en-territorios-privados-y-el-25-en-estatales\" target=\"_blank\" rel=\"noopener noreferrer\">http:\/\/www.eltelegrafo.com.ec\/noticias\/sociedad\/4\/el-75-de-los-condores-del-pais-se-encuentra-en-territorios-privados-y-el-25-en-estatales<\/a><\/p>\n","protected":false},"excerpt":{"rendered":"<p>&nbsp; El c\u00f3ndor andino es m\u00e1s que un ave emblem\u00e1tica que reposa en lo alto del escudo del Ecuador. Su importancia en el ecosistema radica en su funci\u00f3n carro\u00f1era y procesadora\u00a0 de desperdicios, y en el destino final que da a la materia org\u00e1nica de los animales muertos en los p\u00e1ramos.\u00a0 \u00a0 Es similar a la que los recolectores de basura cumplen en la ciudad. Sin este servicio, la descomposici\u00f3n\u00a0 podr\u00eda demorar muchos d\u00edas y ser un foco de infecci\u00f3n\u009d, explica el ornit\u00f3logo Juan Carri\u00f3n. El primer censo del c\u00f3ndor andino, realizado en 2015, estima que la poblaci\u00f3n de esta especie llega a 102 individuos (en estado silvestre). De estos se sabe que 30 son machos y 36 hembras; del resto no se ha determinado el sexo. Adem\u00e1s, el 65% es adulto y el 35% inmaduro. De igual manera, 20 ejemplares est\u00e1n bajo cuidado humano, pues fueron rescatados y se encuentran en seis unidades de manejo de fauna silvestre, las cuales est\u00e1n distribuidas en la regi\u00f3n interandina: Zuleta, Otavalo, Guayllabamba, Cotopaxi, Cuenca y Ba\u00f1os. La mayor parte de los c\u00f3ndores que est\u00e1n en estos espacios fueron rescatados y presentaban heridas, producto de perdigones\u009d, detalla. La mayor\u00eda de la poblaci\u00f3n, seg\u00fan observaciones, se halla en Pichincha. La Reserva Ecol\u00f3gica Antisana es el santuario\u009d para la conservaci\u00f3n de la especie. Concentra, al menos, el 30% de los ejemplares. Para evitar que la poblaci\u00f3n desaparezca de los p\u00e1ramos, el grupo de trabajo del c\u00f3ndor andino estableci\u00f3 una estrategia de protecci\u00f3n. En los \u00faltimos cinco a\u00f1os se hizo el marcaje de 12 espec\u00edmenes: nueve con rastreadores satelitales y tres con bandas alares para conseguir mayor informaci\u00f3n de los dormideros y sitios en los que anidan. La mayor parte de las \u00e1reas de alimentaci\u00f3n o dormideros de los c\u00f3ndores, en el 75%, se encuentra en las \u00e1reas privadas y el 25% en los espacios protegidos por el Estado, lo que implica la urgencia de proteger al ave en estos espacios\u009d, precisa Hern\u00e1n Vargas, investigador cient\u00edfico del Fondo Peregrino del Grupo C\u00f3ndor. Pero Vargas considera que el ave es m\u00e1s vulnerable en los espacios privados, porque se ha comprobado que el c\u00f3ndor puede atacar y matar a terneros de hasta dos meses de edad. Perder una cabeza de ganado, en espacios con pocas, es una afectaci\u00f3n enorme y, por ello, los due\u00f1os podr\u00edan tomar represalias contra los c\u00f3ndores\u009d. El rastreo satelital evidenci\u00f3, adem\u00e1s, que estas aves se desplazan a lo largo de todo el callej\u00f3n interandino, desde la provincia de Nari\u00f1o, en Colombia, hasta Loja, en Ecuador. Semanalmente el c\u00f3ndor recorre distancias equivalentes a 10 provincias andinas. Las aves marcadas en Zuleta, por ejemplo, van tanto al norte como al sur y se requieren esfuerzos interprovinciales y binacionales con el pa\u00eds vecino para proteger a la especie\u009d.\u00a0 \u00a0 Actualmente, Vargas prepara una propuesta para el Ministerio del Ambiente (MAE), con el fin de que no erradique totalmente la presencia de ganado vacuno en las \u00e1reas protegidas, porque esto, seg\u00fan el investigador,\u00a0 obligar\u00eda a las aves a incrementar las visitas a las zonas privadas. Lo que les voy a plantear es que se considere una carga m\u00ednima de ganado vacuno en las \u00e1reas protegidas para proporcionar alimento a los c\u00f3ndores y que no vayan a las zonas donde ser\u00edan m\u00e1s vulnerables; o a su vez que se reintroduzcan llamas, alpacas o vicu\u00f1as al p\u00e1ramo para que de esa manera se garantice la disponibilidad de alimento para la especie\u009d. Los humanos cuidan a ejemplares para reinsertarlos en bosques En noviembre de 2016 se liberaron tres c\u00f3ndores criados bajo cuidado humano para intentar reintroducirlos a su h\u00e1bitat: Huayra, Killary y Churi, de 6, 4 y 1 a\u00f1o de vida, respectivamente. Dos de ellos, no lograron sobrevivir porque no fueron capaces de conseguir sus alimentos dentro del p\u00e1ramo de Zuleta (Imbabura) en el que fueron liberados. A pesar de que se les coloc\u00f3 cerca comida, no pudieron subsistir, porque desarrollaron dependencia a esperar su alimento y no buscarlo. Al parecer, fue un bosque muy espeso\u009d, cont\u00f3 Carri\u00f3n. El \u00fanico que est\u00e1 con vida porque fue recapturado es Killary. Actualmente, la especie est\u00e1 en peligro cr\u00edtico de extinci\u00f3n y pone huevo cada dos a\u00f1os (la incubaci\u00f3n toma 75 d\u00edas). (I). &nbsp; &nbsp; Fuente: http:\/\/www.eltelegrafo.com.ec\/noticias\/sociedad\/4\/el-75-de-los-condores-del-pais-se-encuentra-en-territorios-privados-y-el-25-en-estatales<\/p>\n","protected":false},"author":1,"featured_media":244440,"comment_status":"open","ping_status":"open","sticky":false,"template":"","format":"standard","meta":[],"categories":[54,32,35],"tags":[],"_links":{"self":[{"href":"https:\/\/www.ecuadortimes.net\/es\/wp-json\/wp\/v2\/posts\/244439"}],"collection":[{"href":"https:\/\/www.ecuadortimes.net\/es\/wp-json\/wp\/v2\/posts"}],"about":[{"href":"https:\/\/www.ecuadortimes.net\/es\/wp-json\/wp\/v2\/types\/post"}],"author":[{"embeddable":true,"href":"https:\/\/www.ecuadortimes.net\/es\/wp-json\/wp\/v2\/users\/1"}],"replies":[{"embeddable":true,"href":"https:\/\/www.ecuadortimes.net\/es\/wp-json\/wp\/v2\/comments?post=244439"}],"version-history":[{"count":0,"href":"https:\/\/www.ecuadortimes.net\/es\/wp-json\/wp\/v2\/posts\/244439\/revisions"}],"wp:featuredmedia":[{"embeddable":true,"href":"https:\/\/www.ecuadortimes.net\/es\/wp-json\/wp\/v2\/media\/244440"}],"wp:attachment":[{"href":"https:\/\/www.ecuadortimes.net\/es\/wp-json\/wp\/v2\/media?parent=244439"}],"wp:term":[{"taxonomy":"category","embeddable":true,"href":"https:\/\/www.ecuadortimes.net\/es\/wp-json\/wp\/v2\/categories?post=244439"},{"taxonomy":"post_tag","embeddable":true,"href":"https:\/\/www.ecuadortimes.net\/es\/wp-json\/wp\/v2\/tags?post=244439"}],"curies":[{"name":"wp","href":"https:\/\/api.w.org\/{rel}","templated":true}]}}