{"id":244862,"date":"2017-08-01T00:00:00","date_gmt":"2017-08-01T00:00:00","guid":{"rendered":"https:\/\/www.ecuadortimes.net\/es\/oglobo-publica-audio-donde-supuestamente-se-revela-que-carlos-polit-recibia-dinero-en-efectivo-de-odebrecht\/"},"modified":"2017-08-01T00:00:00","modified_gmt":"2017-08-01T00:00:00","slug":"oglobo-publica-audio-donde-supuestamente-se-revela-que-carlos-polit-recibia-dinero-en-efectivo-de-odebrecht","status":"publish","type":"post","link":"https:\/\/www.ecuadortimes.net\/es\/oglobo-publica-audio-donde-supuestamente-se-revela-que-carlos-polit-recibia-dinero-en-efectivo-de-odebrecht\/","title":{"rendered":"O&#8217;Globo publica audio donde supuestamente se revela que Carlos P\u00f3lit recib\u00eda dinero en efectivo de Odebrecht"},"content":{"rendered":"<p><iframe loading=\"lazy\" src=\"https:\/\/www.youtube.com\/embed\/rSLwb2p9QCw\" width=\"560\" height=\"315\" frameborder=\"0\" allowfullscreen=\"allowfullscreen\"><\/iframe><br \/>\nEl <a href=\"https:\/\/oglobo.globo.com\/brasil\/odebrecht-grampeou-subornou-controlador-geral-do-equador-ouca-audio-21653667\" target=\"_blank\" rel=\"noopener noreferrer\">diario brasile\u00f1o O&#8217;Globo public\u00f3 este martes una grabaci\u00f3n de audio<\/a> sobre una conversaci\u00f3n sostenida entre el excontralor general del Estado <strong>Carlos P\u00f3lit Faggioni<\/strong> y el alto ejecutivo internacional de Odebrecht Jos\u00e9 Concei\u00c3\u00a7\u00c3\u00a3o dos Santos Filho.<\/p>\n<p>En la publicaci\u00f3n, <strong>O&#8217;Globo<\/strong> indica que hace exactamente un a\u00f1o Concei\u00c3\u00a7\u00c3\u00a3o dos Santos, director de <a href=\"http:\/\/www.eluniverso.com\/tema\/caso-odebrecht-ecuador\">Odebrecht en Ecuador<\/a> desde 1994, era uno de los cerca de 15 ejecutivos internacionales de la empresa que silenciosamente se preparaban para delatar.<\/p>\n<p>&#8220;Hab\u00eda reunido pruebas documentales para intentar probar que la empresa hab\u00eda vencido licitaciones y logr\u00f3 adelantar pagos por medio de tasas&#8221;, pero faltaban pruebas concretas para hacer irrecusable al Ministerio P\u00fablico Federal de Brasil (MPF) su propuesta de delaci\u00f3n, se\u00f1ala el medio de comunicaci\u00f3n.<\/p>\n<p>Una de las principales autoridades grabadas por Concei\u00c3\u00a7\u00c3\u00a3o dos Santos fue Carlos P\u00f3lit, el Contralor General de Ecuador durante diez a\u00f1os, y responsable de comandar la investigaci\u00f3n que llev\u00f3 a la expulsi\u00f3n de Odebrecht por el expresidente Rafael Correa. (I)<\/p>\n<p>&nbsp;<\/p>\n<p><strong>Fuente: <\/strong><a href=\"http:\/\/www.eluniverso.com\/noticias\/2017\/08\/01\/nota\/6309547\/diario-oglobo-publica-audio-supuesta-conversacion-carlos-polit\" target=\"_blank\" rel=\"noopener noreferrer\">http:\/\/www.eluniverso.com\/noticias\/2017\/08\/01\/nota\/6309547\/diario-oglobo-publica-audio-supuesta-conversacion-carlos-polit<\/a><\/p>\n","protected":false},"excerpt":{"rendered":"<p>El diario brasile\u00f1o O&#8217;Globo public\u00f3 este martes una grabaci\u00f3n de audio sobre una conversaci\u00f3n sostenida entre el excontralor general del Estado Carlos P\u00f3lit Faggioni y el alto ejecutivo internacional de Odebrecht Jos\u00e9 Concei\u00c3\u00a7\u00c3\u00a3o dos Santos Filho. En la publicaci\u00f3n, O&#8217;Globo indica que hace exactamente un a\u00f1o Concei\u00c3\u00a7\u00c3\u00a3o dos Santos, director de Odebrecht en Ecuador desde 1994, era uno de los cerca de 15 ejecutivos internacionales de la empresa que silenciosamente se preparaban para delatar. &#8220;Hab\u00eda reunido pruebas documentales para intentar probar que la empresa hab\u00eda vencido licitaciones y logr\u00f3 adelantar pagos por medio de tasas&#8221;, pero faltaban pruebas concretas para hacer irrecusable al Ministerio P\u00fablico Federal de Brasil (MPF) su propuesta de delaci\u00f3n, se\u00f1ala el medio de comunicaci\u00f3n. Una de las principales autoridades grabadas por Concei\u00c3\u00a7\u00c3\u00a3o dos Santos fue Carlos P\u00f3lit, el Contralor General de Ecuador durante diez a\u00f1os, y responsable de comandar la investigaci\u00f3n que llev\u00f3 a la expulsi\u00f3n de Odebrecht por el expresidente Rafael Correa. (I) &nbsp; Fuente: http:\/\/www.eluniverso.com\/noticias\/2017\/08\/01\/nota\/6309547\/diario-oglobo-publica-audio-supuesta-conversacion-carlos-polit<\/p>\n","protected":false},"author":1,"featured_media":0,"comment_status":"open","ping_status":"open","sticky":false,"template":"","format":"standard","meta":[],"categories":[54,32,40,35,56],"tags":[],"_links":{"self":[{"href":"https:\/\/www.ecuadortimes.net\/es\/wp-json\/wp\/v2\/posts\/244862"}],"collection":[{"href":"https:\/\/www.ecuadortimes.net\/es\/wp-json\/wp\/v2\/posts"}],"about":[{"href":"https:\/\/www.ecuadortimes.net\/es\/wp-json\/wp\/v2\/types\/post"}],"author":[{"embeddable":true,"href":"https:\/\/www.ecuadortimes.net\/es\/wp-json\/wp\/v2\/users\/1"}],"replies":[{"embeddable":true,"href":"https:\/\/www.ecuadortimes.net\/es\/wp-json\/wp\/v2\/comments?post=244862"}],"version-history":[{"count":0,"href":"https:\/\/www.ecuadortimes.net\/es\/wp-json\/wp\/v2\/posts\/244862\/revisions"}],"wp:attachment":[{"href":"https:\/\/www.ecuadortimes.net\/es\/wp-json\/wp\/v2\/media?parent=244862"}],"wp:term":[{"taxonomy":"category","embeddable":true,"href":"https:\/\/www.ecuadortimes.net\/es\/wp-json\/wp\/v2\/categories?post=244862"},{"taxonomy":"post_tag","embeddable":true,"href":"https:\/\/www.ecuadortimes.net\/es\/wp-json\/wp\/v2\/tags?post=244862"}],"curies":[{"name":"wp","href":"https:\/\/api.w.org\/{rel}","templated":true}]}}