{"id":244865,"date":"2017-08-02T00:00:00","date_gmt":"2017-08-02T00:00:00","guid":{"rendered":"https:\/\/www.ecuadortimes.net\/es\/plan-casa-para-todos-inicia-en-manabi\/"},"modified":"2017-08-02T00:00:00","modified_gmt":"2017-08-02T00:00:00","slug":"plan-casa-para-todos-inicia-en-manabi","status":"publish","type":"post","link":"https:\/\/www.ecuadortimes.net\/es\/plan-casa-para-todos-inicia-en-manabi\/","title":{"rendered":"Plan Casa Para Todos inicia en Manab\u00ed"},"content":{"rendered":"<p><img loading=\"lazy\" class=\"size-full wp-image-188416 aligncenter\" src=\"https:\/\/www.ecuadortimes.net\/es\/wp-content\/uploads\/2017\/08\/ECUADORTIMES_ECUADORNEWS_PLAN_CASA_PARA_TODOS_INICIA_MANABI.jpg\" alt=\"\" width=\"762\" height=\"428\" \/><\/p>\n<p>&nbsp;<\/p>\n<p>El presidente<b>\u00a0Len\u00edn Moreno<\/b>\u00a0di\u00f3 por iniciado este martes 1 de agosto el<b>\u00a0Plan \u0098Casa Para Todos\u0099<\/b>\u00a0en la provincia de Manab\u00ed.<\/p>\n<p>El mandatario acudi\u00f3 a los sectores de\u00a0<b>San Alejo (Portoviejo)<\/b>\u00a0y\u00a0<b>Ceibos Renacer (Manta)\u00a0<\/b>donde se realiz\u00f3 el lanzamiento simult\u00e1neo del plan habitacional.<\/p>\n<p>En Portoviejo arrancar\u00e1 con la construcci\u00f3n de aproximadamente\u00a0<b>360 viviendas<\/b>, mientras que en Manta se edificar\u00e1n 160. La inversi\u00f3n ser\u00e1 de aproximadamente $10 millones en ambos cantones manabitas.<\/p>\n<p>Moreno destac\u00f3 que con el \u0098Plan Casa Para Todos\u0099 dinamizaremos la econom\u00eda al utilizar productos y mano de obra del Ecuador\u009d.<\/p>\n<p>Seg\u00fan Irina Cabezas, Secretaria T\u00e9cnica del Plan \u0098Toda una Vida\u0099, se construir\u00e1n<b>\u00a050 mil casas\u00a0<\/b>hasta mayo de 2018. Se priorizar\u00e1 a las personas con discapcidad como beneficiarios de este programa\u009d acot\u00f3 la funcionaria.<\/p>\n<p>El proyecto de vivienda se ejecutar\u00e1 en todo el territorio nacional y generar\u00e1 m\u00e1s de 135 mil fuentes de empleo, seg\u00fan Cabezas. (I)<\/p>\n<p>&nbsp;<\/p>\n<p>&nbsp;<\/p>\n<p><strong>Fuente: <\/strong><a href=\"http:\/\/www.expreso.ec\/actualidad\/ecuador-manabi-plancasaparatodos-viviendas-leninmoreno-EM1592341\" target=\"_blank\" rel=\"noopener noreferrer\">http:\/\/www.expreso.ec\/actualidad\/ecuador-manabi-plancasaparatodos-viviendas-leninmoreno-EM1592341<\/a><\/p>\n","protected":false},"excerpt":{"rendered":"<p>&nbsp; El presidente\u00a0Len\u00edn Moreno\u00a0di\u00f3 por iniciado este martes 1 de agosto el\u00a0Plan \u0098Casa Para Todos\u0099\u00a0en la provincia de Manab\u00ed. El mandatario acudi\u00f3 a los sectores de\u00a0San Alejo (Portoviejo)\u00a0y\u00a0Ceibos Renacer (Manta)\u00a0donde se realiz\u00f3 el lanzamiento simult\u00e1neo del plan habitacional. En Portoviejo arrancar\u00e1 con la construcci\u00f3n de aproximadamente\u00a0360 viviendas, mientras que en Manta se edificar\u00e1n 160. La inversi\u00f3n ser\u00e1 de aproximadamente $10 millones en ambos cantones manabitas. Moreno destac\u00f3 que con el \u0098Plan Casa Para Todos\u0099 dinamizaremos la econom\u00eda al utilizar productos y mano de obra del Ecuador\u009d. Seg\u00fan Irina Cabezas, Secretaria T\u00e9cnica del Plan \u0098Toda una Vida\u0099, se construir\u00e1n\u00a050 mil casas\u00a0hasta mayo de 2018. Se priorizar\u00e1 a las personas con discapcidad como beneficiarios de este programa\u009d acot\u00f3 la funcionaria. El proyecto de vivienda se ejecutar\u00e1 en todo el territorio nacional y generar\u00e1 m\u00e1s de 135 mil fuentes de empleo, seg\u00fan Cabezas. (I) &nbsp; &nbsp; Fuente: http:\/\/www.expreso.ec\/actualidad\/ecuador-manabi-plancasaparatodos-viviendas-leninmoreno-EM1592341<\/p>\n","protected":false},"author":1,"featured_media":244866,"comment_status":"open","ping_status":"open","sticky":false,"template":"","format":"standard","meta":[],"categories":[54,32,40,35],"tags":[],"_links":{"self":[{"href":"https:\/\/www.ecuadortimes.net\/es\/wp-json\/wp\/v2\/posts\/244865"}],"collection":[{"href":"https:\/\/www.ecuadortimes.net\/es\/wp-json\/wp\/v2\/posts"}],"about":[{"href":"https:\/\/www.ecuadortimes.net\/es\/wp-json\/wp\/v2\/types\/post"}],"author":[{"embeddable":true,"href":"https:\/\/www.ecuadortimes.net\/es\/wp-json\/wp\/v2\/users\/1"}],"replies":[{"embeddable":true,"href":"https:\/\/www.ecuadortimes.net\/es\/wp-json\/wp\/v2\/comments?post=244865"}],"version-history":[{"count":0,"href":"https:\/\/www.ecuadortimes.net\/es\/wp-json\/wp\/v2\/posts\/244865\/revisions"}],"wp:featuredmedia":[{"embeddable":true,"href":"https:\/\/www.ecuadortimes.net\/es\/wp-json\/wp\/v2\/media\/244866"}],"wp:attachment":[{"href":"https:\/\/www.ecuadortimes.net\/es\/wp-json\/wp\/v2\/media?parent=244865"}],"wp:term":[{"taxonomy":"category","embeddable":true,"href":"https:\/\/www.ecuadortimes.net\/es\/wp-json\/wp\/v2\/categories?post=244865"},{"taxonomy":"post_tag","embeddable":true,"href":"https:\/\/www.ecuadortimes.net\/es\/wp-json\/wp\/v2\/tags?post=244865"}],"curies":[{"name":"wp","href":"https:\/\/api.w.org\/{rel}","templated":true}]}}