{"id":244867,"date":"2017-08-02T00:00:00","date_gmt":"2017-08-02T00:00:00","guid":{"rendered":"https:\/\/www.ecuadortimes.net\/es\/ecuador-buscara-acuerdo-comercial-con-los-estados-unidos-desde-septiembre\/"},"modified":"2017-08-02T00:00:00","modified_gmt":"2017-08-02T00:00:00","slug":"ecuador-buscara-acuerdo-comercial-con-los-estados-unidos-desde-septiembre","status":"publish","type":"post","link":"https:\/\/www.ecuadortimes.net\/es\/ecuador-buscara-acuerdo-comercial-con-los-estados-unidos-desde-septiembre\/","title":{"rendered":"Ecuador buscar\u00e1 acuerdo comercial con los Estados Unidos desde septiembre"},"content":{"rendered":"<p><img loading=\"lazy\" class=\"size-full wp-image-188407 aligncenter\" src=\"https:\/\/www.ecuadortimes.net\/es\/wp-content\/uploads\/2017\/08\/ECUADORTIMES_ECUADORNEWS_ECUADOR_BUSCA_ACUERDO_COMERCIAL_DESDE_SEPTIEMBRE.jpg\" alt=\"\" width=\"676\" height=\"450\" \/><\/p>\n<p>&nbsp;<\/p>\n<p>Uno de los pedidos recurrentes del sector productivo, sobre todo de los exportadores, el f<strong>irmar un acuerdo comercial<\/strong> con el principal socio en esa materia para <strong>Ecuador, los Estados Unidos<\/strong>, empezar\u00eda a cristalizarse en septiembre pr\u00f3ximo.<\/p>\n<p>As\u00ed lo anunci\u00f3 ayer el <strong>ministro de Comercio Exterior, Pablo Campana<\/strong>, durante una mesa de di\u00e1logo con empresarios vinculados al sector externo, en el <strong>auditorio de la Asamblea Nacional<\/strong>, en Guayaquil.<\/p>\n<p>Vamos a hacer una visita en el mes de septiembre a los Estados Unidos, a Nueva York, Washington y Chicago, sector p\u00fablico de la mano con el sector privado, vamos a viajar y vamos a proponer un acuerdo comercial con los Estados Unidos, adicionalmente con Rusia y Jap\u00f3n que estaremos visitando a fines de septiembre y los primeros d\u00edas de octubre&#8230;\u009d, se\u00f1al\u00f3 el funcionario.<\/p>\n<p>Agreg\u00f3 que para esto ya se reuni\u00f3 con el embajador de Estados Unidos en Ecuador, Tood Chapman, a quien adem\u00e1s le solicit\u00f3 la renovaci\u00f3n del SGP (sistema de preferencias arancelarias que termina en diciembre).<\/p>\n<p>Explic\u00f3 que los nuevos acuerdos comerciales son la \u00fanica manera de sostener la dolarizaci\u00f3n a largo plazo\u009d, adem\u00e1s de atraer inversi\u00f3n privada directa, a la vez que lament\u00f3 que en el pasado no hubo buenos resultados en la atracci\u00f3n de inversiones&#8230;\u009d, pero asegur\u00f3 que ahora el pa\u00eds est\u00e1 abierto a revisar sus pol\u00edticas p\u00fablicas.<\/p>\n<p>No podemos aceptar que en nuestro pa\u00eds haya solo $ 700 millones de inversi\u00f3n por a\u00f1o, cuando en el vecino del sur tenemos $ 7 mil millones y en el del norte $ 14 mil millones, algo estamos haciendo mal que tenemos que corregir\u009d, dijo el ministro.<\/p>\n<p>Eduardo Ledesma, presidente de la Asociaci\u00f3n de Exportadores de Banano, quien estuvo en la mesa de di\u00e1logo, calific\u00f3 como prioritario un acuerdo con Estados Unidos.<\/p>\n<p>Explic\u00f3 que, pese a que ingresan a ese pa\u00eds con cero arancel, en los dos \u00faltimos a\u00f1os la presencia del banano ecuatoriano baj\u00f3 del 25% al 9% y proyecta que para el 2018 decrezca al 5% por problemas como la tramitolog\u00eda y los altos costos de producci\u00f3n. En tanto, Ledesma estim\u00f3 que este a\u00f1o se producir\u00edan cerca de 325 millones de cajas de banano. (I)<\/p>\n<p>&nbsp;<\/p>\n<p>&nbsp;<\/p>\n<p><strong>Fuente: <\/strong><a href=\"http:\/\/www.eluniverso.com\/noticias\/2017\/08\/02\/nota\/6310123\/ecuador-buscara-acuerdo-comercial-estados-unidos-septiembre\" target=\"_blank\" rel=\"noopener noreferrer\">http:\/\/www.eluniverso.com\/noticias\/2017\/08\/02\/nota\/6310123\/ecuador-buscara-acuerdo-comercial-estados-unidos-septiembre<\/a><\/p>\n","protected":false},"excerpt":{"rendered":"<p>&nbsp; Uno de los pedidos recurrentes del sector productivo, sobre todo de los exportadores, el firmar un acuerdo comercial con el principal socio en esa materia para Ecuador, los Estados Unidos, empezar\u00eda a cristalizarse en septiembre pr\u00f3ximo. As\u00ed lo anunci\u00f3 ayer el ministro de Comercio Exterior, Pablo Campana, durante una mesa de di\u00e1logo con empresarios vinculados al sector externo, en el auditorio de la Asamblea Nacional, en Guayaquil. Vamos a hacer una visita en el mes de septiembre a los Estados Unidos, a Nueva York, Washington y Chicago, sector p\u00fablico de la mano con el sector privado, vamos a viajar y vamos a proponer un acuerdo comercial con los Estados Unidos, adicionalmente con Rusia y Jap\u00f3n que estaremos visitando a fines de septiembre y los primeros d\u00edas de octubre&#8230;\u009d, se\u00f1al\u00f3 el funcionario. Agreg\u00f3 que para esto ya se reuni\u00f3 con el embajador de Estados Unidos en Ecuador, Tood Chapman, a quien adem\u00e1s le solicit\u00f3 la renovaci\u00f3n del SGP (sistema de preferencias arancelarias que termina en diciembre). Explic\u00f3 que los nuevos acuerdos comerciales son la \u00fanica manera de sostener la dolarizaci\u00f3n a largo plazo\u009d, adem\u00e1s de atraer inversi\u00f3n privada directa, a la vez que lament\u00f3 que en el pasado no hubo buenos resultados en la atracci\u00f3n de inversiones&#8230;\u009d, pero asegur\u00f3 que ahora el pa\u00eds est\u00e1 abierto a revisar sus pol\u00edticas p\u00fablicas. No podemos aceptar que en nuestro pa\u00eds haya solo $ 700 millones de inversi\u00f3n por a\u00f1o, cuando en el vecino del sur tenemos $ 7 mil millones y en el del norte $ 14 mil millones, algo estamos haciendo mal que tenemos que corregir\u009d, dijo el ministro. Eduardo Ledesma, presidente de la Asociaci\u00f3n de Exportadores de Banano, quien estuvo en la mesa de di\u00e1logo, calific\u00f3 como prioritario un acuerdo con Estados Unidos. Explic\u00f3 que, pese a que ingresan a ese pa\u00eds con cero arancel, en los dos \u00faltimos a\u00f1os la presencia del banano ecuatoriano baj\u00f3 del 25% al 9% y proyecta que para el 2018 decrezca al 5% por problemas como la tramitolog\u00eda y los altos costos de producci\u00f3n. En tanto, Ledesma estim\u00f3 que este a\u00f1o se producir\u00edan cerca de 325 millones de cajas de banano. (I) &nbsp; &nbsp; Fuente: http:\/\/www.eluniverso.com\/noticias\/2017\/08\/02\/nota\/6310123\/ecuador-buscara-acuerdo-comercial-estados-unidos-septiembre<\/p>\n","protected":false},"author":1,"featured_media":244868,"comment_status":"open","ping_status":"open","sticky":false,"template":"","format":"standard","meta":[],"categories":[54,32,33,43,35],"tags":[],"_links":{"self":[{"href":"https:\/\/www.ecuadortimes.net\/es\/wp-json\/wp\/v2\/posts\/244867"}],"collection":[{"href":"https:\/\/www.ecuadortimes.net\/es\/wp-json\/wp\/v2\/posts"}],"about":[{"href":"https:\/\/www.ecuadortimes.net\/es\/wp-json\/wp\/v2\/types\/post"}],"author":[{"embeddable":true,"href":"https:\/\/www.ecuadortimes.net\/es\/wp-json\/wp\/v2\/users\/1"}],"replies":[{"embeddable":true,"href":"https:\/\/www.ecuadortimes.net\/es\/wp-json\/wp\/v2\/comments?post=244867"}],"version-history":[{"count":0,"href":"https:\/\/www.ecuadortimes.net\/es\/wp-json\/wp\/v2\/posts\/244867\/revisions"}],"wp:featuredmedia":[{"embeddable":true,"href":"https:\/\/www.ecuadortimes.net\/es\/wp-json\/wp\/v2\/media\/244868"}],"wp:attachment":[{"href":"https:\/\/www.ecuadortimes.net\/es\/wp-json\/wp\/v2\/media?parent=244867"}],"wp:term":[{"taxonomy":"category","embeddable":true,"href":"https:\/\/www.ecuadortimes.net\/es\/wp-json\/wp\/v2\/categories?post=244867"},{"taxonomy":"post_tag","embeddable":true,"href":"https:\/\/www.ecuadortimes.net\/es\/wp-json\/wp\/v2\/tags?post=244867"}],"curies":[{"name":"wp","href":"https:\/\/api.w.org\/{rel}","templated":true}]}}