{"id":244879,"date":"2017-08-02T00:00:00","date_gmt":"2017-08-02T00:00:00","guid":{"rendered":"https:\/\/www.ecuadortimes.net\/es\/minera-traza-ruta-para-linea-electrica\/"},"modified":"2017-08-02T00:00:00","modified_gmt":"2017-08-02T00:00:00","slug":"minera-traza-ruta-para-linea-electrica","status":"publish","type":"post","link":"https:\/\/www.ecuadortimes.net\/es\/minera-traza-ruta-para-linea-electrica\/","title":{"rendered":"Minera traza ruta para l\u00ednea el\u00e9ctrica"},"content":{"rendered":"<p><img loading=\"lazy\" class=\"size-full wp-image-188412 aligncenter\" src=\"https:\/\/www.ecuadortimes.net\/es\/wp-content\/uploads\/2017\/08\/ECUADORTIMES_ECUADORNEWS_MINERA_TRAZA_RUTA_LINEA_ELECTRICA.jpg\" alt=\"\" width=\"1200\" height=\"514\" \/><\/p>\n<p>&nbsp;<\/p>\n<div class=\"location-event\"><strong>Quito &#8211;<\/strong>Lundin Gold construir\u00e1 una l\u00ednea de transmisi\u00f3n el\u00e9ctrica de 43,83 kil\u00f3metros que recorrer\u00e1 cinco parroquias de dos <strong>cantones en Morona Santiago y Zamora Chinchipe<\/strong>.<\/div>\n<p>Este es el siguiente hito que deber\u00e1 cumplir Lundin Gold dentro del proceso de explotaci\u00f3n del proyecto aur\u00edfero Fruta del Norte. La l\u00ednea saldr\u00e1 desde la Subestaci\u00f3n de Bomboiza de propiedad de Celec y llegar\u00e1 a la Subestaci\u00f3n de <strong>FDN<\/strong> de propiedad de la compa\u00f1\u00eda.<\/p>\n<p>El desarrollo del proyecto demanda la utilizaci\u00f3n de esta energ\u00eda que se transportar\u00e1 en 230 kilowatios. La construcci\u00f3n a\u00fan est\u00e1 en proceso de socializaci\u00f3n con la comunidad, mientras a la par se tramita la licencia ambiental, para lo cual ya se present\u00f3 un borrador del plan. As\u00ed lo explic\u00f3 el gerente de Lundin Gold, Ron Hochstein, quien adem\u00e1s ha indicado que la producci\u00f3n de concentrado de oro que se producir\u00e1 a partir del cuarto trimestre de 2019 se exportar\u00e1 desde el puerto de Guayaquil.<\/p>\n<p>En cuanto al impacto ambiental, se conoce que en el plan inicial de la empresa minera, el 70% del recorrido pasar\u00e1 por sectores despoblados, con presencia de pastizales y potreros; el 30% de la l\u00ednea ir\u00e1 por bosque con vegetaci\u00f3n primaria. La empresa indica que no afectan bosques ni vegetaci\u00f3n protectora. En todo caso, al momento se realizan di\u00e1logos con las comunidades para que ellas mismas puedan establecer el trazado de la l\u00ednea el\u00e9ctrica. (I)<\/p>\n<p>&nbsp;<\/p>\n<p>&nbsp;<\/p>\n<p><strong>Fuente: <\/strong><a href=\"http:\/\/www.eluniverso.com\/noticias\/2017\/08\/02\/nota\/6310111\/minera-traza-ruta-linea-electrica\" target=\"_blank\" rel=\"noopener noreferrer\">http:\/\/www.eluniverso.com\/noticias\/2017\/08\/02\/nota\/6310111\/minera-traza-ruta-linea-electrica<\/a><\/p>\n","protected":false},"excerpt":{"rendered":"<p>&nbsp; Quito &#8211;Lundin Gold construir\u00e1 una l\u00ednea de transmisi\u00f3n el\u00e9ctrica de 43,83 kil\u00f3metros que recorrer\u00e1 cinco parroquias de dos cantones en Morona Santiago y Zamora Chinchipe. Este es el siguiente hito que deber\u00e1 cumplir Lundin Gold dentro del proceso de explotaci\u00f3n del proyecto aur\u00edfero Fruta del Norte. La l\u00ednea saldr\u00e1 desde la Subestaci\u00f3n de Bomboiza de propiedad de Celec y llegar\u00e1 a la Subestaci\u00f3n de FDN de propiedad de la compa\u00f1\u00eda. El desarrollo del proyecto demanda la utilizaci\u00f3n de esta energ\u00eda que se transportar\u00e1 en 230 kilowatios. La construcci\u00f3n a\u00fan est\u00e1 en proceso de socializaci\u00f3n con la comunidad, mientras a la par se tramita la licencia ambiental, para lo cual ya se present\u00f3 un borrador del plan. As\u00ed lo explic\u00f3 el gerente de Lundin Gold, Ron Hochstein, quien adem\u00e1s ha indicado que la producci\u00f3n de concentrado de oro que se producir\u00e1 a partir del cuarto trimestre de 2019 se exportar\u00e1 desde el puerto de Guayaquil. En cuanto al impacto ambiental, se conoce que en el plan inicial de la empresa minera, el 70% del recorrido pasar\u00e1 por sectores despoblados, con presencia de pastizales y potreros; el 30% de la l\u00ednea ir\u00e1 por bosque con vegetaci\u00f3n primaria. La empresa indica que no afectan bosques ni vegetaci\u00f3n protectora. En todo caso, al momento se realizan di\u00e1logos con las comunidades para que ellas mismas puedan establecer el trazado de la l\u00ednea el\u00e9ctrica. (I) &nbsp; &nbsp; Fuente: http:\/\/www.eluniverso.com\/noticias\/2017\/08\/02\/nota\/6310111\/minera-traza-ruta-linea-electrica<\/p>\n","protected":false},"author":1,"featured_media":244880,"comment_status":"open","ping_status":"open","sticky":false,"template":"","format":"standard","meta":[],"categories":[54,32,40,35],"tags":[],"_links":{"self":[{"href":"https:\/\/www.ecuadortimes.net\/es\/wp-json\/wp\/v2\/posts\/244879"}],"collection":[{"href":"https:\/\/www.ecuadortimes.net\/es\/wp-json\/wp\/v2\/posts"}],"about":[{"href":"https:\/\/www.ecuadortimes.net\/es\/wp-json\/wp\/v2\/types\/post"}],"author":[{"embeddable":true,"href":"https:\/\/www.ecuadortimes.net\/es\/wp-json\/wp\/v2\/users\/1"}],"replies":[{"embeddable":true,"href":"https:\/\/www.ecuadortimes.net\/es\/wp-json\/wp\/v2\/comments?post=244879"}],"version-history":[{"count":0,"href":"https:\/\/www.ecuadortimes.net\/es\/wp-json\/wp\/v2\/posts\/244879\/revisions"}],"wp:featuredmedia":[{"embeddable":true,"href":"https:\/\/www.ecuadortimes.net\/es\/wp-json\/wp\/v2\/media\/244880"}],"wp:attachment":[{"href":"https:\/\/www.ecuadortimes.net\/es\/wp-json\/wp\/v2\/media?parent=244879"}],"wp:term":[{"taxonomy":"category","embeddable":true,"href":"https:\/\/www.ecuadortimes.net\/es\/wp-json\/wp\/v2\/categories?post=244879"},{"taxonomy":"post_tag","embeddable":true,"href":"https:\/\/www.ecuadortimes.net\/es\/wp-json\/wp\/v2\/tags?post=244879"}],"curies":[{"name":"wp","href":"https:\/\/api.w.org\/{rel}","templated":true}]}}