{"id":244887,"date":"2017-08-02T00:00:00","date_gmt":"2017-08-02T00:00:00","guid":{"rendered":"https:\/\/www.ecuadortimes.net\/es\/correa-revela-el-pacto-con-los-bucaram\/"},"modified":"2017-08-02T00:00:00","modified_gmt":"2017-08-02T00:00:00","slug":"correa-revela-el-pacto-con-los-bucaram","status":"publish","type":"post","link":"https:\/\/www.ecuadortimes.net\/es\/correa-revela-el-pacto-con-los-bucaram\/","title":{"rendered":"Correa revela el pacto con los Bucaram"},"content":{"rendered":"<p><img loading=\"lazy\" class=\"size-full wp-image-188426 aligncenter\" src=\"https:\/\/www.ecuadortimes.net\/es\/wp-content\/uploads\/2017\/08\/ECUADORTIMES_ECUADORNEWS_RAFAEL_CORREA_REVELA_PACTO_BUCARAM.jpeg\" alt=\"\" width=\"800\" height=\"561\" \/><\/p>\n<p>&nbsp;<\/p>\n<p>El expresidente Rafael Correa revel\u00f3 hoy a trav\u00e9s de su cuenta Twitter\u00a0<strong>el pacto con los Bucaram\u009d<\/strong>\u00a0que venia denunciando desde los di\u00e1logos anunciados por Len\u00edn Moreno.<\/p>\n<p><em><strong>En una seria de tuits, Correa dijo lo siguiente:<\/strong><\/em><\/p>\n<p>Yo tuve que enfrentar a los poderosos, pero pas\u00e9 diez a\u00f1os dialogando con los ciudadanos de a pie, con los pobres, los ind\u00edgenas sin ponchos dorados, los GLBTI, las trabajadoras sexuales, las empleadas dom\u00e9sticas, los descartables\u009d de la sociedad, como los llama el papa Francisco.<\/p>\n<p>La situaci\u00f3n del pa\u00eds es diferente. Nadie puede estar contra el di\u00e1logo\u009d, incluso con la partidocracia, pero, no se enga\u00f1en, lo que existe es un verdadero reparto de la Patria, como en el viejo pa\u00eds.<\/p>\n<p>El caso m\u00e1s grave, aunque no el \u00fanico, es el pacto con Bucaram, para que regrese al pa\u00eds y apoye al Gobierno, a cambio de la entrega de las empresas el\u00e9ctricas. Esto es CORRUPCI\u00c3\u0093N INSTITUCIONALIZADA.<\/p>\n<p>No es en absoluto imaginaci\u00f3n\u009d. El 5 de mayo, un actual alto funcionario del Gobierno viaj\u00f3 a Panam\u00e1 a pactar con Bucaram. Hay todas las pruebas al respecto, pero nadie investiga, la prensa c\u00f3mplice calla.<\/p>\n<p>La izquierda pura\u009d, aquella que tanto me cuestionaba dentro de Alianza Pa\u00eds (AP), aquella para la cual yo era un accidente\u009d, y, nuestras victorias, fruto de su acumulado hist\u00f3rico\u009d (?), hace mutis por el foro. Est\u00e1n bien instalados en sus cargos, pese a las inconsecuencias \u00e9ticas, ideol\u00f3gicas, e incluso, de elemental gratitud.<\/p>\n<p>Esta corrupci\u00f3n institucionalizada no la puede aceptar AP. Si AP calla ante esto, es mejor que desaparezca, o, los que no toleramos el cinismo, separarnos y hacer un nuevo movimiento. Y empezar desde cero, con la frescura y entusiasmo, ternura y pasi\u00f3n del 2006.<\/p>\n<p>Recuerden: el cinismo, la traici\u00f3n y la mediocridad ser\u00e1n ef\u00edmeros.<\/p>\n<p>\u00a1Hasta la victoria siempre!<\/p>\n<p>&nbsp;<\/p>\n<p>&nbsp;<\/p>\n<p><strong>Fuente: <\/strong><a href=\"http:\/\/www.larepublica.ec\/blog\/politica\/2017\/08\/02\/correa-revela-el-pacto-con-los-bucaram\/\" target=\"_blank\" rel=\"noopener noreferrer\">http:\/\/www.larepublica.ec\/blog\/politica\/2017\/08\/02\/correa-revela-el-pacto-con-los-bucaram\/<\/a><\/p>\n","protected":false},"excerpt":{"rendered":"<p>&nbsp; El expresidente Rafael Correa revel\u00f3 hoy a trav\u00e9s de su cuenta Twitter\u00a0el pacto con los Bucaram\u009d\u00a0que venia denunciando desde los di\u00e1logos anunciados por Len\u00edn Moreno. En una seria de tuits, Correa dijo lo siguiente: Yo tuve que enfrentar a los poderosos, pero pas\u00e9 diez a\u00f1os dialogando con los ciudadanos de a pie, con los pobres, los ind\u00edgenas sin ponchos dorados, los GLBTI, las trabajadoras sexuales, las empleadas dom\u00e9sticas, los descartables\u009d de la sociedad, como los llama el papa Francisco. La situaci\u00f3n del pa\u00eds es diferente. Nadie puede estar contra el di\u00e1logo\u009d, incluso con la partidocracia, pero, no se enga\u00f1en, lo que existe es un verdadero reparto de la Patria, como en el viejo pa\u00eds. El caso m\u00e1s grave, aunque no el \u00fanico, es el pacto con Bucaram, para que regrese al pa\u00eds y apoye al Gobierno, a cambio de la entrega de las empresas el\u00e9ctricas. Esto es CORRUPCI\u00c3\u0093N INSTITUCIONALIZADA. No es en absoluto imaginaci\u00f3n\u009d. El 5 de mayo, un actual alto funcionario del Gobierno viaj\u00f3 a Panam\u00e1 a pactar con Bucaram. Hay todas las pruebas al respecto, pero nadie investiga, la prensa c\u00f3mplice calla. La izquierda pura\u009d, aquella que tanto me cuestionaba dentro de Alianza Pa\u00eds (AP), aquella para la cual yo era un accidente\u009d, y, nuestras victorias, fruto de su acumulado hist\u00f3rico\u009d (?), hace mutis por el foro. Est\u00e1n bien instalados en sus cargos, pese a las inconsecuencias \u00e9ticas, ideol\u00f3gicas, e incluso, de elemental gratitud. Esta corrupci\u00f3n institucionalizada no la puede aceptar AP. Si AP calla ante esto, es mejor que desaparezca, o, los que no toleramos el cinismo, separarnos y hacer un nuevo movimiento. Y empezar desde cero, con la frescura y entusiasmo, ternura y pasi\u00f3n del 2006. Recuerden: el cinismo, la traici\u00f3n y la mediocridad ser\u00e1n ef\u00edmeros. \u00a1Hasta la victoria siempre! &nbsp; &nbsp; Fuente: http:\/\/www.larepublica.ec\/blog\/politica\/2017\/08\/02\/correa-revela-el-pacto-con-los-bucaram\/<\/p>\n","protected":false},"author":1,"featured_media":244888,"comment_status":"open","ping_status":"open","sticky":false,"template":"","format":"standard","meta":[],"categories":[54,32,40,35,46],"tags":[],"_links":{"self":[{"href":"https:\/\/www.ecuadortimes.net\/es\/wp-json\/wp\/v2\/posts\/244887"}],"collection":[{"href":"https:\/\/www.ecuadortimes.net\/es\/wp-json\/wp\/v2\/posts"}],"about":[{"href":"https:\/\/www.ecuadortimes.net\/es\/wp-json\/wp\/v2\/types\/post"}],"author":[{"embeddable":true,"href":"https:\/\/www.ecuadortimes.net\/es\/wp-json\/wp\/v2\/users\/1"}],"replies":[{"embeddable":true,"href":"https:\/\/www.ecuadortimes.net\/es\/wp-json\/wp\/v2\/comments?post=244887"}],"version-history":[{"count":0,"href":"https:\/\/www.ecuadortimes.net\/es\/wp-json\/wp\/v2\/posts\/244887\/revisions"}],"wp:featuredmedia":[{"embeddable":true,"href":"https:\/\/www.ecuadortimes.net\/es\/wp-json\/wp\/v2\/media\/244888"}],"wp:attachment":[{"href":"https:\/\/www.ecuadortimes.net\/es\/wp-json\/wp\/v2\/media?parent=244887"}],"wp:term":[{"taxonomy":"category","embeddable":true,"href":"https:\/\/www.ecuadortimes.net\/es\/wp-json\/wp\/v2\/categories?post=244887"},{"taxonomy":"post_tag","embeddable":true,"href":"https:\/\/www.ecuadortimes.net\/es\/wp-json\/wp\/v2\/tags?post=244887"}],"curies":[{"name":"wp","href":"https:\/\/api.w.org\/{rel}","templated":true}]}}