{"id":244889,"date":"2017-08-02T00:00:00","date_gmt":"2017-08-02T00:00:00","guid":{"rendered":"https:\/\/www.ecuadortimes.net\/es\/jorge-glas-a-lenin-moreno-esta-preparando-el-terreno-para-perseguir-a-sus-antiguos-companeros-para-saciar-la-sed-de-venganza\/"},"modified":"2017-08-02T00:00:00","modified_gmt":"2017-08-02T00:00:00","slug":"jorge-glas-a-lenin-moreno-esta-preparando-el-terreno-para-perseguir-a-sus-antiguos-companeros-para-saciar-la-sed-de-venganza","status":"publish","type":"post","link":"https:\/\/www.ecuadortimes.net\/es\/jorge-glas-a-lenin-moreno-esta-preparando-el-terreno-para-perseguir-a-sus-antiguos-companeros-para-saciar-la-sed-de-venganza\/","title":{"rendered":"Jorge Glas a Len\u00edn Moreno: &#8220;\u00bfEst\u00e1 preparando el terreno para perseguir a sus antiguos compa\u00f1eros para saciar la sed de venganza?&#8221;"},"content":{"rendered":"<p>&nbsp;<\/p>\n<p><a href=\"https:\/\/twitter.com\/JorgeGlas\/status\/892816881786204163\" target=\"_blank\" rel=\"noopener noreferrer\"><img loading=\"lazy\" class=\"size-full wp-image-188430 aligncenter\" src=\"https:\/\/www.ecuadortimes.net\/es\/wp-content\/uploads\/2017\/08\/ECUADORTIMES_ECUADORNEWS_JORGE_GLAS_A_LA_OPINION_PUBLICA_1.png\" alt=\"\" width=\"469\" height=\"393\" \/><\/a><\/p>\n<p><strong>El vicepresidente de la Rep\u00fablica Jorge Glas Espinel cuestion\u00f3<\/strong> este mi\u00e9rcoles en un comunicado al presidente <strong>Len\u00edn Moreno<\/strong>, al considerar que lo han &#8220;acusado de todo y no han podido probar nada, porque no he hecho nada malo. Pero s\u00e9 que no necesitan pruebas para seguir atac\u00e1ndome hasta destruirme&#8221;.<\/p>\n<p>&#8220;S\u00e9 muy bien a lo que me enfrento por decir esto, queridos compa\u00f1eros. Pueden venir m\u00e1s persecuciones, pedidos de juicios pol\u00edticos, m\u00e1s difamaciones y amenazas personales. Me han acusado de todo y no han podido probar nada, porque no he hecho nada malo. Pero s\u00e9 que no necesitan pruebas para seguir atac\u00e1ndome hasta destruirme&#8221;, asegur\u00f3 Glas en un pronunciamiento dirigido a la opini\u00f3n p\u00fablica.<\/p>\n<p>El diario brasile\u00f1o\u00a0<em><strong>O&#8217;Globo<\/strong>\u00a0<\/em>difundi\u00f3 el martes un audio en el que se escucha una conversaci\u00f3n entre un funcionario de <strong>Odebrecht<\/strong> y el excontralor Carlos P\u00f3lit, en el que se asegura que Glas ped\u00eda dinero a la empresa brasile\u00f1a.<\/p>\n<p>En su cuenta de Twitter, el segundo mandatario public\u00f3 un comunicado en el que cuestiona las declaraciones que Moreno emiti\u00f3 en los \u00faltimos d\u00edas, incluyendo la cr\u00edtica al Gobierno de su predecesor Rafael Correa por la deuda externa.<\/p>\n<p>&#8220;S\u00e9 a lo que me enfrento por denunciar de manera frontal lo que est\u00e1 pasando y la posible aplicaci\u00f3n de un paquetazo contra mi pueblo&#8221;, a\u00f1adi\u00f3 Glas.<\/p>\n<h2>Las denuncias de Glas<\/h2>\n<p>Para el vicepresidente, en el R\u00e9gimen de Moreno, &#8220;se est\u00e1 orquestando el retorno del viejo pa\u00eds a trav\u00e9s del reparto, del tongo. Se construye un escenario propicio para la corrupci\u00f3n institucionalizada&#8221;.<\/p>\n<h3>&#8216;Pacto&#8217; con los Bucaram<\/h3>\n<p>Glas insisti\u00f3: &#8220;Hoy se sientan las bases para un Estado de corrupci\u00f3n, al pactar con personajes nefastos de la historia nacional, como los Bucaram (en referencia a la familia del expresidente de la Rep\u00fablica, Abdal\u00e1 Bucaram), al entregar servicios e instituciones a personas vinculadas con el pasado oscuro del pa\u00eds&#8221;.<\/p>\n<p>El expresidente de la Rep\u00fablica Rafael Correa, quien entreg\u00f3 el poder a Moreno el pasado 24 de mayo, ha denunciado que el actual Gobierno pact\u00f3 con los Bucaram para entregar cargos en la <strong>Corporaci\u00f3n Nacional de Electricidad (CNEL)<\/strong>.<\/p>\n<p>&#8220;Que quede claro que los ecuatorianos no eligieron a los Bucaram, ni a los socialcristianos, ni al tongo, ni al reparto; eligieron continuar con la transformaci\u00f3n hist\u00f3rica que llev\u00f3 a cabo la Revoluci\u00f3n Ciudadana, liderada por Rafael Correa Delgado, quien gobern\u00f3 10 a\u00f1os junto a su pueblo y para su pueblo&#8221;, expres\u00f3 Glas en el comunicado.<\/p>\n<p>&#8220;Yo no me puedo quedar callado, no puedo esperar m\u00e1s, aunque el presidente Len\u00edn Moreno me lo haya pedido cuando expres\u00e9 mi rechazo a los nombramientos de gente de los Bucaram en puestos clave del Gobierno. Lo reconoci\u00f3 y me pidi\u00f3 que espere, que ya lo iba a resolver, que le d\u00e9 tiempo. Ya no hay tiempo. La Patria no puede perder tiempo&#8221;, asegur\u00f3 Glas.<\/p>\n<blockquote><p>Se ha pactado con los Bucaram: se les ha entregado el CNEL, esto significa ni m\u00e1s ni menos que la administraci\u00f3n del sector el\u00e9ctrico. \u00bfAcaso conf\u00edan en que esta gente administre honradamente el sector que m\u00e1s plata genera para el Estado? Que expliquen los viajes a Panam\u00e1 a negociar con esta gente&#8221;.<\/p><\/blockquote>\n<h3>Medios p\u00fablicos<\/h3>\n<p>Glas dio a conocer su malestar por la entrega del &#8220;control de los medios p\u00fablicos a representantes de los medios privados que solamente defienden sus propios intereses por encima de los de la gente. Ah\u00ed est\u00e1 ahora el se\u00f1or Fernando Larenas, antes editor general de\u00a0<em>El Comercio\u00a0<\/em>(nombrado director de\u00a0<em>El Tel\u00e9grafo\u00a0<\/em>por el primer mandatario), quien ofendi\u00f3 en su cuenta de Twitter a Lenin Moreno todo el tiempo.<\/p>\n<h3>Cifras de la deuda<\/h3>\n<p>Moreno asegur\u00f3 el lunes en cadena nacional, que el Gobierno de Correa le &#8220;hered\u00f3&#8221; una deuda que para \u00e9l demuestra que &#8220;no solo se gast\u00f3 en demas\u00eda, sino que nos endeudaron. Si seguimos por la misma senda hipotecar\u00edamos el futuro del pa\u00eds&#8221;.<\/p>\n<p>Correa rechaz\u00f3 esas declaraciones y Glas afirm\u00f3 en el comunicado del mi\u00e9rcoles: &#8220;Se han manipulado de manera perversa las cifras econ\u00f3micas, pretendiendo imponer un imaginario de que el Gobierno de la Revoluci\u00f3n Ciudadana manej\u00f3 mal la econom\u00eda, actuando de manera irresponsable, sobre endeudando al pa\u00eds y derrochando&#8221;.<\/p>\n<blockquote><p>\u00a1<strong><em>Qu\u00e9 raro! El Presidente Moreno conoc\u00eda muy bien las cifras econ\u00f3micas, porque \u00e9l fue parte del Gobierno anterior, fue candidato y defendi\u00f3 para ganar la presidencia la gesti\u00f3n del Presidente Rafael Correa. \u00bfAcaso hoy se ha comprado el discurso de que las Escuelas del Milenio, el ECU 911, los hospitales, las carreteras, las megaobras, son un derroche<\/em><\/strong>?&#8221;.<\/p><\/blockquote>\n<p>El malestar de Glas con Moreno se manifest\u00f3 en el comunicado, cuando expres\u00f3: &#8220;\u00bfAcaso est\u00e1 preparando el terreno para perseguir a sus antiguos compa\u00f1eros para saciar la sed de venganza de sus nuevos amigos?&#8221;.<\/p>\n<p>&nbsp;<\/p>\n<p>&nbsp;<\/p>\n<p><strong>Fuente: <\/strong><a href=\"http:\/\/www.eluniverso.com\/noticias\/2017\/08\/02\/nota\/6311062\/jorge-glas-lenin-moreno-esta-preparando-terreno-perseguir-sus?utm_source=social&amp;utm_medium=fb-tw-gp\" target=\"_blank\" rel=\"noopener noreferrer\">http:\/\/www.eluniverso.com\/noticias\/2017\/08\/02\/nota\/6311062\/jorge-glas-lenin-moreno-esta-preparando-terreno-perseguir-sus?utm_source=social&amp;utm_medium=fb-tw-gp<\/a><\/p>\n","protected":false},"excerpt":{"rendered":"<p>&nbsp; El vicepresidente de la Rep\u00fablica Jorge Glas Espinel cuestion\u00f3 este mi\u00e9rcoles en un comunicado al presidente Len\u00edn Moreno, al considerar que lo han &#8220;acusado de todo y no han podido probar nada, porque no he hecho nada malo. Pero s\u00e9 que no necesitan pruebas para seguir atac\u00e1ndome hasta destruirme&#8221;. &#8220;S\u00e9 muy bien a lo que me enfrento por decir esto, queridos compa\u00f1eros. Pueden venir m\u00e1s persecuciones, pedidos de juicios pol\u00edticos, m\u00e1s difamaciones y amenazas personales. Me han acusado de todo y no han podido probar nada, porque no he hecho nada malo. Pero s\u00e9 que no necesitan pruebas para seguir atac\u00e1ndome hasta destruirme&#8221;, asegur\u00f3 Glas en un pronunciamiento dirigido a la opini\u00f3n p\u00fablica. El diario brasile\u00f1o\u00a0O&#8217;Globo\u00a0difundi\u00f3 el martes un audio en el que se escucha una conversaci\u00f3n entre un funcionario de Odebrecht y el excontralor Carlos P\u00f3lit, en el que se asegura que Glas ped\u00eda dinero a la empresa brasile\u00f1a. En su cuenta de Twitter, el segundo mandatario public\u00f3 un comunicado en el que cuestiona las declaraciones que Moreno emiti\u00f3 en los \u00faltimos d\u00edas, incluyendo la cr\u00edtica al Gobierno de su predecesor Rafael Correa por la deuda externa. &#8220;S\u00e9 a lo que me enfrento por denunciar de manera frontal lo que est\u00e1 pasando y la posible aplicaci\u00f3n de un paquetazo contra mi pueblo&#8221;, a\u00f1adi\u00f3 Glas. Las denuncias de Glas Para el vicepresidente, en el R\u00e9gimen de Moreno, &#8220;se est\u00e1 orquestando el retorno del viejo pa\u00eds a trav\u00e9s del reparto, del tongo. Se construye un escenario propicio para la corrupci\u00f3n institucionalizada&#8221;. &#8216;Pacto&#8217; con los Bucaram Glas insisti\u00f3: &#8220;Hoy se sientan las bases para un Estado de corrupci\u00f3n, al pactar con personajes nefastos de la historia nacional, como los Bucaram (en referencia a la familia del expresidente de la Rep\u00fablica, Abdal\u00e1 Bucaram), al entregar servicios e instituciones a personas vinculadas con el pasado oscuro del pa\u00eds&#8221;. El expresidente de la Rep\u00fablica Rafael Correa, quien entreg\u00f3 el poder a Moreno el pasado 24 de mayo, ha denunciado que el actual Gobierno pact\u00f3 con los Bucaram para entregar cargos en la Corporaci\u00f3n Nacional de Electricidad (CNEL). &#8220;Que quede claro que los ecuatorianos no eligieron a los Bucaram, ni a los socialcristianos, ni al tongo, ni al reparto; eligieron continuar con la transformaci\u00f3n hist\u00f3rica que llev\u00f3 a cabo la Revoluci\u00f3n Ciudadana, liderada por Rafael Correa Delgado, quien gobern\u00f3 10 a\u00f1os junto a su pueblo y para su pueblo&#8221;, expres\u00f3 Glas en el comunicado. &#8220;Yo no me puedo quedar callado, no puedo esperar m\u00e1s, aunque el presidente Len\u00edn Moreno me lo haya pedido cuando expres\u00e9 mi rechazo a los nombramientos de gente de los Bucaram en puestos clave del Gobierno. Lo reconoci\u00f3 y me pidi\u00f3 que espere, que ya lo iba a resolver, que le d\u00e9 tiempo. Ya no hay tiempo. La Patria no puede perder tiempo&#8221;, asegur\u00f3 Glas. Se ha pactado con los Bucaram: se les ha entregado el CNEL, esto significa ni m\u00e1s ni menos que la administraci\u00f3n del sector el\u00e9ctrico. \u00bfAcaso conf\u00edan en que esta gente administre honradamente el sector que m\u00e1s plata genera para el Estado? Que expliquen los viajes a Panam\u00e1 a negociar con esta gente&#8221;. Medios p\u00fablicos Glas dio a conocer su malestar por la entrega del &#8220;control de los medios p\u00fablicos a representantes de los medios privados que solamente defienden sus propios intereses por encima de los de la gente. Ah\u00ed est\u00e1 ahora el se\u00f1or Fernando Larenas, antes editor general de\u00a0El Comercio\u00a0(nombrado director de\u00a0El Tel\u00e9grafo\u00a0por el primer mandatario), quien ofendi\u00f3 en su cuenta de Twitter a Lenin Moreno todo el tiempo. Cifras de la deuda Moreno asegur\u00f3 el lunes en cadena nacional, que el Gobierno de Correa le &#8220;hered\u00f3&#8221; una deuda que para \u00e9l demuestra que &#8220;no solo se gast\u00f3 en demas\u00eda, sino que nos endeudaron. Si seguimos por la misma senda hipotecar\u00edamos el futuro del pa\u00eds&#8221;. Correa rechaz\u00f3 esas declaraciones y Glas afirm\u00f3 en el comunicado del mi\u00e9rcoles: &#8220;Se han manipulado de manera perversa las cifras econ\u00f3micas, pretendiendo imponer un imaginario de que el Gobierno de la Revoluci\u00f3n Ciudadana manej\u00f3 mal la econom\u00eda, actuando de manera irresponsable, sobre endeudando al pa\u00eds y derrochando&#8221;. \u00a1Qu\u00e9 raro! El Presidente Moreno conoc\u00eda muy bien las cifras econ\u00f3micas, porque \u00e9l fue parte del Gobierno anterior, fue candidato y defendi\u00f3 para ganar la presidencia la gesti\u00f3n del Presidente Rafael Correa. \u00bfAcaso hoy se ha comprado el discurso de que las Escuelas del Milenio, el ECU 911, los hospitales, las carreteras, las megaobras, son un derroche?&#8221;. El malestar de Glas con Moreno se manifest\u00f3 en el comunicado, cuando expres\u00f3: &#8220;\u00bfAcaso est\u00e1 preparando el terreno para perseguir a sus antiguos compa\u00f1eros para saciar la sed de venganza de sus nuevos amigos?&#8221;. &nbsp; &nbsp; Fuente: http:\/\/www.eluniverso.com\/noticias\/2017\/08\/02\/nota\/6311062\/jorge-glas-lenin-moreno-esta-preparando-terreno-perseguir-sus?utm_source=social&amp;utm_medium=fb-tw-gp<\/p>\n","protected":false},"author":1,"featured_media":0,"comment_status":"open","ping_status":"open","sticky":false,"template":"","format":"standard","meta":[],"categories":[54,32,40,35,46],"tags":[],"_links":{"self":[{"href":"https:\/\/www.ecuadortimes.net\/es\/wp-json\/wp\/v2\/posts\/244889"}],"collection":[{"href":"https:\/\/www.ecuadortimes.net\/es\/wp-json\/wp\/v2\/posts"}],"about":[{"href":"https:\/\/www.ecuadortimes.net\/es\/wp-json\/wp\/v2\/types\/post"}],"author":[{"embeddable":true,"href":"https:\/\/www.ecuadortimes.net\/es\/wp-json\/wp\/v2\/users\/1"}],"replies":[{"embeddable":true,"href":"https:\/\/www.ecuadortimes.net\/es\/wp-json\/wp\/v2\/comments?post=244889"}],"version-history":[{"count":0,"href":"https:\/\/www.ecuadortimes.net\/es\/wp-json\/wp\/v2\/posts\/244889\/revisions"}],"wp:attachment":[{"href":"https:\/\/www.ecuadortimes.net\/es\/wp-json\/wp\/v2\/media?parent=244889"}],"wp:term":[{"taxonomy":"category","embeddable":true,"href":"https:\/\/www.ecuadortimes.net\/es\/wp-json\/wp\/v2\/categories?post=244889"},{"taxonomy":"post_tag","embeddable":true,"href":"https:\/\/www.ecuadortimes.net\/es\/wp-json\/wp\/v2\/tags?post=244889"}],"curies":[{"name":"wp","href":"https:\/\/api.w.org\/{rel}","templated":true}]}}