{"id":244890,"date":"2017-08-03T00:00:00","date_gmt":"2017-08-03T00:00:00","guid":{"rendered":"https:\/\/www.ecuadortimes.net\/es\/la-ruptura-total-en-la-relacion-moreno-glas\/"},"modified":"2017-08-03T00:00:00","modified_gmt":"2017-08-03T00:00:00","slug":"la-ruptura-total-en-la-relacion-moreno-glas","status":"publish","type":"post","link":"https:\/\/www.ecuadortimes.net\/es\/la-ruptura-total-en-la-relacion-moreno-glas\/","title":{"rendered":"La ruptura total en la relaci\u00f3n Moreno-Glas"},"content":{"rendered":"<p>&nbsp;<\/p>\n<p><img loading=\"lazy\" class=\" wp-image-188436 aligncenter\" src=\"https:\/\/www.ecuadortimes.net\/es\/wp-content\/uploads\/2017\/08\/ECUADORTIMES_ECUADORNEWS_RUPTURA_LENIN_MORENO_JORGE_GLAS.jpg\" alt=\"\" width=\"1046\" height=\"536\" \/><\/p>\n<p>&nbsp;<\/p>\n<p>&nbsp;<\/p>\n<p>Las tensiones llegaron a su nivel m\u00e1ximo.<strong> La relaci\u00f3n entre el presidente\u00a0Len\u00edn Moreno\u00a0y su vicepresidente\u00a0Jorge Glas\u00a0qued\u00f3 lesionada<\/strong> ayer luego de que este \u00faltimo hiciera p\u00fablico un comunicado en el que acusa al primer mandatario de estar generando las condiciones para que exista una corrupci\u00f3n institucionalizada\u009d.<\/p>\n<p>La misiva apareci\u00f3 minutos despu\u00e9s de que Moreno dijera, durante una reuni\u00f3n con el Consorcio de Gobiernos Descentralizados del Ecuador (<b>Congope)<\/b>, que no dar\u00e1 su opini\u00f3n ni a favor ni en contra de un alto funcionario de su gobierno que est\u00e1 siendo objeto de severas acusaciones desde varios sectores de la oposici\u00f3n.<\/p>\n<p>Sin embargo, advirti\u00f3 que \u00e9l tiene su opini\u00f3n personal al respecto, pero que no la dir\u00e1 porque podr\u00eda influir en los operadores de justicia, a los que llam\u00f3 a actuar con independencia. \u00bfMe han preguntado por qu\u00e9 no lo defiendo o lo ataco? No me voy a manifestar, voy a tomar decisiones s\u00ed, pero no me voy a manifestar\u009d, asever\u00f3.<\/p>\n<p>\u00bfA qu\u00e9 decisiones se refer\u00eda el primer mandatario? La inquietud qued\u00f3 rondando en el ambiente. Entre algunos exfuncionarios del anterior gobierno, como Alexandra Ocles, ahora secretaria de Gesti\u00f3n de Riesgos, o los asesores presidenciales, Ricardo Pati\u00f1o y Patricio Rivera, se pudo ver rostros de desconcierto.<\/p>\n<p>No solo por este anuncio, tambi\u00e9n porque Moreno habl\u00f3 de rescatar los verdaderos ideales de la revoluci\u00f3n ciudadana que se hab\u00edan perdido y ratific\u00f3 que la situaci\u00f3n econ\u00f3mica es grave, as\u00ed como el monto de la deuda externa e interna que deber\u00e1 empezar a pagar el pa\u00eds.<\/p>\n<p>Quien s\u00ed se adelant\u00f3 a presumir que esas decisiones de las que habla Moreno le podr\u00edan afectar fue<b>\u00a0Glas<\/b>. S\u00e9 a lo que me enfrento por denunciar de manera frontal lo que est\u00e1 pasando y la posible aplicaci\u00f3n de un paquetazo contra mi pueblo\u009d, se\u00f1al\u00f3.<\/p>\n<p>Usando un discurso parecido al del expresidente<b>\u00a0Rafael Correa<\/b>, Glas volvi\u00f3 a asegurar que se entreg\u00f3 la administraci\u00f3n de Corporaci\u00f3n Nacional de Electricidad (<b>CNEL<\/b>) a la\u00a0<b>familia Bucaram<\/b>\u00a0y sus allegados. Tambi\u00e9n fustig\u00f3 que la direcci\u00f3n de los medios p\u00fablicos haya reca\u00eddo en periodistas como Fernando Larenas, al que identific\u00f3 como un opositor de este proceso pol\u00edtico.<\/p>\n<p><b>Glas<\/b>\u00a0hizo una infidencia. Dijo que Moreno, luego de reconocer que los Bucaram estaban al frente de\u00a0<b>CNEL<\/b>, le pidi\u00f3 que guarde silencio hasta poder solucionar esa situaci\u00f3n. Yo no me puedo quedar callado, no puedo esperar m\u00e1s (&#8230;) ya no hay tiempo, la patria no puede perder tiempo\u009d, escribi\u00f3 el vicepresidente Jorge Glas.<\/p>\n<p>Esta misiva cambi\u00f3 todo la planificaci\u00f3n de Carondelet. La reuni\u00f3n con los prefectos dur\u00f3 menos de dos horas. Los que no abandonaron el Palacio de Gobierno fueron los ministros y secretarios de Estado que llegaron a la cita.<\/p>\n<p>Aunque el personal de Presidencia negaba la existencia de una reuni\u00f3n de gabinete en los pasillos, se pod\u00eda ver el movimiento de funcionarios, como el secretario de la casa de Gobierno, Eduardo Mangas, que impart\u00eda disposiciones y se reintegraba al di\u00e1logo herm\u00e9tico y reservado.<\/p>\n<p>Cerca del mediod\u00eda, Pati\u00f1o abandon\u00f3 Carondelet, pero retorn\u00f3 a las dos horas. No quiso comentar lo que suced\u00eda, justamente porque la situaci\u00f3n es delicada\u009d, dijo.<\/p>\n<p>Tambi\u00e9n lleg\u00f3 un equipo de televisi\u00f3n que fue identificado por algunos presentes como el que graba las cadenas del presidente Moreno. Desde la Secretar\u00eda de Comunicaci\u00f3n (Secom) se neg\u00f3 que el mandatario tenga previsto emitir alg\u00fan enlace en horas de la noche.<\/p>\n<p>Ya en la tarde, se sum\u00f3 a la reuni\u00f3n reservada el vicepresidente de la Asamblea Nacional, Carlos Bergmann, que tambi\u00e9n omiti\u00f3 pronunciarse. En el encuentro estuvo el presidente del Legislativo, Jos\u00e9 Serrano; el prefecto de Pichincha, Gustavo Baroja; y la secretaria de la Pol\u00edtica, Paola Pab\u00f3n. Hasta el cierre de esta edici\u00f3n, la reuni\u00f3n continu\u00f3 sin que ning\u00fan funcionario del Gobierno d\u00e9 luces sobre lo que se abord\u00f3 en ella.<\/p>\n<p>Los partidos instan a Moreno a que pida la renuncia del vicepresidente<\/p>\n<p>La mayor\u00eda coincide: el presidente Len\u00edn Moreno debe pedir la renuncia del vicepresidente Jorge Glas. Es la reacci\u00f3n al un\u00edsono de los partidos opositores en la Asamblea ante los audios que sugieren que el segundo mandatario estar\u00eda vinculado en supuestos actos de corrupci\u00f3n con <strong>Odebrecht<\/strong>.<\/p>\n<p>Esto tambi\u00e9n ha motivado el resurgir del juicio pol\u00edtico. Voceros de los movimientos CREO y SUMA consideran que, a la luz de los audios revelados desde Brasil, el Consejo de Administraci\u00f3n Legislativa debe rever su decisi\u00f3n y dar paso al proceso en contra del vicepresidente. Tambi\u00e9n instan a que la vacancia legislativa se levante para analizar este \u00e1lgido tema.<\/p>\n<p>El \u00fanico partido que no va al mismo son es el Social Cristiano que espera un pronunciamiento de la justicia. El pr\u00f3ximo lunes tiene prevista una reuni\u00f3n de bloque para abordar este y otros aspectos. (I)<\/p>\n<p>&nbsp;<\/p>\n<p>&nbsp;<\/p>\n<p><strong>Fuente: <\/strong><a href=\"http:\/\/www.expreso.ec\/actualidad\/la-ruptura-total-en-la-relacion-moreno-glas-CI1596163\" target=\"_blank\" rel=\"noopener noreferrer\">http:\/\/www.expreso.ec\/actualidad\/la-ruptura-total-en-la-relacion-moreno-glas-CI1596163<\/a><\/p>\n","protected":false},"excerpt":{"rendered":"<p>&nbsp; &nbsp; &nbsp; Las tensiones llegaron a su nivel m\u00e1ximo. La relaci\u00f3n entre el presidente\u00a0Len\u00edn Moreno\u00a0y su vicepresidente\u00a0Jorge Glas\u00a0qued\u00f3 lesionada ayer luego de que este \u00faltimo hiciera p\u00fablico un comunicado en el que acusa al primer mandatario de estar generando las condiciones para que exista una corrupci\u00f3n institucionalizada\u009d. La misiva apareci\u00f3 minutos despu\u00e9s de que Moreno dijera, durante una reuni\u00f3n con el Consorcio de Gobiernos Descentralizados del Ecuador (Congope), que no dar\u00e1 su opini\u00f3n ni a favor ni en contra de un alto funcionario de su gobierno que est\u00e1 siendo objeto de severas acusaciones desde varios sectores de la oposici\u00f3n. Sin embargo, advirti\u00f3 que \u00e9l tiene su opini\u00f3n personal al respecto, pero que no la dir\u00e1 porque podr\u00eda influir en los operadores de justicia, a los que llam\u00f3 a actuar con independencia. \u00bfMe han preguntado por qu\u00e9 no lo defiendo o lo ataco? No me voy a manifestar, voy a tomar decisiones s\u00ed, pero no me voy a manifestar\u009d, asever\u00f3. \u00bfA qu\u00e9 decisiones se refer\u00eda el primer mandatario? La inquietud qued\u00f3 rondando en el ambiente. Entre algunos exfuncionarios del anterior gobierno, como Alexandra Ocles, ahora secretaria de Gesti\u00f3n de Riesgos, o los asesores presidenciales, Ricardo Pati\u00f1o y Patricio Rivera, se pudo ver rostros de desconcierto. No solo por este anuncio, tambi\u00e9n porque Moreno habl\u00f3 de rescatar los verdaderos ideales de la revoluci\u00f3n ciudadana que se hab\u00edan perdido y ratific\u00f3 que la situaci\u00f3n econ\u00f3mica es grave, as\u00ed como el monto de la deuda externa e interna que deber\u00e1 empezar a pagar el pa\u00eds. Quien s\u00ed se adelant\u00f3 a presumir que esas decisiones de las que habla Moreno le podr\u00edan afectar fue\u00a0Glas. S\u00e9 a lo que me enfrento por denunciar de manera frontal lo que est\u00e1 pasando y la posible aplicaci\u00f3n de un paquetazo contra mi pueblo\u009d, se\u00f1al\u00f3. Usando un discurso parecido al del expresidente\u00a0Rafael Correa, Glas volvi\u00f3 a asegurar que se entreg\u00f3 la administraci\u00f3n de Corporaci\u00f3n Nacional de Electricidad (CNEL) a la\u00a0familia Bucaram\u00a0y sus allegados. Tambi\u00e9n fustig\u00f3 que la direcci\u00f3n de los medios p\u00fablicos haya reca\u00eddo en periodistas como Fernando Larenas, al que identific\u00f3 como un opositor de este proceso pol\u00edtico. Glas\u00a0hizo una infidencia. Dijo que Moreno, luego de reconocer que los Bucaram estaban al frente de\u00a0CNEL, le pidi\u00f3 que guarde silencio hasta poder solucionar esa situaci\u00f3n. Yo no me puedo quedar callado, no puedo esperar m\u00e1s (&#8230;) ya no hay tiempo, la patria no puede perder tiempo\u009d, escribi\u00f3 el vicepresidente Jorge Glas. Esta misiva cambi\u00f3 todo la planificaci\u00f3n de Carondelet. La reuni\u00f3n con los prefectos dur\u00f3 menos de dos horas. Los que no abandonaron el Palacio de Gobierno fueron los ministros y secretarios de Estado que llegaron a la cita. Aunque el personal de Presidencia negaba la existencia de una reuni\u00f3n de gabinete en los pasillos, se pod\u00eda ver el movimiento de funcionarios, como el secretario de la casa de Gobierno, Eduardo Mangas, que impart\u00eda disposiciones y se reintegraba al di\u00e1logo herm\u00e9tico y reservado. Cerca del mediod\u00eda, Pati\u00f1o abandon\u00f3 Carondelet, pero retorn\u00f3 a las dos horas. No quiso comentar lo que suced\u00eda, justamente porque la situaci\u00f3n es delicada\u009d, dijo. Tambi\u00e9n lleg\u00f3 un equipo de televisi\u00f3n que fue identificado por algunos presentes como el que graba las cadenas del presidente Moreno. Desde la Secretar\u00eda de Comunicaci\u00f3n (Secom) se neg\u00f3 que el mandatario tenga previsto emitir alg\u00fan enlace en horas de la noche. Ya en la tarde, se sum\u00f3 a la reuni\u00f3n reservada el vicepresidente de la Asamblea Nacional, Carlos Bergmann, que tambi\u00e9n omiti\u00f3 pronunciarse. En el encuentro estuvo el presidente del Legislativo, Jos\u00e9 Serrano; el prefecto de Pichincha, Gustavo Baroja; y la secretaria de la Pol\u00edtica, Paola Pab\u00f3n. Hasta el cierre de esta edici\u00f3n, la reuni\u00f3n continu\u00f3 sin que ning\u00fan funcionario del Gobierno d\u00e9 luces sobre lo que se abord\u00f3 en ella. Los partidos instan a Moreno a que pida la renuncia del vicepresidente La mayor\u00eda coincide: el presidente Len\u00edn Moreno debe pedir la renuncia del vicepresidente Jorge Glas. Es la reacci\u00f3n al un\u00edsono de los partidos opositores en la Asamblea ante los audios que sugieren que el segundo mandatario estar\u00eda vinculado en supuestos actos de corrupci\u00f3n con Odebrecht. Esto tambi\u00e9n ha motivado el resurgir del juicio pol\u00edtico. Voceros de los movimientos CREO y SUMA consideran que, a la luz de los audios revelados desde Brasil, el Consejo de Administraci\u00f3n Legislativa debe rever su decisi\u00f3n y dar paso al proceso en contra del vicepresidente. Tambi\u00e9n instan a que la vacancia legislativa se levante para analizar este \u00e1lgido tema. El \u00fanico partido que no va al mismo son es el Social Cristiano que espera un pronunciamiento de la justicia. El pr\u00f3ximo lunes tiene prevista una reuni\u00f3n de bloque para abordar este y otros aspectos. (I) &nbsp; &nbsp; Fuente: http:\/\/www.expreso.ec\/actualidad\/la-ruptura-total-en-la-relacion-moreno-glas-CI1596163<\/p>\n","protected":false},"author":1,"featured_media":244891,"comment_status":"open","ping_status":"open","sticky":false,"template":"","format":"standard","meta":[],"categories":[54,32,40,35,46],"tags":[],"_links":{"self":[{"href":"https:\/\/www.ecuadortimes.net\/es\/wp-json\/wp\/v2\/posts\/244890"}],"collection":[{"href":"https:\/\/www.ecuadortimes.net\/es\/wp-json\/wp\/v2\/posts"}],"about":[{"href":"https:\/\/www.ecuadortimes.net\/es\/wp-json\/wp\/v2\/types\/post"}],"author":[{"embeddable":true,"href":"https:\/\/www.ecuadortimes.net\/es\/wp-json\/wp\/v2\/users\/1"}],"replies":[{"embeddable":true,"href":"https:\/\/www.ecuadortimes.net\/es\/wp-json\/wp\/v2\/comments?post=244890"}],"version-history":[{"count":0,"href":"https:\/\/www.ecuadortimes.net\/es\/wp-json\/wp\/v2\/posts\/244890\/revisions"}],"wp:featuredmedia":[{"embeddable":true,"href":"https:\/\/www.ecuadortimes.net\/es\/wp-json\/wp\/v2\/media\/244891"}],"wp:attachment":[{"href":"https:\/\/www.ecuadortimes.net\/es\/wp-json\/wp\/v2\/media?parent=244890"}],"wp:term":[{"taxonomy":"category","embeddable":true,"href":"https:\/\/www.ecuadortimes.net\/es\/wp-json\/wp\/v2\/categories?post=244890"},{"taxonomy":"post_tag","embeddable":true,"href":"https:\/\/www.ecuadortimes.net\/es\/wp-json\/wp\/v2\/tags?post=244890"}],"curies":[{"name":"wp","href":"https:\/\/api.w.org\/{rel}","templated":true}]}}