{"id":244919,"date":"2017-08-03T00:00:00","date_gmt":"2017-08-03T00:00:00","guid":{"rendered":"https:\/\/www.ecuadortimes.net\/es\/presidente-lenin-moreno-retira-de-todas-sus-funciones-a-jorge-glas\/"},"modified":"2017-08-03T00:00:00","modified_gmt":"2017-08-03T00:00:00","slug":"presidente-lenin-moreno-retira-de-todas-sus-funciones-a-jorge-glas","status":"publish","type":"post","link":"https:\/\/www.ecuadortimes.net\/es\/presidente-lenin-moreno-retira-de-todas-sus-funciones-a-jorge-glas\/","title":{"rendered":"Presidente Len\u00edn Moreno retira de todas sus funciones a Jorge Glas"},"content":{"rendered":"<p>&nbsp;<\/p>\n<p><img loading=\"lazy\" class=\"size-full wp-image-188478 aligncenter\" src=\"https:\/\/www.ecuadortimes.net\/es\/wp-content\/uploads\/2017\/08\/ECUADORTIMES_ECUADORNEWS_JORGE_GLAS_DESTITUIDO_POR_LENIN_MORENO.png\" alt=\"\" width=\"580\" height=\"390\" \/><\/p>\n<p>&nbsp;<\/p>\n<p>El presidente de la Rep\u00fablica, <strong>Len\u00edn Moreno<\/strong>, mediante decreto n\u00famero 100, <strong>quita todas las atribuciones y delegaciones<\/strong> al vicepresidente de la Rep\u00fablica, <strong>Jorge Glas<\/strong>, con fecha 3 de agosto de 2017.<\/p>\n<p>&nbsp;<\/p>\n<p><a href=\"http:\/\/www.ecuadortimes.net\/es\/wp-content\/uploads\/2017\/08\/DECRETO_100_LENIN_MORENO.pdf\" target=\"_blank\" rel=\"noopener noreferrer\">DECRETO_100_LENIN_MORENO<\/a><\/p>\n<p>&nbsp;<\/p>\n<p><strong>Fuente: <\/strong><a href=\"http:\/\/www.eluniverso.com\/noticias\/2017\/08\/03\/nota\/6312445\/presidente-lenin-moreno-retira-todas-sus-funciones-jorge-glas?utm_source=social&amp;utm_medium=fb-tw-gp&amp;hootPostID=ecfbc59d63e8b2c3038335cae314d7ba\" target=\"_blank\" rel=\"noopener noreferrer\">http:\/\/www.eluniverso.com\/noticias\/2017\/08\/03\/nota\/6312445\/presidente-lenin-moreno-retira-todas-sus-funciones-jorge-glas?utm_source=social&amp;utm_medium=fb-tw-gp&amp;hootPostID=ecfbc59d63e8b2c3038335cae314d7ba<\/a><\/p>\n","protected":false},"excerpt":{"rendered":"<p>&nbsp; &nbsp; El presidente de la Rep\u00fablica, Len\u00edn Moreno, mediante decreto n\u00famero 100, quita todas las atribuciones y delegaciones al vicepresidente de la Rep\u00fablica, Jorge Glas, con fecha 3 de agosto de 2017. &nbsp; DECRETO_100_LENIN_MORENO &nbsp; Fuente: http:\/\/www.eluniverso.com\/noticias\/2017\/08\/03\/nota\/6312445\/presidente-lenin-moreno-retira-todas-sus-funciones-jorge-glas?utm_source=social&amp;utm_medium=fb-tw-gp&amp;hootPostID=ecfbc59d63e8b2c3038335cae314d7ba<\/p>\n","protected":false},"author":1,"featured_media":0,"comment_status":"open","ping_status":"open","sticky":false,"template":"","format":"standard","meta":[],"categories":[54,32,40,35,46],"tags":[],"_links":{"self":[{"href":"https:\/\/www.ecuadortimes.net\/es\/wp-json\/wp\/v2\/posts\/244919"}],"collection":[{"href":"https:\/\/www.ecuadortimes.net\/es\/wp-json\/wp\/v2\/posts"}],"about":[{"href":"https:\/\/www.ecuadortimes.net\/es\/wp-json\/wp\/v2\/types\/post"}],"author":[{"embeddable":true,"href":"https:\/\/www.ecuadortimes.net\/es\/wp-json\/wp\/v2\/users\/1"}],"replies":[{"embeddable":true,"href":"https:\/\/www.ecuadortimes.net\/es\/wp-json\/wp\/v2\/comments?post=244919"}],"version-history":[{"count":0,"href":"https:\/\/www.ecuadortimes.net\/es\/wp-json\/wp\/v2\/posts\/244919\/revisions"}],"wp:attachment":[{"href":"https:\/\/www.ecuadortimes.net\/es\/wp-json\/wp\/v2\/media?parent=244919"}],"wp:term":[{"taxonomy":"category","embeddable":true,"href":"https:\/\/www.ecuadortimes.net\/es\/wp-json\/wp\/v2\/categories?post=244919"},{"taxonomy":"post_tag","embeddable":true,"href":"https:\/\/www.ecuadortimes.net\/es\/wp-json\/wp\/v2\/tags?post=244919"}],"curies":[{"name":"wp","href":"https:\/\/api.w.org\/{rel}","templated":true}]}}