{"id":244928,"date":"2017-08-04T00:00:00","date_gmt":"2017-08-04T00:00:00","guid":{"rendered":"https:\/\/www.ecuadortimes.net\/es\/que-implica-que-el-vicepresidente-haya-sido-derogado-de-sus-funciones\/"},"modified":"2017-08-04T00:00:00","modified_gmt":"2017-08-04T00:00:00","slug":"que-implica-que-el-vicepresidente-haya-sido-derogado-de-sus-funciones","status":"publish","type":"post","link":"https:\/\/www.ecuadortimes.net\/es\/que-implica-que-el-vicepresidente-haya-sido-derogado-de-sus-funciones\/","title":{"rendered":"\u00bfQu\u00e9 implica que el vicepresidente haya sido derogado de sus funciones?"},"content":{"rendered":"<p><img loading=\"lazy\" class=\"size-full wp-image-188515 aligncenter\" src=\"https:\/\/www.ecuadortimes.net\/es\/wp-content\/uploads\/2017\/08\/ECUADORTIMES_ECUADORNEWS_QUE_IMPLICA_VICEPRESIDENTE_SE_LE_HAYA_DEROGADO_LAS_FUNCIONES.jpg\" alt=\"\" width=\"762\" height=\"428\" \/><\/p>\n<p>&nbsp;<\/p>\n<p>El decreto n\u00famero 100 \u0094emitido este jueves 3 de agosto de 2017\u0094 deroga de sus funciones al actual vicepresidente de la Rep\u00fablica,\u00a0<b>Jorge Glas<\/b>. Sin embargo, esto no quiere decir que Glas pierde su posici\u00f3n como mandatario.<\/p>\n<p>En el art\u00edculo 149 de la Constituci\u00f3n de la Rep\u00fablica, consta que el Vicepresidente de la Rep\u00fablica cuando no reemplace a la Presidenta o Presidente de la Rep\u00fablica, ejercer\u00e1 las funciones que \u00e9sta o \u00e9ste le asigne\u009d. En este caso,\u00a0<b>Len\u00edn Moreno<\/b>\u00a0retir\u00f3 todas funciones que hab\u00edan sido asignadas al actual vicepresidente ya que es quien dirige la administraci\u00f3n p\u00fablica.<\/p>\n<p>El\u00a0<b>abogado constitucionalista Roberto L\u00f3pez<\/b>, aclara que el Presidente puede dejar sin funciones a Glas, pero no puede destituirlo. El vicepresidente es un funcionario de elecci\u00f3n popular, entonces al haber sido elegido por el pueblo de acuerdo con el procedimiento establecido en Constituci\u00f3n\u009d, el presidente no lo puede remover de su cargo\u009d, se\u00f1al\u00f3 L\u00f3pez.<\/p>\n<p>El constitucionalista expres\u00f3 que si por alguna raz\u00f3n faltan el presidente y vicepresidente de forma simult\u00e1nea convoca a elecciones en\u00a0<b>48 horas<\/b>\u009d, tal como consta en el art\u00edculo 146 de la Constituci\u00f3n. (I)<\/p>\n<p>&nbsp;<\/p>\n<p>&nbsp;<\/p>\n<p><strong>Fuente: <\/strong><a href=\"http:\/\/www.expreso.ec\/actualidad\/politica-ecuador-jorgeglas-vicepresidente-funciones-NC1598528\" target=\"_blank\" rel=\"noopener noreferrer\" data-saferedirecturl=\"https:\/\/www.google.com\/url?hl=es&amp;q=http:\/\/www.expreso.ec\/actualidad\/politica-ecuador-jorgeglas-vicepresidente-funciones-NC1598528&amp;source=gmail&amp;ust=1501940322149000&amp;usg=AFQjCNFvRFHtKcIOsVV49smku6H3m8WD7w\">http:\/\/www.expreso.ec\/<wbr \/>actualidad\/politica-ecuador-<wbr \/>jorgeglas-vicepresidente-<wbr \/>funciones-NC1598528<\/a><\/p>\n","protected":false},"excerpt":{"rendered":"<p>&nbsp; El decreto n\u00famero 100 \u0094emitido este jueves 3 de agosto de 2017\u0094 deroga de sus funciones al actual vicepresidente de la Rep\u00fablica,\u00a0Jorge Glas. Sin embargo, esto no quiere decir que Glas pierde su posici\u00f3n como mandatario. En el art\u00edculo 149 de la Constituci\u00f3n de la Rep\u00fablica, consta que el Vicepresidente de la Rep\u00fablica cuando no reemplace a la Presidenta o Presidente de la Rep\u00fablica, ejercer\u00e1 las funciones que \u00e9sta o \u00e9ste le asigne\u009d. En este caso,\u00a0Len\u00edn Moreno\u00a0retir\u00f3 todas funciones que hab\u00edan sido asignadas al actual vicepresidente ya que es quien dirige la administraci\u00f3n p\u00fablica. El\u00a0abogado constitucionalista Roberto L\u00f3pez, aclara que el Presidente puede dejar sin funciones a Glas, pero no puede destituirlo. El vicepresidente es un funcionario de elecci\u00f3n popular, entonces al haber sido elegido por el pueblo de acuerdo con el procedimiento establecido en Constituci\u00f3n\u009d, el presidente no lo puede remover de su cargo\u009d, se\u00f1al\u00f3 L\u00f3pez. El constitucionalista expres\u00f3 que si por alguna raz\u00f3n faltan el presidente y vicepresidente de forma simult\u00e1nea convoca a elecciones en\u00a048 horas\u009d, tal como consta en el art\u00edculo 146 de la Constituci\u00f3n. (I) &nbsp; &nbsp; Fuente: http:\/\/www.expreso.ec\/actualidad\/politica-ecuador-jorgeglas-vicepresidente-funciones-NC1598528<\/p>\n","protected":false},"author":1,"featured_media":244929,"comment_status":"open","ping_status":"open","sticky":false,"template":"","format":"standard","meta":[],"categories":[54,32,40,35,46],"tags":[],"_links":{"self":[{"href":"https:\/\/www.ecuadortimes.net\/es\/wp-json\/wp\/v2\/posts\/244928"}],"collection":[{"href":"https:\/\/www.ecuadortimes.net\/es\/wp-json\/wp\/v2\/posts"}],"about":[{"href":"https:\/\/www.ecuadortimes.net\/es\/wp-json\/wp\/v2\/types\/post"}],"author":[{"embeddable":true,"href":"https:\/\/www.ecuadortimes.net\/es\/wp-json\/wp\/v2\/users\/1"}],"replies":[{"embeddable":true,"href":"https:\/\/www.ecuadortimes.net\/es\/wp-json\/wp\/v2\/comments?post=244928"}],"version-history":[{"count":0,"href":"https:\/\/www.ecuadortimes.net\/es\/wp-json\/wp\/v2\/posts\/244928\/revisions"}],"wp:featuredmedia":[{"embeddable":true,"href":"https:\/\/www.ecuadortimes.net\/es\/wp-json\/wp\/v2\/media\/244929"}],"wp:attachment":[{"href":"https:\/\/www.ecuadortimes.net\/es\/wp-json\/wp\/v2\/media?parent=244928"}],"wp:term":[{"taxonomy":"category","embeddable":true,"href":"https:\/\/www.ecuadortimes.net\/es\/wp-json\/wp\/v2\/categories?post=244928"},{"taxonomy":"post_tag","embeddable":true,"href":"https:\/\/www.ecuadortimes.net\/es\/wp-json\/wp\/v2\/tags?post=244928"}],"curies":[{"name":"wp","href":"https:\/\/api.w.org\/{rel}","templated":true}]}}