{"id":244934,"date":"2017-08-04T00:00:00","date_gmt":"2017-08-04T00:00:00","guid":{"rendered":"https:\/\/www.ecuadortimes.net\/es\/arroceros-piden-semillas-de-buena-calidad-y-mejor-comercializacion\/"},"modified":"2017-08-04T00:00:00","modified_gmt":"2017-08-04T00:00:00","slug":"arroceros-piden-semillas-de-buena-calidad-y-mejor-comercializacion","status":"publish","type":"post","link":"https:\/\/www.ecuadortimes.net\/es\/arroceros-piden-semillas-de-buena-calidad-y-mejor-comercializacion\/","title":{"rendered":"Arroceros piden semillas de buena calidad y mejor comercializaci\u00f3n"},"content":{"rendered":"<p><img loading=\"lazy\" class=\" wp-image-188512 aligncenter\" src=\"https:\/\/www.ecuadortimes.net\/es\/wp-content\/uploads\/2017\/08\/ECUADORTIMES_ECUADORNEWS_ARROCEROS_SEMILLAS_MEJOR_CALIDAD_Y_COMERCIALIZACION.jpg\" alt=\"\" width=\"1067\" height=\"501\" \/><\/p>\n<p>&nbsp;<\/p>\n<p>Con la presencia de la <strong>ministra de Agricultura y Ganader\u00eda (MAG)<\/strong>, Vanessa Cordero, se instal\u00f3 ayer en el cant\u00f3n Daule, provincia del Guayas, la Mesa T\u00e9cnica Sectorial del Arroz, que es parte del <strong>Consejo Consultivo Productivo y Tributario<\/strong>, y en donde se analizaron las problem\u00e1ticas productivas, de comercializaci\u00f3n y financiamiento del sector.<\/p>\n<p>En el encuentro, donde participaron representantes de productores e industriales arroceros de Guayas, Manab\u00ed, <strong>Los R\u00edos y Loja<\/strong>, se conformaron cinco mesas: Innovaci\u00f3n, calidad y emprendimiento; tributaci\u00f3n; inversi\u00f3n y financiamiento; entorno productivo, y acceso a mercados. Julio Carchi, vicepresidente de la Junta de Riego Am\u00e9rica Lomas de Daule, manifest\u00f3 que se solicit\u00f3 al MAG hacer la reuni\u00f3n en Daule, conocida como \u0098La capital arrocera del pa\u00eds\u0099, ya que posee alrededor de 35.000 hect\u00e1reas de arroz. Aqu\u00ed se produce dos veces al a\u00f1o, en ese lapso hacemos cinco cosechas, con esa finalidad tenemos mayor rendimiento.<\/p>\n<p>Aunque la nacional es de 3,5 a 4,5 toneladas por hect\u00e1rea, en Daule se produce, en promedio, por cosecha entre 6 y 7 toneladas\/ha\u009d, indic\u00f3 Carchi. Coment\u00f3 que entre las propuestas que presentaron, adem\u00e1s de acceder a una buena calidad de semilla y comercializaci\u00f3n, est\u00e1 ofrecer al agricultor incentivos, por ejemplo, que reciba cr\u00e9ditos con un inter\u00e9s a bajo costo\u009d. La ministra Cordero dijo tener muchas expectativas con la instalaci\u00f3n de dicha mesa sectorial, por lo que sostuvo que sistematizaremos todas las propuestas y as\u00ed en 90 d\u00edas tener el resultado final para beneficio de los sectores, en este caso el arrocero\u009d.<\/p>\n<p>El objetivo del Gobierno Nacional, se\u00f1al\u00f3 Cordero, es tener una pol\u00edtica agropecuaria, la cual ya la estamos trabajando\u009d. Para hoy, el MAG instalar\u00e1 en Ventanas (Los R\u00edos) la Mesa T\u00e9cnica Sectorial del ma\u00edz, posteriormente ser\u00e1 la del cacao en Quevedo, la del caf\u00e9 en Loja, la de palma africana en Esmeraldas, la de ganader\u00eda en Santo Domingo y la de flores en Cayambe, detall\u00f3 Cordero.<\/p>\n<p><strong>Di\u00e1logos para exportar arroz a Colombia avanzan<\/strong><\/p>\n<p>La ministra Cordero tambi\u00e9n mencion\u00f3 que el Gobierno contin\u00faa con las negociaciones con Colombia para retomar las exportaciones de arroz a dicho mercado. Hoy (ayer) pudimos conversar en que ya tenemos pr\u00e1cticamente hecha la mayor parte del proceso, pero a\u00fan falta y no queremos dar expectativas hasta que no tengamos todo concretado\u009d, indic\u00f3. Al respecto, Javier Chon, presidente de la Corporaci\u00f3n Industriales Arroceros del Ecuador (Corpcom), se\u00f1al\u00f3 que en lo que va del a\u00f1o el sector no ha exportado arroz al pa\u00eds vecino, porque Colombia no nos entreg\u00f3 los permisos fitosanitarios y nos imposibilit\u00f3 llevar 20.000 toneladas que estaban previamente acordadas\u009d.<\/p>\n<p>Acot\u00f3 que hasta el a\u00f1o anterior se enviaron a Colombia cerca de 500 toneladas de arroz. H\u00e9ctor Ballesteros, gerente de la Unidad Nacional de Almacenamiento (UNA EP), dijo que la entidad tiene cerca de 30.000 toneladas de arroz pilado como Reserva Estrat\u00e9gica. Parte de dicha cifra ser\u00edan comercializadas si se retoman las exportaciones a Colombia. Chon fue parte de la Mesa de Acceso a Mercados, que trat\u00f3 los puntos que afectan las exportaciones de la gram\u00ednea, as\u00ed como el precio de sustentaci\u00f3n, el cual debe considerarse de una manera t\u00e9cnica\u009d. Adem\u00e1s, agreg\u00f3, se analizaron la b\u00fasqueda de mecanismos para bajar los costos de producci\u00f3n, inversi\u00f3n p\u00fablica para obtener semillas de buena calidad y reactivar la Bolsa de Productos. (I)<\/p>\n<p>&nbsp;<\/p>\n<p>&nbsp;<\/p>\n<p><strong>Fuente: <\/strong><a href=\"http:\/\/www.eltelegrafo.com.ec\/noticias\/economia\/8\/arroceros-piden-semillas-de-buena-calidad-y-mejor-comercializacion\" target=\"_blank\" rel=\"noopener noreferrer\" data-saferedirecturl=\"https:\/\/www.google.com\/url?hl=es&amp;q=http:\/\/www.eltelegrafo.com.ec\/noticias\/economia\/8\/arroceros-piden-semillas-de-buena-calidad-y-mejor-comercializacion&amp;source=gmail&amp;ust=1501940322149000&amp;usg=AFQjCNEAJ-1tYY-HG-W-ODuXIBNhYYikpw\">http:\/\/www.eltelegrafo.com.ec\/<wbr \/>noticias\/economia\/8\/arroceros-<wbr \/>piden-semillas-de-buena-<wbr \/>calidad-y-mejor-<wbr \/>comercializacion<\/a><\/p>\n","protected":false},"excerpt":{"rendered":"<p>&nbsp; Con la presencia de la ministra de Agricultura y Ganader\u00eda (MAG), Vanessa Cordero, se instal\u00f3 ayer en el cant\u00f3n Daule, provincia del Guayas, la Mesa T\u00e9cnica Sectorial del Arroz, que es parte del Consejo Consultivo Productivo y Tributario, y en donde se analizaron las problem\u00e1ticas productivas, de comercializaci\u00f3n y financiamiento del sector. En el encuentro, donde participaron representantes de productores e industriales arroceros de Guayas, Manab\u00ed, Los R\u00edos y Loja, se conformaron cinco mesas: Innovaci\u00f3n, calidad y emprendimiento; tributaci\u00f3n; inversi\u00f3n y financiamiento; entorno productivo, y acceso a mercados. Julio Carchi, vicepresidente de la Junta de Riego Am\u00e9rica Lomas de Daule, manifest\u00f3 que se solicit\u00f3 al MAG hacer la reuni\u00f3n en Daule, conocida como \u0098La capital arrocera del pa\u00eds\u0099, ya que posee alrededor de 35.000 hect\u00e1reas de arroz. Aqu\u00ed se produce dos veces al a\u00f1o, en ese lapso hacemos cinco cosechas, con esa finalidad tenemos mayor rendimiento. Aunque la nacional es de 3,5 a 4,5 toneladas por hect\u00e1rea, en Daule se produce, en promedio, por cosecha entre 6 y 7 toneladas\/ha\u009d, indic\u00f3 Carchi. Coment\u00f3 que entre las propuestas que presentaron, adem\u00e1s de acceder a una buena calidad de semilla y comercializaci\u00f3n, est\u00e1 ofrecer al agricultor incentivos, por ejemplo, que reciba cr\u00e9ditos con un inter\u00e9s a bajo costo\u009d. La ministra Cordero dijo tener muchas expectativas con la instalaci\u00f3n de dicha mesa sectorial, por lo que sostuvo que sistematizaremos todas las propuestas y as\u00ed en 90 d\u00edas tener el resultado final para beneficio de los sectores, en este caso el arrocero\u009d. El objetivo del Gobierno Nacional, se\u00f1al\u00f3 Cordero, es tener una pol\u00edtica agropecuaria, la cual ya la estamos trabajando\u009d. Para hoy, el MAG instalar\u00e1 en Ventanas (Los R\u00edos) la Mesa T\u00e9cnica Sectorial del ma\u00edz, posteriormente ser\u00e1 la del cacao en Quevedo, la del caf\u00e9 en Loja, la de palma africana en Esmeraldas, la de ganader\u00eda en Santo Domingo y la de flores en Cayambe, detall\u00f3 Cordero. Di\u00e1logos para exportar arroz a Colombia avanzan La ministra Cordero tambi\u00e9n mencion\u00f3 que el Gobierno contin\u00faa con las negociaciones con Colombia para retomar las exportaciones de arroz a dicho mercado. Hoy (ayer) pudimos conversar en que ya tenemos pr\u00e1cticamente hecha la mayor parte del proceso, pero a\u00fan falta y no queremos dar expectativas hasta que no tengamos todo concretado\u009d, indic\u00f3. Al respecto, Javier Chon, presidente de la Corporaci\u00f3n Industriales Arroceros del Ecuador (Corpcom), se\u00f1al\u00f3 que en lo que va del a\u00f1o el sector no ha exportado arroz al pa\u00eds vecino, porque Colombia no nos entreg\u00f3 los permisos fitosanitarios y nos imposibilit\u00f3 llevar 20.000 toneladas que estaban previamente acordadas\u009d. Acot\u00f3 que hasta el a\u00f1o anterior se enviaron a Colombia cerca de 500 toneladas de arroz. H\u00e9ctor Ballesteros, gerente de la Unidad Nacional de Almacenamiento (UNA EP), dijo que la entidad tiene cerca de 30.000 toneladas de arroz pilado como Reserva Estrat\u00e9gica. Parte de dicha cifra ser\u00edan comercializadas si se retoman las exportaciones a Colombia. Chon fue parte de la Mesa de Acceso a Mercados, que trat\u00f3 los puntos que afectan las exportaciones de la gram\u00ednea, as\u00ed como el precio de sustentaci\u00f3n, el cual debe considerarse de una manera t\u00e9cnica\u009d. Adem\u00e1s, agreg\u00f3, se analizaron la b\u00fasqueda de mecanismos para bajar los costos de producci\u00f3n, inversi\u00f3n p\u00fablica para obtener semillas de buena calidad y reactivar la Bolsa de Productos. (I) &nbsp; &nbsp; Fuente: http:\/\/www.eltelegrafo.com.ec\/noticias\/economia\/8\/arroceros-piden-semillas-de-buena-calidad-y-mejor-comercializacion<\/p>\n","protected":false},"author":1,"featured_media":244935,"comment_status":"open","ping_status":"open","sticky":false,"template":"","format":"standard","meta":[],"categories":[54,32,43,40,35],"tags":[],"_links":{"self":[{"href":"https:\/\/www.ecuadortimes.net\/es\/wp-json\/wp\/v2\/posts\/244934"}],"collection":[{"href":"https:\/\/www.ecuadortimes.net\/es\/wp-json\/wp\/v2\/posts"}],"about":[{"href":"https:\/\/www.ecuadortimes.net\/es\/wp-json\/wp\/v2\/types\/post"}],"author":[{"embeddable":true,"href":"https:\/\/www.ecuadortimes.net\/es\/wp-json\/wp\/v2\/users\/1"}],"replies":[{"embeddable":true,"href":"https:\/\/www.ecuadortimes.net\/es\/wp-json\/wp\/v2\/comments?post=244934"}],"version-history":[{"count":0,"href":"https:\/\/www.ecuadortimes.net\/es\/wp-json\/wp\/v2\/posts\/244934\/revisions"}],"wp:featuredmedia":[{"embeddable":true,"href":"https:\/\/www.ecuadortimes.net\/es\/wp-json\/wp\/v2\/media\/244935"}],"wp:attachment":[{"href":"https:\/\/www.ecuadortimes.net\/es\/wp-json\/wp\/v2\/media?parent=244934"}],"wp:term":[{"taxonomy":"category","embeddable":true,"href":"https:\/\/www.ecuadortimes.net\/es\/wp-json\/wp\/v2\/categories?post=244934"},{"taxonomy":"post_tag","embeddable":true,"href":"https:\/\/www.ecuadortimes.net\/es\/wp-json\/wp\/v2\/tags?post=244934"}],"curies":[{"name":"wp","href":"https:\/\/api.w.org\/{rel}","templated":true}]}}