{"id":244936,"date":"2017-08-04T00:00:00","date_gmt":"2017-08-04T00:00:00","guid":{"rendered":"https:\/\/www.ecuadortimes.net\/es\/lasso-suspension-de-glas-legitima-a-moreno-como-presidente-de-ecuador\/"},"modified":"2017-08-04T00:00:00","modified_gmt":"2017-08-04T00:00:00","slug":"lasso-suspension-de-glas-legitima-a-moreno-como-presidente-de-ecuador","status":"publish","type":"post","link":"https:\/\/www.ecuadortimes.net\/es\/lasso-suspension-de-glas-legitima-a-moreno-como-presidente-de-ecuador\/","title":{"rendered":"Lasso: suspensi\u00f3n de Glas legitima a Moreno como presidente de Ecuador"},"content":{"rendered":"<p><img loading=\"lazy\" class=\"size-full wp-image-188518 aligncenter\" src=\"https:\/\/www.ecuadortimes.net\/es\/wp-content\/uploads\/2017\/08\/ECUADORTIMES_ECUADORNEWS_LASSO_SUSPENCION_DE_MORNO_A_GLAS_LEGITIMIZA_COMO_PRESIDENTE.jpg\" alt=\"\" width=\"620\" height=\"264\" \/><\/p>\n<p>&nbsp;<\/p>\n<p><strong>Guillermo Lasso<\/strong>, l\u00edder del movimiento <strong>opositor CREO<\/strong>, y quien perdiera la Presidencia en las elecciones de segunda vuelta de abril pasado, opin\u00f3 hoy que la suspensi\u00f3n del vicepresidente,\u00a0<strong><a href=\"http:\/\/www.larepublica.ec\/blog\/politica\/2017\/08\/03\/glas-dice-que-nunca-va-a-renunciar-al-cargo\/\">Jorge Glas<\/a><\/strong>, legitima\u009d a\u00a0<a href=\"http:\/\/www.larepublica.ec\/blog\/politica\/2017\/08\/03\/moreno-retira-de-todas-sus-funciones-a-jorge-glas\/\"><strong>Lenin Moreno<\/strong><\/a>\u00a0en el cargo de jefe de Estado.<\/p>\n<p><em><strong>La restricci\u00f3n de funciones a Glas lo legitima en el cargo @Lenin. Ahora s\u00ed vamos con cuestiones de fondo que necesita el pa\u00eds<\/strong><\/em>\u009d, escribi\u00f3 en su cuenta de Twitter.<\/p>\n<p>Con la firma de un decreto, Moreno, retir\u00f3 hoy todas las funciones\u009d asignadas a Glas, tras la disputa surgida entre ambos y las cr\u00edticas de este \u00faltimo a su gesti\u00f3n.<\/p>\n<p>Der\u00f3guese el decreto ejecutivo n\u00famero 9 suscrito el 24 de mayo de 2017, (\u00a6), retir\u00e1ndose as\u00ed todas las funciones asignadas al vicepresidente de la Rep\u00fablica\u009d, dice el decreto suscrito hoy. (I)<\/p>\n<p>&nbsp;<\/p>\n<p>&nbsp;<\/p>\n<p><strong>Fuente: <\/strong><a href=\"http:\/\/www.larepublica.ec\/blog\/politica\/2017\/08\/03\/lasso-suspension-de-glas-legitima-a-moreno-como-presidente-de-ecuador\/\" target=\"_blank\" rel=\"noopener noreferrer\" data-saferedirecturl=\"https:\/\/www.google.com\/url?hl=es&amp;q=http:\/\/www.larepublica.ec\/blog\/politica\/2017\/08\/03\/lasso-suspension-de-glas-legitima-a-moreno-como-presidente-de-ecuador\/&amp;source=gmail&amp;ust=1501940322149000&amp;usg=AFQjCNEmyWhX_afSqL7Y3FyKyg7tTRUcWg\">http:\/\/www.larepublica.ec\/<wbr \/>blog\/politica\/2017\/08\/03\/<wbr \/>lasso-suspension-de-glas-<wbr \/>legitima-a-moreno-como-<wbr \/>presidente-de-ecuador\/<\/a><\/p>\n","protected":false},"excerpt":{"rendered":"<p>&nbsp; Guillermo Lasso, l\u00edder del movimiento opositor CREO, y quien perdiera la Presidencia en las elecciones de segunda vuelta de abril pasado, opin\u00f3 hoy que la suspensi\u00f3n del vicepresidente,\u00a0Jorge Glas, legitima\u009d a\u00a0Lenin Moreno\u00a0en el cargo de jefe de Estado. La restricci\u00f3n de funciones a Glas lo legitima en el cargo @Lenin. Ahora s\u00ed vamos con cuestiones de fondo que necesita el pa\u00eds\u009d, escribi\u00f3 en su cuenta de Twitter. Con la firma de un decreto, Moreno, retir\u00f3 hoy todas las funciones\u009d asignadas a Glas, tras la disputa surgida entre ambos y las cr\u00edticas de este \u00faltimo a su gesti\u00f3n. Der\u00f3guese el decreto ejecutivo n\u00famero 9 suscrito el 24 de mayo de 2017, (\u00a6), retir\u00e1ndose as\u00ed todas las funciones asignadas al vicepresidente de la Rep\u00fablica\u009d, dice el decreto suscrito hoy. (I) &nbsp; &nbsp; Fuente: http:\/\/www.larepublica.ec\/blog\/politica\/2017\/08\/03\/lasso-suspension-de-glas-legitima-a-moreno-como-presidente-de-ecuador\/<\/p>\n","protected":false},"author":1,"featured_media":244937,"comment_status":"open","ping_status":"open","sticky":false,"template":"","format":"standard","meta":[],"categories":[54,32,40,35,46],"tags":[],"_links":{"self":[{"href":"https:\/\/www.ecuadortimes.net\/es\/wp-json\/wp\/v2\/posts\/244936"}],"collection":[{"href":"https:\/\/www.ecuadortimes.net\/es\/wp-json\/wp\/v2\/posts"}],"about":[{"href":"https:\/\/www.ecuadortimes.net\/es\/wp-json\/wp\/v2\/types\/post"}],"author":[{"embeddable":true,"href":"https:\/\/www.ecuadortimes.net\/es\/wp-json\/wp\/v2\/users\/1"}],"replies":[{"embeddable":true,"href":"https:\/\/www.ecuadortimes.net\/es\/wp-json\/wp\/v2\/comments?post=244936"}],"version-history":[{"count":0,"href":"https:\/\/www.ecuadortimes.net\/es\/wp-json\/wp\/v2\/posts\/244936\/revisions"}],"wp:featuredmedia":[{"embeddable":true,"href":"https:\/\/www.ecuadortimes.net\/es\/wp-json\/wp\/v2\/media\/244937"}],"wp:attachment":[{"href":"https:\/\/www.ecuadortimes.net\/es\/wp-json\/wp\/v2\/media?parent=244936"}],"wp:term":[{"taxonomy":"category","embeddable":true,"href":"https:\/\/www.ecuadortimes.net\/es\/wp-json\/wp\/v2\/categories?post=244936"},{"taxonomy":"post_tag","embeddable":true,"href":"https:\/\/www.ecuadortimes.net\/es\/wp-json\/wp\/v2\/tags?post=244936"}],"curies":[{"name":"wp","href":"https:\/\/api.w.org\/{rel}","templated":true}]}}