{"id":244940,"date":"2017-08-04T00:00:00","date_gmt":"2017-08-04T00:00:00","guid":{"rendered":"https:\/\/www.ecuadortimes.net\/es\/centro-integral-las-manuelas-generara-proyectos-sociales\/"},"modified":"2017-08-04T00:00:00","modified_gmt":"2017-08-04T00:00:00","slug":"centro-integral-las-manuelas-generara-proyectos-sociales","status":"publish","type":"post","link":"https:\/\/www.ecuadortimes.net\/es\/centro-integral-las-manuelas-generara-proyectos-sociales\/","title":{"rendered":"Centro integral Las Manuelas generar\u00e1 proyectos sociales"},"content":{"rendered":"<p><img loading=\"lazy\" class=\"size-full wp-image-188513 aligncenter\" src=\"https:\/\/www.ecuadortimes.net\/es\/wp-content\/uploads\/2017\/08\/ECUADORTIMES_ECUADORNEWS_CENTRO_INTEGRAL_LAS_MANUELAS_GENERARA_PROYECTOS_SOCIALES.jpg\" alt=\"\" width=\"1170\" height=\"552\" \/><\/p>\n<p>&nbsp;<\/p>\n<p>Roc\u00edo Gonz\u00e1lez, esposa del presidente de la Rep\u00fablica, <strong>Len\u00edn Moreno<\/strong>, se reuni\u00f3 ayer con <strong>las c\u00f3nyuges de los alcaldes y prefectos de Azuay, Ca\u00f1ar, Loja y El Oro<\/strong>. All\u00ed les dio a conocer detalles del plan gubernamental \u0098Casa Para Todos\u0099. Gonz\u00e1lez solicit\u00f3 a todas las asistentes que sean madrinas del proyecto que se enmarca dentro del plan \u0098Toda una vida\u0099, propuesta de campa\u00f1a de Moreno que tiene como fin el cuidado integral de todos los ecuatorianos por parte del Estado y sus instituciones, <strong>desde su nacimiento hasta el final de su vida<\/strong>.<\/p>\n<p>Se present\u00f3 un video con las especificaciones de las casas. Se puntualiz\u00f3 que en las zonas donde se realizar\u00e1n las viviendas existir\u00e1 una casa comunitaria llamada \u0098Centro integral Las Manuelas\u0099, que buscar\u00e1 la generaci\u00f3n de proyectos de las personas. Con respecto a esto, Roc\u00edo Gonz\u00e1lez dijo que organizaciones internacionales como el <strong>Programa de las Naciones Unidas para el Desarrollo (PNUD)<\/strong> est\u00e1n deseosas en apoyar este proyecto e impulsarlo. Afirm\u00f3 que la principal preocupaci\u00f3n es que algunas familias viven en lugares no adecuados donde es una constante la drogadicci\u00f3n y la violencia, pero que la casa permite que la familia se sienta segura\u009d.<\/p>\n<p>Solicit\u00f3 a las esposas de los alcaldes y prefectos que den un acompa\u00f1amiento a este proyecto. Por su parte Irina Cabezas, secretaria t\u00e9cnica del plan \u0098Toda una vida\u0099, dijo que la construcci\u00f3n de las viviendas se inici\u00f3 dando prioridad a las que son totalmente gratuitas. Resalt\u00f3 que tan solo en una semana se han construido 2.500 viviendas. Indic\u00f3 que en la cita que tuvo el Presidente de la Rep\u00fablica el mi\u00e9rcoles pasado con representantes de la <strong>Asociaci\u00f3n de Municipalidades del Ecuador (AME)<\/strong>, recibi\u00f3 cerca de mil macrolotes para este plan.<\/p>\n<p>Explic\u00f3 que est\u00e1 tambi\u00e9n contemplado iniciar los trabajos en casas de reposici\u00f3n, que son viviendas viejas en donde el objetivo ser\u00e1 renovarlas. Para este plan se considerar\u00e1 que haya un t\u00edtulo de propiedad, que los habitantes sean en extrema pobreza y dar prioridad a las personas con discapacidad. (I)<\/p>\n<p>&nbsp;<\/p>\n<p>&nbsp;<\/p>\n<p><strong>Fuente: <\/strong><a href=\"http:\/\/www.eltelegrafo.com.ec\/noticias\/politica\/2\/centro-integral-las-manuelas-generara-proyectos-sociales\" target=\"_blank\" rel=\"noopener noreferrer\" data-saferedirecturl=\"https:\/\/www.google.com\/url?hl=es&amp;q=http:\/\/www.eltelegrafo.com.ec\/noticias\/politica\/2\/centro-integral-las-manuelas-generara-proyectos-sociales&amp;source=gmail&amp;ust=1501940322149000&amp;usg=AFQjCNF0zYzhYbrbn3C7mwheC_Jzqu_ZaA\">http:\/\/www.eltelegrafo.com.ec\/<wbr \/>noticias\/politica\/2\/centro-<wbr \/>integral-las-manuelas-<wbr \/>generara-proyectos-sociales<\/a><\/p>\n","protected":false},"excerpt":{"rendered":"<p>&nbsp; Roc\u00edo Gonz\u00e1lez, esposa del presidente de la Rep\u00fablica, Len\u00edn Moreno, se reuni\u00f3 ayer con las c\u00f3nyuges de los alcaldes y prefectos de Azuay, Ca\u00f1ar, Loja y El Oro. All\u00ed les dio a conocer detalles del plan gubernamental \u0098Casa Para Todos\u0099. Gonz\u00e1lez solicit\u00f3 a todas las asistentes que sean madrinas del proyecto que se enmarca dentro del plan \u0098Toda una vida\u0099, propuesta de campa\u00f1a de Moreno que tiene como fin el cuidado integral de todos los ecuatorianos por parte del Estado y sus instituciones, desde su nacimiento hasta el final de su vida. Se present\u00f3 un video con las especificaciones de las casas. Se puntualiz\u00f3 que en las zonas donde se realizar\u00e1n las viviendas existir\u00e1 una casa comunitaria llamada \u0098Centro integral Las Manuelas\u0099, que buscar\u00e1 la generaci\u00f3n de proyectos de las personas. Con respecto a esto, Roc\u00edo Gonz\u00e1lez dijo que organizaciones internacionales como el Programa de las Naciones Unidas para el Desarrollo (PNUD) est\u00e1n deseosas en apoyar este proyecto e impulsarlo. Afirm\u00f3 que la principal preocupaci\u00f3n es que algunas familias viven en lugares no adecuados donde es una constante la drogadicci\u00f3n y la violencia, pero que la casa permite que la familia se sienta segura\u009d. Solicit\u00f3 a las esposas de los alcaldes y prefectos que den un acompa\u00f1amiento a este proyecto. Por su parte Irina Cabezas, secretaria t\u00e9cnica del plan \u0098Toda una vida\u0099, dijo que la construcci\u00f3n de las viviendas se inici\u00f3 dando prioridad a las que son totalmente gratuitas. Resalt\u00f3 que tan solo en una semana se han construido 2.500 viviendas. Indic\u00f3 que en la cita que tuvo el Presidente de la Rep\u00fablica el mi\u00e9rcoles pasado con representantes de la Asociaci\u00f3n de Municipalidades del Ecuador (AME), recibi\u00f3 cerca de mil macrolotes para este plan. Explic\u00f3 que est\u00e1 tambi\u00e9n contemplado iniciar los trabajos en casas de reposici\u00f3n, que son viviendas viejas en donde el objetivo ser\u00e1 renovarlas. Para este plan se considerar\u00e1 que haya un t\u00edtulo de propiedad, que los habitantes sean en extrema pobreza y dar prioridad a las personas con discapacidad. (I) &nbsp; &nbsp; Fuente: http:\/\/www.eltelegrafo.com.ec\/noticias\/politica\/2\/centro-integral-las-manuelas-generara-proyectos-sociales<\/p>\n","protected":false},"author":1,"featured_media":244941,"comment_status":"open","ping_status":"open","sticky":false,"template":"","format":"standard","meta":[],"categories":[54,32,40,35],"tags":[],"_links":{"self":[{"href":"https:\/\/www.ecuadortimes.net\/es\/wp-json\/wp\/v2\/posts\/244940"}],"collection":[{"href":"https:\/\/www.ecuadortimes.net\/es\/wp-json\/wp\/v2\/posts"}],"about":[{"href":"https:\/\/www.ecuadortimes.net\/es\/wp-json\/wp\/v2\/types\/post"}],"author":[{"embeddable":true,"href":"https:\/\/www.ecuadortimes.net\/es\/wp-json\/wp\/v2\/users\/1"}],"replies":[{"embeddable":true,"href":"https:\/\/www.ecuadortimes.net\/es\/wp-json\/wp\/v2\/comments?post=244940"}],"version-history":[{"count":0,"href":"https:\/\/www.ecuadortimes.net\/es\/wp-json\/wp\/v2\/posts\/244940\/revisions"}],"wp:featuredmedia":[{"embeddable":true,"href":"https:\/\/www.ecuadortimes.net\/es\/wp-json\/wp\/v2\/media\/244941"}],"wp:attachment":[{"href":"https:\/\/www.ecuadortimes.net\/es\/wp-json\/wp\/v2\/media?parent=244940"}],"wp:term":[{"taxonomy":"category","embeddable":true,"href":"https:\/\/www.ecuadortimes.net\/es\/wp-json\/wp\/v2\/categories?post=244940"},{"taxonomy":"post_tag","embeddable":true,"href":"https:\/\/www.ecuadortimes.net\/es\/wp-json\/wp\/v2\/tags?post=244940"}],"curies":[{"name":"wp","href":"https:\/\/api.w.org\/{rel}","templated":true}]}}