{"id":244942,"date":"2017-08-04T00:00:00","date_gmt":"2017-08-04T00:00:00","guid":{"rendered":"https:\/\/www.ecuadortimes.net\/es\/el-tio-de-glas-a-odebrecht-necesito-plata-para-la-campana-de-vidrio\/"},"modified":"2017-08-04T00:00:00","modified_gmt":"2017-08-04T00:00:00","slug":"el-tio-de-glas-a-odebrecht-necesito-plata-para-la-campana-de-vidrio","status":"publish","type":"post","link":"https:\/\/www.ecuadortimes.net\/es\/el-tio-de-glas-a-odebrecht-necesito-plata-para-la-campana-de-vidrio\/","title":{"rendered":"El t\u00edo de Glas a Odebrecht: Necesito plata para la campa\u00f1a de vidrio"},"content":{"rendered":"<p><img loading=\"lazy\" class=\"size-full wp-image-188531 aligncenter\" src=\"https:\/\/www.ecuadortimes.net\/es\/wp-content\/uploads\/2017\/08\/ECUADORTIMES_ECUADORNEWS_TIO_JORGE_GLAS_ODEBRECHT_NECESITO_PLATA_CAMPAN\u00cc\u0083A_DE_VIDRIO.jpg\" alt=\"\" width=\"762\" height=\"428\" \/><\/p>\n<p>&nbsp;<\/p>\n<div class=\"paragraph\">\n<p>Tambi\u00e9n su t\u00edo lo llamaba\u00a0<b>\u0098Vidrio\u0099<\/b>. Los registros bajo sigilo que reposan en Fiscal\u00eda y a los cuales tuvo acceso\u00a0<b>EXPRESO<\/b>, aumentan la carga de presi\u00f3n pol\u00edtica y judicial contra un agonizante vicepresidente sin funciones,\u00a0<b>Jorge Glas<\/b>.<\/p>\n<p><b>Ricardo Rivera<\/b>, en arresto domiciliario desde inicios de julio por vinculaciones \u0094que \u00e9l niega\u0094 a la trama\u00a0<b>Odebrecht<\/b>, protagoniza el m\u00e1s reciente audio de delaci\u00f3n agregado a expediente.<\/p>\n<p>El episodio se produjo el 29 de junio de 2016, pocos meses antes del arranque de la campa\u00f1a electoral que, pese a las denuncias y sospechas, volver\u00eda a dejar las llaves del despacho vicepresidencial en\u00a0<b>Jorge Glas<\/b>.<\/p>\n<p>El protagonista, Rivera, entra a la suite 156 de la<b>\u00a0torre B del Swissotel<\/b>\u00a0con las manos en los bolsillos de un jean, camisa blanca, pullover negro, verbo directo:<\/p>\n<p>La conversaci\u00f3n es corta. Rivera est\u00e1 all\u00ed para hacer lo que fue a hacer. A ver, chequea. Aqu\u00ed est\u00e1 la compa\u00f1\u00eda\u009d. El delator asiente: s\u00ed\u009d.<b>\u00a0El banco es Bank of Am\u00e9rica, mister Tomislav Topic\u009d<\/b>, dice Rivera. El brasile\u00f1o sabe qui\u00e9n es: De la compa\u00f1\u00eda Tecolnet International\u009d.<\/p>\n<p><b>Rivera y Topic\u00a0<\/b>est\u00e1n vinculados en denuncias p\u00fablicas hasta ahora no confirmadas desde 2015. Tanto \u00e9l como\u00a0<b>Jorge Glas<\/b>\u00a0negaron cualquier vinculaci\u00f3n en febrero de este a\u00f1o.<\/p>\n<\/div>\n<div class=\"html\">\n<p>Rivera quiere aprovechar la visita. Ser\u00e1 r\u00e1pido, promete; solo una cosita m\u00e1s. <span class=\"soundcite soundcite-loaded soundcite-play\" data-url=\"http:\/\/services.expreso.ec\/audios\/ads-001.mp3\" data-start=\"0\" data-end=\"43000\" data-plays=\"1\">Quiero que me ayudes, necesito plata para la campa\u00f1a de vidrio\u009d.<\/span>\u009d. Peque\u00f1o silencio. Esta vez no a\u00f1ade iniciales. No hace falta.<\/p>\n<\/div>\n<div class=\"paragraph\">\n<p>Solo por ti, solo por ti\u009d, replica el delator. Dijiste que ten\u00edas a los chinos aqu\u00ed\u009d.<\/p>\n<p><b>Los chinos hijueputas se abrieron\u009d<\/b>, sentencia Rivera, a quien se lo acus\u00f3 en 2015 de haber viajado a\u00a0<b>China<\/b>\u00a0en representaci\u00f3n de la vicepresidencia de la Rep\u00fablica para iniciar negociaciones no oficiales. El hecho fue siempre negado, hasta este a\u00f1o, por\u00a0<b>Jorge Glas<\/b>.<\/p>\n<p>Y como los chinos salieron, los brasile\u00f1os entran. De ocho a nueve millones\u009d, exige Rivera en la conversaci\u00f3n de menos de cinco minutos de duraci\u00f3n. La promesa de pago es expresa.<\/p>\n<p><b>Nueve\u009d<\/b>, confirma Santos, en un audio que confirma los hilos de rastro que ha dejado su estela de delaciones.<\/p>\n<p>A continuaci\u00f3n el audio completo:<\/p>\n<\/div>\n<p><iframe loading=\"lazy\" src=\"https:\/\/www.youtube.com\/embed\/SpQiNPZcyTI\" width=\"560\" height=\"315\" frameborder=\"0\" allowfullscreen=\"allowfullscreen\"><\/iframe><br \/>\n&nbsp;<\/p>\n<p><strong>Fuente: <\/strong><a href=\"http:\/\/www.expreso.ec\/actualidad\/el-tio-de-glas-a-odebrecht-necesito-plata-para-la-campana-de-vidrio-DE1600126\" target=\"_blank\" rel=\"noopener noreferrer\">http:\/\/www.expreso.ec\/actualidad\/el-tio-de-glas-a-odebrecht-necesito-plata-para-la-campana-de-vidrio-DE1600126<\/a><\/p>\n","protected":false},"excerpt":{"rendered":"<p>&nbsp; Tambi\u00e9n su t\u00edo lo llamaba\u00a0\u0098Vidrio\u0099. Los registros bajo sigilo que reposan en Fiscal\u00eda y a los cuales tuvo acceso\u00a0EXPRESO, aumentan la carga de presi\u00f3n pol\u00edtica y judicial contra un agonizante vicepresidente sin funciones,\u00a0Jorge Glas. Ricardo Rivera, en arresto domiciliario desde inicios de julio por vinculaciones \u0094que \u00e9l niega\u0094 a la trama\u00a0Odebrecht, protagoniza el m\u00e1s reciente audio de delaci\u00f3n agregado a expediente. El episodio se produjo el 29 de junio de 2016, pocos meses antes del arranque de la campa\u00f1a electoral que, pese a las denuncias y sospechas, volver\u00eda a dejar las llaves del despacho vicepresidencial en\u00a0Jorge Glas. El protagonista, Rivera, entra a la suite 156 de la\u00a0torre B del Swissotel\u00a0con las manos en los bolsillos de un jean, camisa blanca, pullover negro, verbo directo: La conversaci\u00f3n es corta. Rivera est\u00e1 all\u00ed para hacer lo que fue a hacer. A ver, chequea. Aqu\u00ed est\u00e1 la compa\u00f1\u00eda\u009d. El delator asiente: s\u00ed\u009d.\u00a0El banco es Bank of Am\u00e9rica, mister Tomislav Topic\u009d, dice Rivera. El brasile\u00f1o sabe qui\u00e9n es: De la compa\u00f1\u00eda Tecolnet International\u009d. Rivera y Topic\u00a0est\u00e1n vinculados en denuncias p\u00fablicas hasta ahora no confirmadas desde 2015. Tanto \u00e9l como\u00a0Jorge Glas\u00a0negaron cualquier vinculaci\u00f3n en febrero de este a\u00f1o. Rivera quiere aprovechar la visita. Ser\u00e1 r\u00e1pido, promete; solo una cosita m\u00e1s. Quiero que me ayudes, necesito plata para la campa\u00f1a de vidrio\u009d.\u009d. Peque\u00f1o silencio. Esta vez no a\u00f1ade iniciales. No hace falta. Solo por ti, solo por ti\u009d, replica el delator. Dijiste que ten\u00edas a los chinos aqu\u00ed\u009d. Los chinos hijueputas se abrieron\u009d, sentencia Rivera, a quien se lo acus\u00f3 en 2015 de haber viajado a\u00a0China\u00a0en representaci\u00f3n de la vicepresidencia de la Rep\u00fablica para iniciar negociaciones no oficiales. El hecho fue siempre negado, hasta este a\u00f1o, por\u00a0Jorge Glas. Y como los chinos salieron, los brasile\u00f1os entran. De ocho a nueve millones\u009d, exige Rivera en la conversaci\u00f3n de menos de cinco minutos de duraci\u00f3n. La promesa de pago es expresa. Nueve\u009d, confirma Santos, en un audio que confirma los hilos de rastro que ha dejado su estela de delaciones. A continuaci\u00f3n el audio completo: &nbsp; Fuente: http:\/\/www.expreso.ec\/actualidad\/el-tio-de-glas-a-odebrecht-necesito-plata-para-la-campana-de-vidrio-DE1600126<\/p>\n","protected":false},"author":1,"featured_media":244943,"comment_status":"open","ping_status":"open","sticky":false,"template":"","format":"standard","meta":[],"categories":[54,32,35,56,46],"tags":[],"_links":{"self":[{"href":"https:\/\/www.ecuadortimes.net\/es\/wp-json\/wp\/v2\/posts\/244942"}],"collection":[{"href":"https:\/\/www.ecuadortimes.net\/es\/wp-json\/wp\/v2\/posts"}],"about":[{"href":"https:\/\/www.ecuadortimes.net\/es\/wp-json\/wp\/v2\/types\/post"}],"author":[{"embeddable":true,"href":"https:\/\/www.ecuadortimes.net\/es\/wp-json\/wp\/v2\/users\/1"}],"replies":[{"embeddable":true,"href":"https:\/\/www.ecuadortimes.net\/es\/wp-json\/wp\/v2\/comments?post=244942"}],"version-history":[{"count":0,"href":"https:\/\/www.ecuadortimes.net\/es\/wp-json\/wp\/v2\/posts\/244942\/revisions"}],"wp:featuredmedia":[{"embeddable":true,"href":"https:\/\/www.ecuadortimes.net\/es\/wp-json\/wp\/v2\/media\/244943"}],"wp:attachment":[{"href":"https:\/\/www.ecuadortimes.net\/es\/wp-json\/wp\/v2\/media?parent=244942"}],"wp:term":[{"taxonomy":"category","embeddable":true,"href":"https:\/\/www.ecuadortimes.net\/es\/wp-json\/wp\/v2\/categories?post=244942"},{"taxonomy":"post_tag","embeddable":true,"href":"https:\/\/www.ecuadortimes.net\/es\/wp-json\/wp\/v2\/tags?post=244942"}],"curies":[{"name":"wp","href":"https:\/\/api.w.org\/{rel}","templated":true}]}}