{"id":244946,"date":"2017-08-04T00:00:00","date_gmt":"2017-08-04T00:00:00","guid":{"rendered":"https:\/\/www.ecuadortimes.net\/es\/grupo-de-organizaciones-sociales-pide-salida-de-jorge-glas-de-la-vicepresidencia\/"},"modified":"2017-08-04T00:00:00","modified_gmt":"2017-08-04T00:00:00","slug":"grupo-de-organizaciones-sociales-pide-salida-de-jorge-glas-de-la-vicepresidencia","status":"publish","type":"post","link":"https:\/\/www.ecuadortimes.net\/es\/grupo-de-organizaciones-sociales-pide-salida-de-jorge-glas-de-la-vicepresidencia\/","title":{"rendered":"Grupo de organizaciones sociales pide salida de Jorge Glas de la Vicepresidencia"},"content":{"rendered":"<p><img loading=\"lazy\" class=\"size-full wp-image-188530 aligncenter\" src=\"https:\/\/www.ecuadortimes.net\/es\/wp-content\/uploads\/2017\/08\/ECUADORTIMES_ECUADORNEWS_GRUPO_ORGANIZACIONES_SOCIALES_PIDE_SALIDA_JORGE_GLAS_VICEPRESIDENCIA.jpg\" alt=\"\" width=\"763\" height=\"450\" \/><\/p>\n<p>&nbsp;<\/p>\n<p>Un grupo de manifestantes, integrantes del <strong>grupo de Coalici\u00f3n de Organizaciones Sociales<\/strong>, se concentr\u00f3 esta ma\u00f1ana en los alrededores de la Vicepresidencia de Ecuador para pedir la salida de<a href=\"http:\/\/www.eluniverso.com\/tema\/jorge-glas-espinel\">\u00a0Jorge Glas<\/a>.<\/p>\n<p>&nbsp;<\/p>\n<p><a href=\"https:\/\/twitter.com\/sugeyhajjar\/status\/893473482549456896\" target=\"_blank\" rel=\"noopener noreferrer\"><img loading=\"lazy\" class=\"size-full wp-image-188533 aligncenter\" src=\"https:\/\/www.ecuadortimes.net\/es\/wp-content\/uploads\/2017\/08\/ECUADORTIMES_ECUADORNEWS_GRUPO_ORGANIZACIONES_SOCIALES_PIDE_SALIDA_JORGE_GLAS_VICEPRESIDENCIA_1.png\" alt=\"\" width=\"335\" height=\"410\" \/><\/a><\/p>\n<p>Con carteles en los que se lee &#8216;Minga por la democracia presente&#8217;, &#8216;Fuera Glas, corrupto&#8217;, &#8216;C\u00e1rcel para Glas&#8217;, y \u00a0las expresiones como &#8220;fuera Glas, fuera; fuera Glas, fuera&#8221;, los manifestantes piden la salida del segundo mandatario, a quien\u00a0<a href=\"http:\/\/www.eluniverso.com\/noticias\/2017\/08\/03\/nota\/6312445\/presidente-lenin-moreno-retira-todas-sus-funciones-jorge-glas\">el presidente Len\u00edn Moreno le retir\u00f3 ayer su funciones<\/a>.<\/p>\n<p>&nbsp;<\/p>\n<p><a href=\"https:\/\/twitter.com\/sugeyhajjar\/status\/893481020368015360\" target=\"_blank\" rel=\"noopener noreferrer\"><img loading=\"lazy\" class=\"size-full wp-image-188533 aligncenter\" src=\"https:\/\/www.ecuadortimes.net\/es\/wp-content\/uploads\/2017\/08\/ECUADORTIMES_ECUADORNEWS_GRUPO_ORGANIZACIONES_SOCIALES_PIDE_SALIDA_JORGE_GLAS_VICEPRESIDENCIA_1.png\" alt=\"\" width=\"335\" height=\"410\" \/><\/a><\/p>\n<p><a href=\"http:\/\/www.eluniverso.com\/noticias\/2017\/08\/04\/nota\/6313648\/jorge-glas-denuncia-despidos-funcionarios-devuelve-carros\">Glas lleg\u00f3 esta madrugada a Guayaquil<\/a>, v\u00eda terrestre desde Quito, seg\u00fan lo anunci\u00f3 esta ma\u00f1ana en redes sociales.<\/p>\n<p>&nbsp;<\/p>\n<p><a href=\"https:\/\/twitter.com\/JorgeGlas\/status\/893475800447692800\" target=\"_blank\" rel=\"noopener noreferrer\"><img loading=\"lazy\" class=\"size-full wp-image-188535 aligncenter\" src=\"https:\/\/www.ecuadortimes.net\/es\/wp-content\/uploads\/2017\/08\/ECUADORTIMES_ECUADORNEWS_GRUPO_ORGANIZACIONES_SOCIALES_PIDE_SALIDA_JORGE_GLAS_VICEPRESIDENCIA_3.png\" alt=\"\" width=\"392\" height=\"797\" \/><\/a><\/p>\n<p>Glas dijo en el video que viaj\u00f3 por tierra al ya no tener acceso a los aviones oficiales, y que que gracias al servicio de protecci\u00f3n presidencial lleg\u00f3 a su destino. Agradeci\u00f3 adem\u00e1s el apoyo de sus simpatizantes.<\/p>\n<p>El segundo mandatario indic\u00f3 que desde ma\u00f1ana se dedicar\u00e1 a recorrer el pa\u00eds para agredecer el apoyo de la gente. (I)<\/p>\n<p>&nbsp;<\/p>\n<p>&nbsp;<\/p>\n<p><strong>Fuente: <\/strong><a href=\"http:\/\/www.eluniverso.com\/noticias\/2017\/08\/04\/nota\/6313666\/organizaciones-sociales-piden-salida-glas-vicepresidencia\" target=\"_blank\" rel=\"noopener noreferrer\">http:\/\/www.eluniverso.com\/noticias\/2017\/08\/04\/nota\/6313666\/organizaciones-sociales-piden-salida-glas-vicepresidencia<\/a><\/p>\n","protected":false},"excerpt":{"rendered":"<p>&nbsp; Un grupo de manifestantes, integrantes del grupo de Coalici\u00f3n de Organizaciones Sociales, se concentr\u00f3 esta ma\u00f1ana en los alrededores de la Vicepresidencia de Ecuador para pedir la salida de\u00a0Jorge Glas. &nbsp; Con carteles en los que se lee &#8216;Minga por la democracia presente&#8217;, &#8216;Fuera Glas, corrupto&#8217;, &#8216;C\u00e1rcel para Glas&#8217;, y \u00a0las expresiones como &#8220;fuera Glas, fuera; fuera Glas, fuera&#8221;, los manifestantes piden la salida del segundo mandatario, a quien\u00a0el presidente Len\u00edn Moreno le retir\u00f3 ayer su funciones. &nbsp; Glas lleg\u00f3 esta madrugada a Guayaquil, v\u00eda terrestre desde Quito, seg\u00fan lo anunci\u00f3 esta ma\u00f1ana en redes sociales. &nbsp; Glas dijo en el video que viaj\u00f3 por tierra al ya no tener acceso a los aviones oficiales, y que que gracias al servicio de protecci\u00f3n presidencial lleg\u00f3 a su destino. Agradeci\u00f3 adem\u00e1s el apoyo de sus simpatizantes. El segundo mandatario indic\u00f3 que desde ma\u00f1ana se dedicar\u00e1 a recorrer el pa\u00eds para agredecer el apoyo de la gente. (I) &nbsp; &nbsp; Fuente: http:\/\/www.eluniverso.com\/noticias\/2017\/08\/04\/nota\/6313666\/organizaciones-sociales-piden-salida-glas-vicepresidencia<\/p>\n","protected":false},"author":1,"featured_media":244947,"comment_status":"open","ping_status":"open","sticky":false,"template":"","format":"standard","meta":[],"categories":[54,32,40,35,46],"tags":[],"_links":{"self":[{"href":"https:\/\/www.ecuadortimes.net\/es\/wp-json\/wp\/v2\/posts\/244946"}],"collection":[{"href":"https:\/\/www.ecuadortimes.net\/es\/wp-json\/wp\/v2\/posts"}],"about":[{"href":"https:\/\/www.ecuadortimes.net\/es\/wp-json\/wp\/v2\/types\/post"}],"author":[{"embeddable":true,"href":"https:\/\/www.ecuadortimes.net\/es\/wp-json\/wp\/v2\/users\/1"}],"replies":[{"embeddable":true,"href":"https:\/\/www.ecuadortimes.net\/es\/wp-json\/wp\/v2\/comments?post=244946"}],"version-history":[{"count":0,"href":"https:\/\/www.ecuadortimes.net\/es\/wp-json\/wp\/v2\/posts\/244946\/revisions"}],"wp:featuredmedia":[{"embeddable":true,"href":"https:\/\/www.ecuadortimes.net\/es\/wp-json\/wp\/v2\/media\/244947"}],"wp:attachment":[{"href":"https:\/\/www.ecuadortimes.net\/es\/wp-json\/wp\/v2\/media?parent=244946"}],"wp:term":[{"taxonomy":"category","embeddable":true,"href":"https:\/\/www.ecuadortimes.net\/es\/wp-json\/wp\/v2\/categories?post=244946"},{"taxonomy":"post_tag","embeddable":true,"href":"https:\/\/www.ecuadortimes.net\/es\/wp-json\/wp\/v2\/tags?post=244946"}],"curies":[{"name":"wp","href":"https:\/\/api.w.org\/{rel}","templated":true}]}}