{"id":244948,"date":"2017-08-07T00:00:00","date_gmt":"2017-08-07T00:00:00","guid":{"rendered":"https:\/\/www.ecuadortimes.net\/es\/la-secom-desconoce-el-enlace-ciudadano-conducido-por-glas\/"},"modified":"2017-08-07T00:00:00","modified_gmt":"2017-08-07T00:00:00","slug":"la-secom-desconoce-el-enlace-ciudadano-conducido-por-glas","status":"publish","type":"post","link":"https:\/\/www.ecuadortimes.net\/es\/la-secom-desconoce-el-enlace-ciudadano-conducido-por-glas\/","title":{"rendered":"La SECOM desconoce el Enlace Ciudadano conducido por Glas"},"content":{"rendered":"<p><img loading=\"lazy\" class=\"size-full wp-image-188560 aligncenter\" src=\"https:\/\/www.ecuadortimes.net\/es\/wp-content\/uploads\/2017\/08\/ECUADORTIMES_ECUADORNEWS_SECOM_ENLACE_CIUDADANO_JORGE_GLAS.jpg\" alt=\"\" width=\"620\" height=\"264\" \/><\/p>\n<p>&nbsp;<\/p>\n<p>La\u00a0<strong>Secretar\u00eda Nacional de Comunicaci\u00f3n (SECOM)<\/strong>\u00a0ha aclarado a trav\u00e9s de un comunicado que los\u00a0\u00fanicos espacios utilizados por la presidencia para comunicarse con los ciudadanos son\u00a0<strong>El Gobierno Informa\u009d<\/strong>\u00a0y la participaci\u00f3n del presidente, ministros o secretarios de Estado\u00a0en medios de comunicaci\u00f3n u apariciones p\u00fablicas.<\/p>\n<p>&nbsp;<\/p>\n<p><a href=\"https:\/\/twitter.com\/ComunicacionEc\/status\/893932501378506753\" target=\"_blank\" rel=\"noopener noreferrer\"><img loading=\"lazy\" class=\"size-full wp-image-188559 aligncenter\" src=\"https:\/\/www.ecuadortimes.net\/es\/wp-content\/uploads\/2017\/08\/ECUADORTIMES_ECUADORNEWS_SECOM_ENLACE_CIUDADANO_JORGE_GLAS_1.png\" alt=\"\" width=\"502\" height=\"475\" \/><\/a><\/p>\n<p>&nbsp;<\/p>\n<p>El mensaje de la SECOM especifica que cualquier otro formato no cuenta con la aprobaci\u00f3n del Gobierno Nacional. Este fue emitido horas despu\u00e9s de que el vicepresidente de la Rep\u00fablica<a href=\"http:\/\/www.larepublica.ec\/blog\/politica\/2017\/08\/04\/moreno-jorge-glas-el-dedo-apunta-cada-vez-mas-hacia-usted\/\"><strong>\u00a0Jorge Glas<\/strong><\/a>\u00a0haya\u00a0<a href=\"http:\/\/www.larepublica.ec\/blog\/portada\/2017\/08\/05\/glas-transmite-enlace-ciudadano-desde-manabi\/\">transmitido\u00a0en vivo<\/a>\u00a0un programa que denomin\u00f3\u00a0<strong>Enlace Ciudadano\u009d<\/strong>, con un estilo similar al que se utilizaba durante el gobierno de\u00a0<strong>Rafael Correa<\/strong>.<\/p>\n<p>El vicepresidente de la Rep\u00fablica tiene sus funciones suspendidas despu\u00e9s de que un exfuncionario de la empresa\u00a0<strong>Odebrecht<\/strong>\u00a0haya declarado que le pag\u00f3\u00a0millones de d\u00f3lares en sobornos.\u00a0Glas\u00a0<a href=\"http:\/\/www.larepublica.ec\/blog\/politica\/2017\/08\/04\/glas-admite-reunion-con-representantes-de-odebrecht-pero-rechaza-haber-recibido-coimas\/\">admite<\/a>\u00a0haberse reunido con personal de Odebrecht pero niega las acusaciones de corrupci\u00f3n.<strong>\u00a0<\/strong>(I)<\/p>\n<p>&nbsp;<\/p>\n<p>&nbsp;<\/p>\n<p><strong>Fuente: <\/strong><a href=\"http:\/\/www.larepublica.ec\/blog\/politica\/2017\/08\/05\/secom-desconoce-enlace-ciudadano-conducido-glas\/\" target=\"_blank\" rel=\"noopener noreferrer\">http:\/\/www.larepublica.ec\/blog\/politica\/2017\/08\/05\/secom-desconoce-enlace-ciudadano-conducido-glas\/<\/a><\/p>\n","protected":false},"excerpt":{"rendered":"<p>&nbsp; La\u00a0Secretar\u00eda Nacional de Comunicaci\u00f3n (SECOM)\u00a0ha aclarado a trav\u00e9s de un comunicado que los\u00a0\u00fanicos espacios utilizados por la presidencia para comunicarse con los ciudadanos son\u00a0El Gobierno Informa\u009d\u00a0y la participaci\u00f3n del presidente, ministros o secretarios de Estado\u00a0en medios de comunicaci\u00f3n u apariciones p\u00fablicas. &nbsp; &nbsp; El mensaje de la SECOM especifica que cualquier otro formato no cuenta con la aprobaci\u00f3n del Gobierno Nacional. Este fue emitido horas despu\u00e9s de que el vicepresidente de la Rep\u00fablica\u00a0Jorge Glas\u00a0haya\u00a0transmitido\u00a0en vivo\u00a0un programa que denomin\u00f3\u00a0Enlace Ciudadano\u009d, con un estilo similar al que se utilizaba durante el gobierno de\u00a0Rafael Correa. El vicepresidente de la Rep\u00fablica tiene sus funciones suspendidas despu\u00e9s de que un exfuncionario de la empresa\u00a0Odebrecht\u00a0haya declarado que le pag\u00f3\u00a0millones de d\u00f3lares en sobornos.\u00a0Glas\u00a0admite\u00a0haberse reunido con personal de Odebrecht pero niega las acusaciones de corrupci\u00f3n.\u00a0(I) &nbsp; &nbsp; Fuente: http:\/\/www.larepublica.ec\/blog\/politica\/2017\/08\/05\/secom-desconoce-enlace-ciudadano-conducido-glas\/<\/p>\n","protected":false},"author":1,"featured_media":244949,"comment_status":"open","ping_status":"open","sticky":false,"template":"","format":"standard","meta":[],"categories":[54,32,40,35,46],"tags":[],"_links":{"self":[{"href":"https:\/\/www.ecuadortimes.net\/es\/wp-json\/wp\/v2\/posts\/244948"}],"collection":[{"href":"https:\/\/www.ecuadortimes.net\/es\/wp-json\/wp\/v2\/posts"}],"about":[{"href":"https:\/\/www.ecuadortimes.net\/es\/wp-json\/wp\/v2\/types\/post"}],"author":[{"embeddable":true,"href":"https:\/\/www.ecuadortimes.net\/es\/wp-json\/wp\/v2\/users\/1"}],"replies":[{"embeddable":true,"href":"https:\/\/www.ecuadortimes.net\/es\/wp-json\/wp\/v2\/comments?post=244948"}],"version-history":[{"count":0,"href":"https:\/\/www.ecuadortimes.net\/es\/wp-json\/wp\/v2\/posts\/244948\/revisions"}],"wp:featuredmedia":[{"embeddable":true,"href":"https:\/\/www.ecuadortimes.net\/es\/wp-json\/wp\/v2\/media\/244949"}],"wp:attachment":[{"href":"https:\/\/www.ecuadortimes.net\/es\/wp-json\/wp\/v2\/media?parent=244948"}],"wp:term":[{"taxonomy":"category","embeddable":true,"href":"https:\/\/www.ecuadortimes.net\/es\/wp-json\/wp\/v2\/categories?post=244948"},{"taxonomy":"post_tag","embeddable":true,"href":"https:\/\/www.ecuadortimes.net\/es\/wp-json\/wp\/v2\/tags?post=244948"}],"curies":[{"name":"wp","href":"https:\/\/api.w.org\/{rel}","templated":true}]}}