{"id":244956,"date":"2017-08-07T00:00:00","date_gmt":"2017-08-07T00:00:00","guid":{"rendered":"https:\/\/www.ecuadortimes.net\/es\/el-oficialismo-buscara-tender-puentes-entre-moreno-y-glas\/"},"modified":"2017-08-07T00:00:00","modified_gmt":"2017-08-07T00:00:00","slug":"el-oficialismo-buscara-tender-puentes-entre-moreno-y-glas","status":"publish","type":"post","link":"https:\/\/www.ecuadortimes.net\/es\/el-oficialismo-buscara-tender-puentes-entre-moreno-y-glas\/","title":{"rendered":"El oficialismo buscar\u00e1 tender puentes entre Moreno y Glas"},"content":{"rendered":"<p><img loading=\"lazy\" class=\"size-full wp-image-188573 aligncenter\" src=\"https:\/\/www.ecuadortimes.net\/es\/wp-content\/uploads\/2017\/08\/ECUADORTIMES_ECUADORNEWS_OFICALISMO_TENDER_PUENTES_MORENO_Y_GLAS.jpg\" alt=\"\" width=\"762\" height=\"428\" \/><\/p>\n<p>&nbsp;<\/p>\n<p>La esperanza es lo \u00faltimo que se pierde. Ese es el pensar de los asamble\u00edstas de la bancada de <strong>Alianza PAIS<\/strong>, que califican como crucial esta semana para encontrar una soluci\u00f3n a los impases entre el presidente <strong>Len\u00edn Moreno<\/strong> y su compa\u00f1ero de f\u00f3rmula, <strong>Jorge Glas<\/strong>, los mismos que se agravaron a finales de la semana pasada.<\/p>\n<p>Sof\u00eda Esp\u00edn y Jorge Corozo, de las filas oficialistas, conversaron con EXPRESO. Dijeron que lo que se necesita para solucionar estos impases es el di\u00e1logo y ratificaron la voluntad de los 74 asamble\u00edstas que conforman la bancada de ser los intermediarios entre los dos mandatarios.<\/p>\n<p>Esp\u00edn est\u00e1 convencida de que habr\u00e1 un acercamiento y que esto se superar\u00e1 con el <strong>di\u00e1logo que tantas veces se ha repetido desde Carondelet<\/strong>. A sus ojos, las denuncias en contra del segundo mandatario les tienen sin cuidado\u009d, toda vez que provienen de los mismos actores, que no han presentado ninguna prueba en contra del vicepresidente.<\/p>\n<p>Sin embargo, reconoce que les preocupan las posiciones asumidas tanto por Moreno como por Glas, por lo que considera que un acercamiento entre las autoridades se hace urgente.<\/p>\n<p>Igual criterio tiene el asamble\u00edsta de PAIS Jorge Corozo. Para \u00e9l, es necesario conversar y lograr acuerdos que conlleven a que el pa\u00eds retome la estabilidad pol\u00edtica, para que surja. Considera que los enfrentamientos no le hacen bien al Ecuador. Empero, el legislador tiene ciertas dudas que cree deben ser despejadas por el propio presidente Moreno. Sostuvo que deber\u00eda haber una explicaci\u00f3n del mandatario sobre qu\u00e9 implica el retiro de las funciones al vicepresidente y por qu\u00e9 se tom\u00f3 dicha medida.<\/p>\n<p>Desde el ala oficialista, no son los \u00fanicos optimistas en que las cosas puedan resolverse. El consejero presidencial, Ricardo Pati\u00f1o, en su cuenta de Twitter afirm\u00f3 que tiene confianza en que todo se solucionar\u00e1.<\/p>\n<p>Reitero mi esperanza de que la pr\u00f3xima semana tendremos se\u00f1ales positivas tendientes a generar confianza mutua. Contribuyamos todos a ello\u009d, escribi\u00f3.<\/p>\n<p>Desde los sectores de oposici\u00f3n se ven las cosas de diferente manera. Ellos ya preparan acciones antes de su regreso de la vacancia legislativa el 14 de agosto pr\u00f3ximo.<\/p>\n<p>Roberto G\u00f3mez, jefe de bloque de CREO, dijo que lo primero que pedir\u00e1 su bancada es la comparecencia al pleno del fiscal Carlos Baca Mancheno, para que responda por la lentitud\u009d con que ha llevado el caso Odebrecht.<\/p>\n<p>En tanto, Guillermo Celi (SUMA) insistir\u00e1 en el juicio pol\u00edtico al vicepresidente y pedir\u00e1 al presidente Moreno que convoque a consulta popular para eliminar la reelecci\u00f3n indefinida y al Consejo de Participaci\u00f3n Ciudadana.<\/p>\n<p>De su parte, Vilma Andrade (ID) cree que se debe conversar entre las bancadas de oposici\u00f3n para establecer lo que se har\u00e1.<\/p>\n<p>Mientras tanto dijo que ella, como parte del grupo parlamentario que investiga el caso Odebrecht, pedir\u00e1 una revisi\u00f3n de la documentaci\u00f3n que entreg\u00f3 el fiscal la semana pasada, que es un listado de lo que ha hecho. Considera que es necesario que profundice m\u00e1s en los temas que est\u00e1n en esa lista. (I)<\/p>\n<p>&nbsp;<\/p>\n<p>&nbsp;<\/p>\n<p><strong>Fuente<\/strong>: <a href=\"http:\/\/www.expreso.ec\/actualidad\/el-oficialismo-buscara-tender-puentes-entre-moreno-y-glas-BX1606065\" target=\"_blank\" rel=\"noopener noreferrer\">http:\/\/www.expreso.ec\/actualidad\/el-oficialismo-buscara-tender-puentes-entre-moreno-y-glas-BX1606065<\/a><\/p>\n","protected":false},"excerpt":{"rendered":"<p>&nbsp; La esperanza es lo \u00faltimo que se pierde. Ese es el pensar de los asamble\u00edstas de la bancada de Alianza PAIS, que califican como crucial esta semana para encontrar una soluci\u00f3n a los impases entre el presidente Len\u00edn Moreno y su compa\u00f1ero de f\u00f3rmula, Jorge Glas, los mismos que se agravaron a finales de la semana pasada. Sof\u00eda Esp\u00edn y Jorge Corozo, de las filas oficialistas, conversaron con EXPRESO. Dijeron que lo que se necesita para solucionar estos impases es el di\u00e1logo y ratificaron la voluntad de los 74 asamble\u00edstas que conforman la bancada de ser los intermediarios entre los dos mandatarios. Esp\u00edn est\u00e1 convencida de que habr\u00e1 un acercamiento y que esto se superar\u00e1 con el di\u00e1logo que tantas veces se ha repetido desde Carondelet. A sus ojos, las denuncias en contra del segundo mandatario les tienen sin cuidado\u009d, toda vez que provienen de los mismos actores, que no han presentado ninguna prueba en contra del vicepresidente. Sin embargo, reconoce que les preocupan las posiciones asumidas tanto por Moreno como por Glas, por lo que considera que un acercamiento entre las autoridades se hace urgente. Igual criterio tiene el asamble\u00edsta de PAIS Jorge Corozo. Para \u00e9l, es necesario conversar y lograr acuerdos que conlleven a que el pa\u00eds retome la estabilidad pol\u00edtica, para que surja. Considera que los enfrentamientos no le hacen bien al Ecuador. Empero, el legislador tiene ciertas dudas que cree deben ser despejadas por el propio presidente Moreno. Sostuvo que deber\u00eda haber una explicaci\u00f3n del mandatario sobre qu\u00e9 implica el retiro de las funciones al vicepresidente y por qu\u00e9 se tom\u00f3 dicha medida. Desde el ala oficialista, no son los \u00fanicos optimistas en que las cosas puedan resolverse. El consejero presidencial, Ricardo Pati\u00f1o, en su cuenta de Twitter afirm\u00f3 que tiene confianza en que todo se solucionar\u00e1. Reitero mi esperanza de que la pr\u00f3xima semana tendremos se\u00f1ales positivas tendientes a generar confianza mutua. Contribuyamos todos a ello\u009d, escribi\u00f3. Desde los sectores de oposici\u00f3n se ven las cosas de diferente manera. Ellos ya preparan acciones antes de su regreso de la vacancia legislativa el 14 de agosto pr\u00f3ximo. Roberto G\u00f3mez, jefe de bloque de CREO, dijo que lo primero que pedir\u00e1 su bancada es la comparecencia al pleno del fiscal Carlos Baca Mancheno, para que responda por la lentitud\u009d con que ha llevado el caso Odebrecht. En tanto, Guillermo Celi (SUMA) insistir\u00e1 en el juicio pol\u00edtico al vicepresidente y pedir\u00e1 al presidente Moreno que convoque a consulta popular para eliminar la reelecci\u00f3n indefinida y al Consejo de Participaci\u00f3n Ciudadana. De su parte, Vilma Andrade (ID) cree que se debe conversar entre las bancadas de oposici\u00f3n para establecer lo que se har\u00e1. Mientras tanto dijo que ella, como parte del grupo parlamentario que investiga el caso Odebrecht, pedir\u00e1 una revisi\u00f3n de la documentaci\u00f3n que entreg\u00f3 el fiscal la semana pasada, que es un listado de lo que ha hecho. Considera que es necesario que profundice m\u00e1s en los temas que est\u00e1n en esa lista. (I) &nbsp; &nbsp; Fuente: http:\/\/www.expreso.ec\/actualidad\/el-oficialismo-buscara-tender-puentes-entre-moreno-y-glas-BX1606065<\/p>\n","protected":false},"author":1,"featured_media":244957,"comment_status":"open","ping_status":"open","sticky":false,"template":"","format":"standard","meta":[],"categories":[54,32,40],"tags":[],"_links":{"self":[{"href":"https:\/\/www.ecuadortimes.net\/es\/wp-json\/wp\/v2\/posts\/244956"}],"collection":[{"href":"https:\/\/www.ecuadortimes.net\/es\/wp-json\/wp\/v2\/posts"}],"about":[{"href":"https:\/\/www.ecuadortimes.net\/es\/wp-json\/wp\/v2\/types\/post"}],"author":[{"embeddable":true,"href":"https:\/\/www.ecuadortimes.net\/es\/wp-json\/wp\/v2\/users\/1"}],"replies":[{"embeddable":true,"href":"https:\/\/www.ecuadortimes.net\/es\/wp-json\/wp\/v2\/comments?post=244956"}],"version-history":[{"count":0,"href":"https:\/\/www.ecuadortimes.net\/es\/wp-json\/wp\/v2\/posts\/244956\/revisions"}],"wp:featuredmedia":[{"embeddable":true,"href":"https:\/\/www.ecuadortimes.net\/es\/wp-json\/wp\/v2\/media\/244957"}],"wp:attachment":[{"href":"https:\/\/www.ecuadortimes.net\/es\/wp-json\/wp\/v2\/media?parent=244956"}],"wp:term":[{"taxonomy":"category","embeddable":true,"href":"https:\/\/www.ecuadortimes.net\/es\/wp-json\/wp\/v2\/categories?post=244956"},{"taxonomy":"post_tag","embeddable":true,"href":"https:\/\/www.ecuadortimes.net\/es\/wp-json\/wp\/v2\/tags?post=244956"}],"curies":[{"name":"wp","href":"https:\/\/api.w.org\/{rel}","templated":true}]}}