{"id":244962,"date":"2017-08-07T00:00:00","date_gmt":"2017-08-07T00:00:00","guid":{"rendered":"https:\/\/www.ecuadortimes.net\/es\/estamos-al-borde-de-una-deflacion-sostiene-un-exdirector-del-instituto\/"},"modified":"2017-08-07T00:00:00","modified_gmt":"2017-08-07T00:00:00","slug":"estamos-al-borde-de-una-deflacion-sostiene-un-exdirector-del-instituto","status":"publish","type":"post","link":"https:\/\/www.ecuadortimes.net\/es\/estamos-al-borde-de-una-deflacion-sostiene-un-exdirector-del-instituto\/","title":{"rendered":"Estamos al borde de una deflaci\u00f3n, sostiene un exdirector del Instituto"},"content":{"rendered":"<p><img loading=\"lazy\" class=\"size-full wp-image-188569 aligncenter\" src=\"https:\/\/www.ecuadortimes.net\/es\/wp-content\/uploads\/2017\/08\/ECUADORTIMES_ECUADORNEWS_BORDE_DEFLACION_EXDIRECTOR_INSTITUTO.jpg\" alt=\"\" width=\"762\" height=\"428\" \/><\/p>\n<p>&nbsp;<\/p>\n<p>Considero que estamos en el borde, pero a\u00fan no\u009d, es la respuesta del exdirector general del <strong>Instituto Nacional de Estad\u00edstica y Censos (INEC)<\/strong>, Byron Villac\u00eds, ante la pregunta de este Diario: \u00bfEstamos en deflaci\u00f3n (ca\u00edda general de los precios)?<\/p>\n<p>Villac\u00eds, economista y exprofesor de la Espol, con una maestr\u00eda en la <strong>Facultad Latinoamericana de Ciencias Sociales<\/strong>, con estudios de m\u00e9todos cuantitativos en la <strong>Universidad de Michigan en Ann Arbor y otros estudios<\/strong>, se\u00f1ala que la ca\u00edda de precios de junio es ligeramente ficticia: lo que influy\u00f3 en la enorme ca\u00edda fue que el INEC incluy\u00f3 los precios de los boletos a los estadios de f\u00fatbol de la Costa, incluyendo copas internacionales en el rubro de entrada a espect\u00e1culos p\u00fablicos en la categor\u00eda de recreaci\u00f3n y cultura.<\/p>\n<p>Al siguiente mes volvieron a medir y los precios cayeron, quiz\u00e1s porque ya ese mes no era de partidos de copa internacional. Esta ca\u00edda es tan fuerte que \u0098jal\u00f3\u0099 toda la categor\u00eda y toda la inflaci\u00f3n del pa\u00eds en un mes\u009d, resalta.<\/p>\n<p>Seg\u00fan el experto eso es un error conceptual, puesto que el <strong>IPC (\u00edndice de precios al consumidor)<\/strong> deber\u00eda medir el nivel general de precios del pa\u00eds\u009d. No cree que una entrada a un partido deba importar tanto en el c\u00e1lculo. Puede hasta provocar confusi\u00f3n en agentes econ\u00f3micos que analizan la econom\u00eda\u009d, opina.<\/p>\n<p>Sin embargo en julio caen los precios porque tradicionalmente eso pasa en este mes, por un reajuste de estrategia de empresas para el segundo semestre. Este efecto sumado al error conceptual del mes anterior hace que la inflaci\u00f3n anual est\u00e9 muy cerca de 0 % y eso macroecon\u00f3micamente puede encender las alarmas porque a\u00fan no es deflaci\u00f3n, pero ya est\u00e1 en el borde, a punto de serlo. Por lo tanto, s\u00ed, estamos cerca, pero hay que tomar en cuenta ese error conceptual\u009d.<\/p>\n<p>Seg\u00fan el INEC, las variaciones mensuales negativas de precios, de las divisiones de alimentos y bebidas no alcoh\u00f3licas, y la de recreaci\u00f3n y cultura (-0,73 % y -0,64 %, en su orden) son las que m\u00e1s aportaron a la variaci\u00f3n del IPC de julio de 2017. (I)<\/p>\n<p>&nbsp;<\/p>\n<p>&nbsp;<\/p>\n<p><strong>Fuente<\/strong>: <a href=\"http:\/\/www.expreso.ec\/economia\/estamos-al-borde-de-una-deflacion-sostiene-un-exdirector-del-instituto-YC1602809\" target=\"_blank\" rel=\"noopener noreferrer\">http:\/\/www.expreso.ec\/economia\/estamos-al-borde-de-una-deflacion-sostiene-un-exdirector-del-instituto-YC1602809<\/a><\/p>\n","protected":false},"excerpt":{"rendered":"<p>&nbsp; Considero que estamos en el borde, pero a\u00fan no\u009d, es la respuesta del exdirector general del Instituto Nacional de Estad\u00edstica y Censos (INEC), Byron Villac\u00eds, ante la pregunta de este Diario: \u00bfEstamos en deflaci\u00f3n (ca\u00edda general de los precios)? Villac\u00eds, economista y exprofesor de la Espol, con una maestr\u00eda en la Facultad Latinoamericana de Ciencias Sociales, con estudios de m\u00e9todos cuantitativos en la Universidad de Michigan en Ann Arbor y otros estudios, se\u00f1ala que la ca\u00edda de precios de junio es ligeramente ficticia: lo que influy\u00f3 en la enorme ca\u00edda fue que el INEC incluy\u00f3 los precios de los boletos a los estadios de f\u00fatbol de la Costa, incluyendo copas internacionales en el rubro de entrada a espect\u00e1culos p\u00fablicos en la categor\u00eda de recreaci\u00f3n y cultura. Al siguiente mes volvieron a medir y los precios cayeron, quiz\u00e1s porque ya ese mes no era de partidos de copa internacional. Esta ca\u00edda es tan fuerte que \u0098jal\u00f3\u0099 toda la categor\u00eda y toda la inflaci\u00f3n del pa\u00eds en un mes\u009d, resalta. Seg\u00fan el experto eso es un error conceptual, puesto que el IPC (\u00edndice de precios al consumidor) deber\u00eda medir el nivel general de precios del pa\u00eds\u009d. No cree que una entrada a un partido deba importar tanto en el c\u00e1lculo. Puede hasta provocar confusi\u00f3n en agentes econ\u00f3micos que analizan la econom\u00eda\u009d, opina. Sin embargo en julio caen los precios porque tradicionalmente eso pasa en este mes, por un reajuste de estrategia de empresas para el segundo semestre. Este efecto sumado al error conceptual del mes anterior hace que la inflaci\u00f3n anual est\u00e9 muy cerca de 0 % y eso macroecon\u00f3micamente puede encender las alarmas porque a\u00fan no es deflaci\u00f3n, pero ya est\u00e1 en el borde, a punto de serlo. Por lo tanto, s\u00ed, estamos cerca, pero hay que tomar en cuenta ese error conceptual\u009d. Seg\u00fan el INEC, las variaciones mensuales negativas de precios, de las divisiones de alimentos y bebidas no alcoh\u00f3licas, y la de recreaci\u00f3n y cultura (-0,73 % y -0,64 %, en su orden) son las que m\u00e1s aportaron a la variaci\u00f3n del IPC de julio de 2017. (I) &nbsp; &nbsp; Fuente: http:\/\/www.expreso.ec\/economia\/estamos-al-borde-de-una-deflacion-sostiene-un-exdirector-del-instituto-YC1602809<\/p>\n","protected":false},"author":1,"featured_media":244963,"comment_status":"open","ping_status":"open","sticky":false,"template":"","format":"standard","meta":[],"categories":[54,32,43,35],"tags":[],"_links":{"self":[{"href":"https:\/\/www.ecuadortimes.net\/es\/wp-json\/wp\/v2\/posts\/244962"}],"collection":[{"href":"https:\/\/www.ecuadortimes.net\/es\/wp-json\/wp\/v2\/posts"}],"about":[{"href":"https:\/\/www.ecuadortimes.net\/es\/wp-json\/wp\/v2\/types\/post"}],"author":[{"embeddable":true,"href":"https:\/\/www.ecuadortimes.net\/es\/wp-json\/wp\/v2\/users\/1"}],"replies":[{"embeddable":true,"href":"https:\/\/www.ecuadortimes.net\/es\/wp-json\/wp\/v2\/comments?post=244962"}],"version-history":[{"count":0,"href":"https:\/\/www.ecuadortimes.net\/es\/wp-json\/wp\/v2\/posts\/244962\/revisions"}],"wp:featuredmedia":[{"embeddable":true,"href":"https:\/\/www.ecuadortimes.net\/es\/wp-json\/wp\/v2\/media\/244963"}],"wp:attachment":[{"href":"https:\/\/www.ecuadortimes.net\/es\/wp-json\/wp\/v2\/media?parent=244962"}],"wp:term":[{"taxonomy":"category","embeddable":true,"href":"https:\/\/www.ecuadortimes.net\/es\/wp-json\/wp\/v2\/categories?post=244962"},{"taxonomy":"post_tag","embeddable":true,"href":"https:\/\/www.ecuadortimes.net\/es\/wp-json\/wp\/v2\/tags?post=244962"}],"curies":[{"name":"wp","href":"https:\/\/api.w.org\/{rel}","templated":true}]}}