{"id":244966,"date":"2017-08-07T00:00:00","date_gmt":"2017-08-07T00:00:00","guid":{"rendered":"https:\/\/www.ecuadortimes.net\/es\/personas-con-discapacidad-reciben-descuentos\/"},"modified":"2017-08-07T00:00:00","modified_gmt":"2017-08-07T00:00:00","slug":"personas-con-discapacidad-reciben-descuentos","status":"publish","type":"post","link":"https:\/\/www.ecuadortimes.net\/es\/personas-con-discapacidad-reciben-descuentos\/","title":{"rendered":"Personas con discapacidad reciben descuentos"},"content":{"rendered":"<p><img loading=\"lazy\" class=\" wp-image-188567 aligncenter\" src=\"https:\/\/www.ecuadortimes.net\/es\/wp-content\/uploads\/2017\/08\/ECUADORTIMES_ECUADORNEWS_PERSONAS_DISCAPACIDAD_RECIBEN_DESCUENTOS.jpg\" alt=\"\" width=\"865\" height=\"440\" \/><\/p>\n<p>&nbsp;<\/p>\n<p>Wilson Reinoso, comunicador con discapacidad visual, es una de las personas que hoy se beneficia con la exoneraci\u00f3n de impuestos que otorga la <strong>Ley Org\u00e1nica de Discapacidades<\/strong>. Seg\u00fan explica, gracias a esta norma es posible obtener un descuento en la compra de un veh\u00edculo importado.<\/p>\n<p>En su caso, se interes\u00f3 por un carro familiar de la marca Nissan que, la semana pasada, dio a conocer sus <strong>planes de venta de veh\u00edculos orientados a personas seg\u00fan el grado de discapacidad<\/strong>. Hay una tabla de exoneraci\u00f3n de impuestos y en mi caso se aplica el 100% porque perd\u00eda la visi\u00f3n\u009d, dijo Reinoso. Los beneficios tributarios \u00fanicamente se aplican para aquellas personas cuya discapacidad sea igual o superior al 40% de acuerdo con esta Ley.<\/p>\n<p>Para Susana Rubio, coordinadora de veh\u00edculos exonerados para Nissan, se trata de una rebaja importante en el pago de aranceles como el <strong>IVA, ICE<\/strong> y las cargas impositivas a veh\u00edculos importados. Por ejemplo, un autom\u00f3vil Nissan Versa, cuyo precio de venta al p\u00fablico es de $ 23.300, le costar\u00eda a una persona con una discapacidad del 100% aproximadamente $15.500. Este beneficio es m\u00e1s evidente en autom\u00f3viles que son importados, porque pagan otro tipo de impuesto\u009d, puntualiz\u00f3 Rubio.<\/p>\n<p>Para acceder al beneficio, en primer lugar, es importante determinar qu\u00e9 porcentaje de discapacidad tiene y para ello es necesario acreditarse en cualquier unidad de salud del Ministerio de Salud P\u00fablica o del servicio de la red p\u00fablica como el IESS, ISFA, ISPOL, Solca o Junta de Beneficencia. Al obtener el Certificado \u00c3\u009anico de Calificaci\u00f3n de Discapacidad, hay que presentarlo en las direcciones distritales del Servicio Nacional de Aduana para solo entonces obtener los beneficios. (I)<\/p>\n<p>&nbsp;<\/p>\n<p>&nbsp;<\/p>\n<p><strong>Fuente<\/strong>: <a href=\"http:\/\/www.eltelegrafo.com.ec\/noticias\/economia\/8\/personas-con-discapacidad-reciben-descuentos\" target=\"_blank\" rel=\"noopener noreferrer\">http:\/\/www.eltelegrafo.com.ec\/noticias\/economia\/8\/personas-con-discapacidad-reciben-descuentos<\/a><\/p>\n","protected":false},"excerpt":{"rendered":"<p>&nbsp; Wilson Reinoso, comunicador con discapacidad visual, es una de las personas que hoy se beneficia con la exoneraci\u00f3n de impuestos que otorga la Ley Org\u00e1nica de Discapacidades. Seg\u00fan explica, gracias a esta norma es posible obtener un descuento en la compra de un veh\u00edculo importado. En su caso, se interes\u00f3 por un carro familiar de la marca Nissan que, la semana pasada, dio a conocer sus planes de venta de veh\u00edculos orientados a personas seg\u00fan el grado de discapacidad. Hay una tabla de exoneraci\u00f3n de impuestos y en mi caso se aplica el 100% porque perd\u00eda la visi\u00f3n\u009d, dijo Reinoso. Los beneficios tributarios \u00fanicamente se aplican para aquellas personas cuya discapacidad sea igual o superior al 40% de acuerdo con esta Ley. Para Susana Rubio, coordinadora de veh\u00edculos exonerados para Nissan, se trata de una rebaja importante en el pago de aranceles como el IVA, ICE y las cargas impositivas a veh\u00edculos importados. Por ejemplo, un autom\u00f3vil Nissan Versa, cuyo precio de venta al p\u00fablico es de $ 23.300, le costar\u00eda a una persona con una discapacidad del 100% aproximadamente $15.500. Este beneficio es m\u00e1s evidente en autom\u00f3viles que son importados, porque pagan otro tipo de impuesto\u009d, puntualiz\u00f3 Rubio. Para acceder al beneficio, en primer lugar, es importante determinar qu\u00e9 porcentaje de discapacidad tiene y para ello es necesario acreditarse en cualquier unidad de salud del Ministerio de Salud P\u00fablica o del servicio de la red p\u00fablica como el IESS, ISFA, ISPOL, Solca o Junta de Beneficencia. Al obtener el Certificado \u00c3\u009anico de Calificaci\u00f3n de Discapacidad, hay que presentarlo en las direcciones distritales del Servicio Nacional de Aduana para solo entonces obtener los beneficios. (I) &nbsp; &nbsp; Fuente: http:\/\/www.eltelegrafo.com.ec\/noticias\/economia\/8\/personas-con-discapacidad-reciben-descuentos<\/p>\n","protected":false},"author":1,"featured_media":244967,"comment_status":"open","ping_status":"open","sticky":false,"template":"","format":"standard","meta":[],"categories":[54,32,40,35],"tags":[],"_links":{"self":[{"href":"https:\/\/www.ecuadortimes.net\/es\/wp-json\/wp\/v2\/posts\/244966"}],"collection":[{"href":"https:\/\/www.ecuadortimes.net\/es\/wp-json\/wp\/v2\/posts"}],"about":[{"href":"https:\/\/www.ecuadortimes.net\/es\/wp-json\/wp\/v2\/types\/post"}],"author":[{"embeddable":true,"href":"https:\/\/www.ecuadortimes.net\/es\/wp-json\/wp\/v2\/users\/1"}],"replies":[{"embeddable":true,"href":"https:\/\/www.ecuadortimes.net\/es\/wp-json\/wp\/v2\/comments?post=244966"}],"version-history":[{"count":0,"href":"https:\/\/www.ecuadortimes.net\/es\/wp-json\/wp\/v2\/posts\/244966\/revisions"}],"wp:featuredmedia":[{"embeddable":true,"href":"https:\/\/www.ecuadortimes.net\/es\/wp-json\/wp\/v2\/media\/244967"}],"wp:attachment":[{"href":"https:\/\/www.ecuadortimes.net\/es\/wp-json\/wp\/v2\/media?parent=244966"}],"wp:term":[{"taxonomy":"category","embeddable":true,"href":"https:\/\/www.ecuadortimes.net\/es\/wp-json\/wp\/v2\/categories?post=244966"},{"taxonomy":"post_tag","embeddable":true,"href":"https:\/\/www.ecuadortimes.net\/es\/wp-json\/wp\/v2\/tags?post=244966"}],"curies":[{"name":"wp","href":"https:\/\/api.w.org\/{rel}","templated":true}]}}