{"id":244974,"date":"2017-08-07T00:00:00","date_gmt":"2017-08-07T00:00:00","guid":{"rendered":"https:\/\/www.ecuadortimes.net\/es\/fiscal-asegura-que-hay-pruebas-mas-graves-que-videos-y-audios-sobre-caso-odebrecht\/"},"modified":"2017-08-07T00:00:00","modified_gmt":"2017-08-07T00:00:00","slug":"fiscal-asegura-que-hay-pruebas-mas-graves-que-videos-y-audios-sobre-caso-odebrecht","status":"publish","type":"post","link":"https:\/\/www.ecuadortimes.net\/es\/fiscal-asegura-que-hay-pruebas-mas-graves-que-videos-y-audios-sobre-caso-odebrecht\/","title":{"rendered":"Fiscal asegura que hay pruebas m\u00e1s graves que videos y audios sobre caso Odebrecht"},"content":{"rendered":"<p><img loading=\"lazy\" class=\"size-full wp-image-188589 aligncenter\" src=\"https:\/\/www.ecuadortimes.net\/es\/wp-content\/uploads\/2017\/08\/ECUADORTIMES_ECUADORNEWS_FISCAL_ASEGURA_PRUEBAS_MAS_GRAVES_QUE_AUDIOS_Y_VIDEOS.jpg\" alt=\"\" width=\"620\" height=\"264\" \/><\/p>\n<p>&nbsp;<\/p>\n<p>El Fiscal General del Estado,\u00a0<strong>Carlos Baca Mancheno<\/strong>, asegur\u00f3 hoy, 7 de agosto, que\u00a0<strong>existen pruebas mucho m\u00e1s graves que los v\u00eddeos y los audios hasta ahora presentados<\/strong>\u00a0en el tema\u00a0<a href=\"http:\/\/www.larepublica.ec\/blog\/politica\/2017\/08\/03\/delator-odebrecht-dice-pago-sobornos-glas-14-millones-dolares\/\"><strong>Odebrecht<\/strong><\/a>.<\/p>\n<p>En una entrevista en el programa Pensamiento Cr\u00edtico, de EcuadorTV, Baca se refiri\u00f3 a\u00a0los relatos del delator Jos\u00e9 Concei\u00c3\u00a7\u00c3\u00a3o, hechos p\u00fablicos la semana pasada, y en los que dice que\u00a0<strong>la compa\u00f1\u00eda pag\u00f3 14 millones de d\u00f3lares en sobornos<\/strong>\u00a0al vicepresidente\u00a0<a href=\"http:\/\/www.larepublica.ec\/blog\/politica\/2017\/08\/04\/glas-admite-reunion-con-representantes-de-odebrecht-pero-rechaza-haber-recibido-coimas\/\"><strong>Jorge Glas<\/strong><\/a>.<\/p>\n<p>Las delaciones son un indicio sobre las cuales investigar, pero no son pruebas. Tienen un valor fundamental porque orientan a las investigaciones (\u00a6) las grabaciones no son todas las evidencias que la Fiscal\u00eda recibi\u00f3, son una parte\u009d, se\u00f1al\u00f3 el Fiscal.<\/p>\n<p>Baca Mancheno tambi\u00e9n indic\u00f3 que\u00a0<strong>existen pruebas m\u00e1s fuertes como trasferencias bancarias.\u009dTodo eso tenemos y todo esto est\u00e1 en procesamiento<\/strong>\u009d indic\u00f3, de acuerdo con\u00a0<a href=\"http:\/\/www.mediospublicos.ec\/noticias\/actualidad\/la-fiscalia-no-esta-para-figuretear\" target=\"_blank\" rel=\"noopener noreferrer\">EcuadorTV.<\/a><\/p>\n<p>Asimismo, dijo que los audios y los videos filtrados recientemente, ya est\u00e1n en el proceso. La Fiscal\u00eda no est\u00e1 para \u0098figuretear\u0099, a m\u00ed me corresponde ser el Fiscal en representaci\u00f3n de los ecuatorianos\u009d, dijo el funcionario.<\/p>\n<p>Seg\u00fan el Fiscal, el organismo se tomar\u00e1 el tiempo necesario para investigar, con el compromiso de hacerlo bien y de la forma correcta. Tengan la seguridad que la Fiscal\u00eda no va a actuar sobre la presi\u00f3n de nadie\u009d, pronunci\u00f3 Baca Mancheno. (I)<\/p>\n<p>&nbsp;<\/p>\n<p>&nbsp;<\/p>\n<p><strong>Fuente: <\/strong><a href=\"http:\/\/www.larepublica.ec\/blog\/politica\/2017\/08\/07\/fiscal-asegura-que-hay-pruebas-mas-graves-que-videos-y-audios-sobre-caso-odebrecht\/\" target=\"_blank\" rel=\"noopener noreferrer\">http:\/\/www.larepublica.ec\/blog\/politica\/2017\/08\/07\/fiscal-asegura-que-hay-pruebas-mas-graves-que-videos-y-audios-sobre-caso-odebrecht\/<\/a><\/p>\n","protected":false},"excerpt":{"rendered":"<p>&nbsp; El Fiscal General del Estado,\u00a0Carlos Baca Mancheno, asegur\u00f3 hoy, 7 de agosto, que\u00a0existen pruebas mucho m\u00e1s graves que los v\u00eddeos y los audios hasta ahora presentados\u00a0en el tema\u00a0Odebrecht. En una entrevista en el programa Pensamiento Cr\u00edtico, de EcuadorTV, Baca se refiri\u00f3 a\u00a0los relatos del delator Jos\u00e9 Concei\u00c3\u00a7\u00c3\u00a3o, hechos p\u00fablicos la semana pasada, y en los que dice que\u00a0la compa\u00f1\u00eda pag\u00f3 14 millones de d\u00f3lares en sobornos\u00a0al vicepresidente\u00a0Jorge Glas. Las delaciones son un indicio sobre las cuales investigar, pero no son pruebas. Tienen un valor fundamental porque orientan a las investigaciones (\u00a6) las grabaciones no son todas las evidencias que la Fiscal\u00eda recibi\u00f3, son una parte\u009d, se\u00f1al\u00f3 el Fiscal. Baca Mancheno tambi\u00e9n indic\u00f3 que\u00a0existen pruebas m\u00e1s fuertes como trasferencias bancarias.\u009dTodo eso tenemos y todo esto est\u00e1 en procesamiento\u009d indic\u00f3, de acuerdo con\u00a0EcuadorTV. Asimismo, dijo que los audios y los videos filtrados recientemente, ya est\u00e1n en el proceso. La Fiscal\u00eda no est\u00e1 para \u0098figuretear\u0099, a m\u00ed me corresponde ser el Fiscal en representaci\u00f3n de los ecuatorianos\u009d, dijo el funcionario. Seg\u00fan el Fiscal, el organismo se tomar\u00e1 el tiempo necesario para investigar, con el compromiso de hacerlo bien y de la forma correcta. Tengan la seguridad que la Fiscal\u00eda no va a actuar sobre la presi\u00f3n de nadie\u009d, pronunci\u00f3 Baca Mancheno. (I) &nbsp; &nbsp; Fuente: http:\/\/www.larepublica.ec\/blog\/politica\/2017\/08\/07\/fiscal-asegura-que-hay-pruebas-mas-graves-que-videos-y-audios-sobre-caso-odebrecht\/<\/p>\n","protected":false},"author":1,"featured_media":244975,"comment_status":"open","ping_status":"open","sticky":false,"template":"","format":"standard","meta":[],"categories":[54,32,51,40,35,56,46],"tags":[],"_links":{"self":[{"href":"https:\/\/www.ecuadortimes.net\/es\/wp-json\/wp\/v2\/posts\/244974"}],"collection":[{"href":"https:\/\/www.ecuadortimes.net\/es\/wp-json\/wp\/v2\/posts"}],"about":[{"href":"https:\/\/www.ecuadortimes.net\/es\/wp-json\/wp\/v2\/types\/post"}],"author":[{"embeddable":true,"href":"https:\/\/www.ecuadortimes.net\/es\/wp-json\/wp\/v2\/users\/1"}],"replies":[{"embeddable":true,"href":"https:\/\/www.ecuadortimes.net\/es\/wp-json\/wp\/v2\/comments?post=244974"}],"version-history":[{"count":0,"href":"https:\/\/www.ecuadortimes.net\/es\/wp-json\/wp\/v2\/posts\/244974\/revisions"}],"wp:featuredmedia":[{"embeddable":true,"href":"https:\/\/www.ecuadortimes.net\/es\/wp-json\/wp\/v2\/media\/244975"}],"wp:attachment":[{"href":"https:\/\/www.ecuadortimes.net\/es\/wp-json\/wp\/v2\/media?parent=244974"}],"wp:term":[{"taxonomy":"category","embeddable":true,"href":"https:\/\/www.ecuadortimes.net\/es\/wp-json\/wp\/v2\/categories?post=244974"},{"taxonomy":"post_tag","embeddable":true,"href":"https:\/\/www.ecuadortimes.net\/es\/wp-json\/wp\/v2\/tags?post=244974"}],"curies":[{"name":"wp","href":"https:\/\/api.w.org\/{rel}","templated":true}]}}