{"id":244978,"date":"2017-08-08T00:00:00","date_gmt":"2017-08-08T00:00:00","guid":{"rendered":"https:\/\/www.ecuadortimes.net\/es\/lenin-moreno-vendera-un-avion-y-bajara-el-sueldo-a-altos-funcionarios\/"},"modified":"2017-08-08T00:00:00","modified_gmt":"2017-08-08T00:00:00","slug":"lenin-moreno-vendera-un-avion-y-bajara-el-sueldo-a-altos-funcionarios","status":"publish","type":"post","link":"https:\/\/www.ecuadortimes.net\/es\/lenin-moreno-vendera-un-avion-y-bajara-el-sueldo-a-altos-funcionarios\/","title":{"rendered":"Len\u00edn Moreno vender\u00e1 un avi\u00f3n y bajar\u00e1 el sueldo a altos funcionarios"},"content":{"rendered":"<p><img loading=\"lazy\" class=\"size-full wp-image-188597 aligncenter\" src=\"https:\/\/www.ecuadortimes.net\/es\/wp-content\/uploads\/2017\/08\/ECUADORTIMES_ECUADORNEWS_LENIN_MORENO_VENDERA_AVION_BAJARA_SUELDO_ALTOS_FUNCIONARIOS.jpg\" alt=\"\" width=\"716\" height=\"450\" \/><\/p>\n<p>&nbsp;<\/p>\n<p>El presidente <strong>Len\u00edn Moreno<\/strong> anunci\u00f3 la venta de uno de los dos aviones de la Presidencia de Ecuador, como una de las maneras para sortear la dif\u00edcil situaci\u00f3n econ\u00f3mica. El anuncio lo realiz\u00f3 la noche de este lunes en su habitual enlace semanal de televisi\u00f3n &#8216;<strong>El gobierno informa<\/strong>&#8216;.<\/p>\n<p>Adem\u00e1s, <strong>reducir\u00e1 el 10% del sueldo de todos los servidores p\u00fablicos de nivel jer\u00e1rquico superior<\/strong>, a quienes dijo sabr\u00e1n comprender que su aporte para sortear la crisis es un gesto &#8220;patri\u00f3tico y solidario&#8221;.<\/p>\n<p>Tambi\u00e9n ha ordenado la venta inmediata de los <strong>autom\u00f3viles de lujo del gobierno<\/strong>.<\/p>\n<p>En un corto mensaje a la naci\u00f3n, Moreno dijo que todos los bienes inmuebles de la <strong>empresa p\u00fablica Inmobiliar<\/strong> se pondr\u00e1n a la venta para invertir ese dinero en el programa &#8220;Casa para Todos&#8221;, que permita generar empleo y acceso a vivienda de las familias m\u00e1s pobres del pa\u00eds. (I)<\/p>\n<p>&nbsp;<\/p>\n<p>&nbsp;<\/p>\n<p><strong>Fuente: <\/strong><a href=\"http:\/\/www.eluniverso.com\/noticias\/2017\/08\/07\/nota\/6320338\/lenin-moreno-vendera-avion-bajara-sueldo-altos-funcionarios\" target=\"_blank\" rel=\"noopener noreferrer\">http:\/\/www.eluniverso.com\/noticias\/2017\/08\/07\/nota\/6320338\/lenin-moreno-vendera-avion-bajara-sueldo-altos-funcionarios<\/a><\/p>\n","protected":false},"excerpt":{"rendered":"<p>&nbsp; El presidente Len\u00edn Moreno anunci\u00f3 la venta de uno de los dos aviones de la Presidencia de Ecuador, como una de las maneras para sortear la dif\u00edcil situaci\u00f3n econ\u00f3mica. El anuncio lo realiz\u00f3 la noche de este lunes en su habitual enlace semanal de televisi\u00f3n &#8216;El gobierno informa&#8216;. Adem\u00e1s, reducir\u00e1 el 10% del sueldo de todos los servidores p\u00fablicos de nivel jer\u00e1rquico superior, a quienes dijo sabr\u00e1n comprender que su aporte para sortear la crisis es un gesto &#8220;patri\u00f3tico y solidario&#8221;. Tambi\u00e9n ha ordenado la venta inmediata de los autom\u00f3viles de lujo del gobierno. En un corto mensaje a la naci\u00f3n, Moreno dijo que todos los bienes inmuebles de la empresa p\u00fablica Inmobiliar se pondr\u00e1n a la venta para invertir ese dinero en el programa &#8220;Casa para Todos&#8221;, que permita generar empleo y acceso a vivienda de las familias m\u00e1s pobres del pa\u00eds. (I) &nbsp; &nbsp; Fuente: http:\/\/www.eluniverso.com\/noticias\/2017\/08\/07\/nota\/6320338\/lenin-moreno-vendera-avion-bajara-sueldo-altos-funcionarios<\/p>\n","protected":false},"author":1,"featured_media":244979,"comment_status":"open","ping_status":"open","sticky":false,"template":"","format":"standard","meta":[],"categories":[54,32,43,40,35],"tags":[],"_links":{"self":[{"href":"https:\/\/www.ecuadortimes.net\/es\/wp-json\/wp\/v2\/posts\/244978"}],"collection":[{"href":"https:\/\/www.ecuadortimes.net\/es\/wp-json\/wp\/v2\/posts"}],"about":[{"href":"https:\/\/www.ecuadortimes.net\/es\/wp-json\/wp\/v2\/types\/post"}],"author":[{"embeddable":true,"href":"https:\/\/www.ecuadortimes.net\/es\/wp-json\/wp\/v2\/users\/1"}],"replies":[{"embeddable":true,"href":"https:\/\/www.ecuadortimes.net\/es\/wp-json\/wp\/v2\/comments?post=244978"}],"version-history":[{"count":0,"href":"https:\/\/www.ecuadortimes.net\/es\/wp-json\/wp\/v2\/posts\/244978\/revisions"}],"wp:featuredmedia":[{"embeddable":true,"href":"https:\/\/www.ecuadortimes.net\/es\/wp-json\/wp\/v2\/media\/244979"}],"wp:attachment":[{"href":"https:\/\/www.ecuadortimes.net\/es\/wp-json\/wp\/v2\/media?parent=244978"}],"wp:term":[{"taxonomy":"category","embeddable":true,"href":"https:\/\/www.ecuadortimes.net\/es\/wp-json\/wp\/v2\/categories?post=244978"},{"taxonomy":"post_tag","embeddable":true,"href":"https:\/\/www.ecuadortimes.net\/es\/wp-json\/wp\/v2\/tags?post=244978"}],"curies":[{"name":"wp","href":"https:\/\/api.w.org\/{rel}","templated":true}]}}