{"id":245008,"date":"2017-08-09T00:00:00","date_gmt":"2017-08-09T00:00:00","guid":{"rendered":"https:\/\/www.ecuadortimes.net\/es\/comision-nacional-anticorrupcion-demandara-a-rafael-correa-en-corte-de-la-haya\/"},"modified":"2017-08-09T00:00:00","modified_gmt":"2017-08-09T00:00:00","slug":"comision-nacional-anticorrupcion-demandara-a-rafael-correa-en-corte-de-la-haya","status":"publish","type":"post","link":"https:\/\/www.ecuadortimes.net\/es\/comision-nacional-anticorrupcion-demandara-a-rafael-correa-en-corte-de-la-haya\/","title":{"rendered":"Comisi\u00f3n Nacional Anticorrupci\u00f3n demandar\u00e1 a Rafael Correa en corte de La Haya"},"content":{"rendered":"<p><img loading=\"lazy\" class=\"size-full wp-image-188659 aligncenter\" src=\"https:\/\/www.ecuadortimes.net\/es\/wp-content\/uploads\/2017\/08\/ECUADORTIMES_ECUADORNEWS_COMISION_NACIONAL_ANTICORRUPCION_DEMANDARA_RAFAEL_CORREA_ANTE_LA_HAYA.jpg\" alt=\"\" width=\"600\" height=\"450\" \/><\/p>\n<p>&nbsp;<\/p>\n<p>En el foro contra la corrupci\u00f3n que la\u00a0<strong>Comisi\u00f3n Nacional Anticorrupci\u00f3n<\/strong>\u00a0organiz\u00f3 ayer en Guayaquil, no solo se exigi\u00f3 una consulta popular para definir una nueva estructura de poder, sino que se anunci\u00f3 una demanda internacional por crimen de lesa humanidad contra el expresidente <strong>Rafael Correa<\/strong>.<\/p>\n<p>As\u00ed lo dio a conocer Jorge Rodr\u00edguez, presidente de la Comisi\u00f3n, quien adelant\u00f3 que los abogados del organismo han iniciado los respectivos tr\u00e1mites ante la <strong>Corte Penal Internacional de La Haya<\/strong>.<\/p>\n<p>La comisi\u00f3n no se olvida del principal responsable del descalabro econ\u00f3mico y moral del pa\u00eds durante diez a\u00f1os; tendr\u00e1 que responder por crimen de lesa humanidad ante el <strong>Tribunal Penal Internacional<\/strong> (&#8230;) por todos los desaparecidos, por todos los perseguidos, por todos los periodistas; necesitamos justificar una demanda de tipo internacional que le lleve a la c\u00e1rcel al m\u00e1s corrupto presidente que ha tenido el pa\u00eds&#8230;\u009d.<\/p>\n<p>Rodr\u00edguez adelant\u00f3, adem\u00e1s, que la pr\u00f3xima semana presentar\u00e1n una denuncia contra funcionarios de la <strong>Agencia Nacional de Tr\u00e1nsito (ANT)<\/strong>, quienes se est\u00e1n llevando sobre los 15 millones de d\u00f3lares anuales\u009d por concepto del seguro de accidentes. Y eso no podemos permitir, hemos descubierto falsificaci\u00f3n de documentos&#8230;\u009d.<\/p>\n<p>El foro sirvi\u00f3, adem\u00e1s, para presentar ante decenas de personas de diferentes organizaciones sociales y provinciales que se congregaron en el auditorio de la Plaza Rodolfo Baquerizo Moreno, a los miembros de la Comisi\u00f3n Anticorrupci\u00f3n N\u00facleo Guayaquil.<\/p>\n<p>Ellos son la exasamble\u00edsta Martha Bucaram; la activista de derechos humanos Silvia Buend\u00eda, el director del Observatorio Ciudadano de Servicios P\u00fablicos, C\u00e9sar C\u00e1rdenas; la presidenta de la Asociaci\u00f3n de Mujeres Abogadas del Ecuador, Zobeida Aragundi; el coronel (r) Alberto Molina; el delegado ante el Consejo Universitario de la Universidad de Guayaquil, Camilo Mor\u00e1n Rivas; el docente universitario Jorge Ortega; el representante de los jubilados en Guayas, Ricardo Ram\u00edrez; y la investigadora cient\u00edfica Vilma Cede\u00f1o.<\/p>\n<p>Rold\u00f3s dijo que se fortalecer\u00e1n las iniciativas ciudadanas y que saldr\u00e1n a las calles si es necesario en la lucha anticorrupci\u00f3n. Seamos francos, corrupci\u00f3n siempre ha habido, tanto cinismo nunca hab\u00edamos visto&#8230; Queremos a (Rafael) Correa aqu\u00ed enfrentando a la justicia\u009d.<\/p>\n<p>Buend\u00eda afirm\u00f3 que en los \u00faltimos a\u00f1os se ha criminalizado de los que denuncian los actos de corrupci\u00f3n y que el apoyo de los medios de comunicaci\u00f3n ser\u00e1 crucial. (I)<\/p>\n<p>&nbsp;<\/p>\n<p>&nbsp;<\/p>\n<p><strong>Fuente: <\/strong><a href=\"http:\/\/www.eluniverso.com\/noticias\/2017\/08\/09\/nota\/6321763\/comision-demandara-correa-corte-haya\" target=\"_blank\" rel=\"noopener noreferrer\">http:\/\/www.eluniverso.com\/noticias\/2017\/08\/09\/nota\/6321763\/comision-demandara-correa-corte-haya<\/a><\/p>\n","protected":false},"excerpt":{"rendered":"<p>&nbsp; En el foro contra la corrupci\u00f3n que la\u00a0Comisi\u00f3n Nacional Anticorrupci\u00f3n\u00a0organiz\u00f3 ayer en Guayaquil, no solo se exigi\u00f3 una consulta popular para definir una nueva estructura de poder, sino que se anunci\u00f3 una demanda internacional por crimen de lesa humanidad contra el expresidente Rafael Correa. As\u00ed lo dio a conocer Jorge Rodr\u00edguez, presidente de la Comisi\u00f3n, quien adelant\u00f3 que los abogados del organismo han iniciado los respectivos tr\u00e1mites ante la Corte Penal Internacional de La Haya. La comisi\u00f3n no se olvida del principal responsable del descalabro econ\u00f3mico y moral del pa\u00eds durante diez a\u00f1os; tendr\u00e1 que responder por crimen de lesa humanidad ante el Tribunal Penal Internacional (&#8230;) por todos los desaparecidos, por todos los perseguidos, por todos los periodistas; necesitamos justificar una demanda de tipo internacional que le lleve a la c\u00e1rcel al m\u00e1s corrupto presidente que ha tenido el pa\u00eds&#8230;\u009d. Rodr\u00edguez adelant\u00f3, adem\u00e1s, que la pr\u00f3xima semana presentar\u00e1n una denuncia contra funcionarios de la Agencia Nacional de Tr\u00e1nsito (ANT), quienes se est\u00e1n llevando sobre los 15 millones de d\u00f3lares anuales\u009d por concepto del seguro de accidentes. Y eso no podemos permitir, hemos descubierto falsificaci\u00f3n de documentos&#8230;\u009d. El foro sirvi\u00f3, adem\u00e1s, para presentar ante decenas de personas de diferentes organizaciones sociales y provinciales que se congregaron en el auditorio de la Plaza Rodolfo Baquerizo Moreno, a los miembros de la Comisi\u00f3n Anticorrupci\u00f3n N\u00facleo Guayaquil. Ellos son la exasamble\u00edsta Martha Bucaram; la activista de derechos humanos Silvia Buend\u00eda, el director del Observatorio Ciudadano de Servicios P\u00fablicos, C\u00e9sar C\u00e1rdenas; la presidenta de la Asociaci\u00f3n de Mujeres Abogadas del Ecuador, Zobeida Aragundi; el coronel (r) Alberto Molina; el delegado ante el Consejo Universitario de la Universidad de Guayaquil, Camilo Mor\u00e1n Rivas; el docente universitario Jorge Ortega; el representante de los jubilados en Guayas, Ricardo Ram\u00edrez; y la investigadora cient\u00edfica Vilma Cede\u00f1o. Rold\u00f3s dijo que se fortalecer\u00e1n las iniciativas ciudadanas y que saldr\u00e1n a las calles si es necesario en la lucha anticorrupci\u00f3n. Seamos francos, corrupci\u00f3n siempre ha habido, tanto cinismo nunca hab\u00edamos visto&#8230; Queremos a (Rafael) Correa aqu\u00ed enfrentando a la justicia\u009d. Buend\u00eda afirm\u00f3 que en los \u00faltimos a\u00f1os se ha criminalizado de los que denuncian los actos de corrupci\u00f3n y que el apoyo de los medios de comunicaci\u00f3n ser\u00e1 crucial. (I) &nbsp; &nbsp; Fuente: http:\/\/www.eluniverso.com\/noticias\/2017\/08\/09\/nota\/6321763\/comision-demandara-correa-corte-haya<\/p>\n","protected":false},"author":1,"featured_media":245009,"comment_status":"open","ping_status":"open","sticky":false,"template":"","format":"standard","meta":[],"categories":[54,32,40,35],"tags":[],"_links":{"self":[{"href":"https:\/\/www.ecuadortimes.net\/es\/wp-json\/wp\/v2\/posts\/245008"}],"collection":[{"href":"https:\/\/www.ecuadortimes.net\/es\/wp-json\/wp\/v2\/posts"}],"about":[{"href":"https:\/\/www.ecuadortimes.net\/es\/wp-json\/wp\/v2\/types\/post"}],"author":[{"embeddable":true,"href":"https:\/\/www.ecuadortimes.net\/es\/wp-json\/wp\/v2\/users\/1"}],"replies":[{"embeddable":true,"href":"https:\/\/www.ecuadortimes.net\/es\/wp-json\/wp\/v2\/comments?post=245008"}],"version-history":[{"count":0,"href":"https:\/\/www.ecuadortimes.net\/es\/wp-json\/wp\/v2\/posts\/245008\/revisions"}],"wp:featuredmedia":[{"embeddable":true,"href":"https:\/\/www.ecuadortimes.net\/es\/wp-json\/wp\/v2\/media\/245009"}],"wp:attachment":[{"href":"https:\/\/www.ecuadortimes.net\/es\/wp-json\/wp\/v2\/media?parent=245008"}],"wp:term":[{"taxonomy":"category","embeddable":true,"href":"https:\/\/www.ecuadortimes.net\/es\/wp-json\/wp\/v2\/categories?post=245008"},{"taxonomy":"post_tag","embeddable":true,"href":"https:\/\/www.ecuadortimes.net\/es\/wp-json\/wp\/v2\/tags?post=245008"}],"curies":[{"name":"wp","href":"https:\/\/api.w.org\/{rel}","templated":true}]}}