{"id":245010,"date":"2017-08-09T00:00:00","date_gmt":"2017-08-09T00:00:00","guid":{"rendered":"https:\/\/www.ecuadortimes.net\/es\/la-mas-extrana-conexion-telconet-y-odebrecht\/"},"modified":"2017-08-09T00:00:00","modified_gmt":"2017-08-09T00:00:00","slug":"la-mas-extrana-conexion-telconet-y-odebrecht","status":"publish","type":"post","link":"https:\/\/www.ecuadortimes.net\/es\/la-mas-extrana-conexion-telconet-y-odebrecht\/","title":{"rendered":"La m\u00e1s extra\u00f1a conexi\u00f3n: Telconet y Odebrecht"},"content":{"rendered":"<p><img loading=\"lazy\" class=\"size-full wp-image-188670 aligncenter\" src=\"https:\/\/www.ecuadortimes.net\/es\/wp-content\/uploads\/2017\/08\/ECUADORTIMES_ECUADORNEWS_LA_MAS_EXTRAN\u00cc\u0083A_CONEXION_TELCONET_ODEBRECHT.jpg\" alt=\"\" width=\"762\" height=\"428\" \/><\/p>\n<p>&nbsp;<\/p>\n<p>Un tri\u00e1ngulo de responsabilidades. La relaci\u00f3n entre\u00a0<b>Odebrecht<\/b>, la constructora corrupta;\u00a0<b>Telconet<\/b>, la mayor empresa de telecomunicaciones para corporaciones; y<b>\u00a0Ricardo Rivera<\/b>, t\u00edo del vicepresidente<b>\u00a0Jorge Glas<\/b>, en arresto domiciliario bajo acusaci\u00f3n fiscal de haber recibido el 1 % de cada contrato de la compa\u00f1\u00eda brasile\u00f1a en Ecuador, se asoma como la m\u00e1s retadora tarea probatoria de la fiscal del caso,\u00a0<b>Diana Salazar<\/b>.<\/p>\n<p>Al fin y al cabo: \u00bfC\u00f3mo es que dos empresas con actividades tan paralelas pueden cruzarse en alg\u00fan momento? El punto com\u00fan:<b>\u00a0Ricardo Rivera.<\/b><\/p>\n<p><b><\/b>Rivera y\u00a0<b>Tomislav Topic<\/b>, due\u00f1o y fundador de Telconet, se relacionan desde hace m\u00e1s de cuatro d\u00e9cadas en la industria de telecomunicaciones que comparten.<\/p>\n<p>Seg\u00fan el testimonio de Topic ante la Fiscal\u00eda, el inicio de este enredo con proporciones judiciales se dio en 2010, cuando la compa\u00f1\u00eda de\u00a0<b>Internet<\/b>\u00a0decidi\u00f3 entrar al negocio del cable submarino y la fibra \u00f3ptica, que le ha hecho lugar en la industria. Ricardo Rivera me pregunt\u00f3 del proyecto y se lo expuse y semanas despu\u00e9s me dijo que ten\u00eda unos inversionistas de China que pod\u00edan invertir\u009d, narra Topic, hombre amable pero poco medi\u00e1tico en su declaraci\u00f3n. La negociaci\u00f3n termin\u00f3 en un fracaso, un incumplimiento de contrato; pero a decir de Topic se hab\u00eda creado una compa\u00f1\u00eda,\u00a0<b>Glory International Corp<\/b>. De all\u00ed el v\u00ednculo de comisiones a nombre de Rivera por m\u00e1s de cinco millones de d\u00f3lares, justificados por Topic como comisiones\u009d.<\/p>\n<p>El t\u00edo del vicepresidente, sin embargo, los puso en contacto con otra empresa, adem\u00e1s de los chinos\u009d, Odebrecht. La compa\u00f1\u00eda de ingenier\u00eda brasile\u00f1a entr\u00f3 a ser parte del negocio de Telconet, dedicada a servicios de internet, a pesar de no estar autorizada a celebrar contratos en un giro de negocios que nada tiene que ver con telecomunicaciones.<\/p>\n<p>Topic asegura que, bajo las leyes del Ecuador se escribi\u00f3 un contrato\u009d, el 3 de junio de 2010. Este, sin embargo, nunca lleg\u00f3 a suscribirse. La negociaci\u00f3n con Odebrecht estuvo directamente a cargo de Rivera, seg\u00fan Topic. Y as\u00ed fue como 1 mill\u00f3n 980 mil d\u00f3lares fueron depositados a un acreedor de\u00a0<b>Telconet<\/b>. La transferencia que la constructora brasile\u00f1a hab\u00eda prometido lleg\u00f3 por otra v\u00eda:\u00a0<b>Constructora del Sur<\/b>, una compa\u00f1\u00eda hoy identificada por la Justicia brasile\u00f1a como el veh\u00edculo de coimas\u009d de Odebrecht. Ante la confusi\u00f3n, Topic asegura haber dejado en stand by\u009d la operaci\u00f3n. Y eso es todo.<\/p>\n<p>Por eso, esta semana entreg\u00f3 2,5 millones de d\u00f3lares como prueba\u009d a la\u00a0<b>Fiscal\u00eda General<\/b>, pues ha asegurado que el dinero no se toc\u00f3 al no tener certezas de su origen.<\/p>\n<p>Las dudas de la versi\u00f3n se asoman en el expediente fiscal. Odebrecht no solo no estaba autorizada en su raz\u00f3n social para contratos de telecomunicaciones, sino que tampoco hace figurar a\u00a0<b>Telconet<\/b>\u00a0o\u00a0<b>Glory International\u00a0<\/b>en su lista de clientes, entregada a las autoridades.<\/p>\n<p>Rivera, cuyo rostro y voz protagonizan un v\u00eddeo, entregado por los delatores brasile\u00f1os, exigiendo plata para la campa\u00f1a de vidrio\u009d a Odebrecht y un dep\u00f3sito de ocho o nueve millones\u009d a las cuentas de\u00a0<b>Telconet<\/b>\u00a0<b>International<\/b>, alega en conversaciones con\u00a0<b>EXPRESO<\/b>, que se trat\u00f3 de un negocio entre privados\u009d y que su rol de sospechoso fue fraguado. Es todo un plan para involucrarme y de rebote al VP\u009d.<\/p>\n<p><i><b>El exministro Sol\u00eds no aparece por ning\u00fan lado<\/b><\/i><\/p>\n<p>El paradero del exministro de Vivienda y exsecretario de\u00a0<b>Senagua<\/b>,\u00a0<b>Walter<\/b>\u00a0<b>Sol\u00eds<\/b>, es incierto. Su esposa, la concejala de Guayaquil, Zaida Loayza, quien est\u00e1 fuera del pa\u00eds, dijo a\u00a0<b>EXPRESO<\/b>\u00a0que se consulte a sus abogados.<\/p>\n<p>Este Diario consult\u00f3 por correo electr\u00f3nico a\u00a0<b>Gutemberg Vera<\/b>, pero hasta el cierre de la edici\u00f3n no hubo respuesta. Tampoco respondi\u00f3 al tel\u00e9fono celular.<\/p>\n<p>Sol\u00eds fue llamado a la Fiscal\u00eda a dar una versi\u00f3n sin juramento en el expediente de asociaci\u00f3n il\u00edcita por el caso Odebrecht que investiga a Ricardo Rivera, t\u00edo del vicepresidente Jorge Glas y otros, pero no se present\u00f3.<\/p>\n<p>Al menos dos personas que dieron una versi\u00f3n sin juramento en la Fiscal\u00eda lo se\u00f1alaron como el funcionario que firm\u00f3 el contrato del\u00a0<b>proyecto<\/b>\u00a0<b>Daule-Vinces<\/b>.<\/p>\n<p>Su defensor present\u00f3 un escrito ante la fiscal Diana Salazar, coordinadora de la<b>Unidad de Transparencia y Lucha contra la Corrupci\u00f3n<\/b>. En el documento explica que la orden de detenci\u00f3n dictada en su contra, constituye \u0098fuerza mayor o caso fortuito\u0099 e impide su presencia en la diligencia.<\/p>\n<p>Para el exministro, la orden de detenci\u00f3n impuesta en mi contra es por dem\u00e1s arbitraria, ilegal e inconstitucional, toda vez que carece de motivaci\u00f3n l\u00f3gica\u009d.<\/p>\n<p>Seg\u00fan lo expresado en el escrito la orden judicial se est\u00e1 convirtiendo en una condena indefinida que no me permite defenderme ni cumplir con su orden de rendir declaraci\u00f3n libre y voluntaria\u009d.<\/p>\n<p>Extraoficialmente se conoci\u00f3 que el exministro habr\u00eda abandonado el pa\u00eds. La \u00faltima vez que habr\u00eda sido visto ser\u00eda cuando se desplazaba hacia Colombia v\u00eda terrestre.<\/p>\n<p>Este Diario intent\u00f3 corroborar esa informaci\u00f3n con sus abogados pero no hubo respuesta positiva. (I)<\/p>\n<p>&nbsp;<\/p>\n<p>&nbsp;<\/p>\n<p><strong>Fuente: <\/strong><span style=\"font-family: Calibri; color: black;\"><a href=\"http:\/\/www.expreso.ec\/actualidad\/odebrecht-corrupcion-telconet-juicios-fiscalia-AF1610929\" target=\"_blank\" rel=\"noopener noreferrer\"><span style=\"color: #1155cc;\">http:\/\/www.expreso.ec\/<wbr \/>actualidad\/odebrecht-<wbr \/>corrupcion-telconet-juicios-<wbr \/>fiscalia-AF1610929<\/span><\/a><\/span><\/p>\n","protected":false},"excerpt":{"rendered":"<p>&nbsp; Un tri\u00e1ngulo de responsabilidades. La relaci\u00f3n entre\u00a0Odebrecht, la constructora corrupta;\u00a0Telconet, la mayor empresa de telecomunicaciones para corporaciones; y\u00a0Ricardo Rivera, t\u00edo del vicepresidente\u00a0Jorge Glas, en arresto domiciliario bajo acusaci\u00f3n fiscal de haber recibido el 1 % de cada contrato de la compa\u00f1\u00eda brasile\u00f1a en Ecuador, se asoma como la m\u00e1s retadora tarea probatoria de la fiscal del caso,\u00a0Diana Salazar. Al fin y al cabo: \u00bfC\u00f3mo es que dos empresas con actividades tan paralelas pueden cruzarse en alg\u00fan momento? El punto com\u00fan:\u00a0Ricardo Rivera. Rivera y\u00a0Tomislav Topic, due\u00f1o y fundador de Telconet, se relacionan desde hace m\u00e1s de cuatro d\u00e9cadas en la industria de telecomunicaciones que comparten. Seg\u00fan el testimonio de Topic ante la Fiscal\u00eda, el inicio de este enredo con proporciones judiciales se dio en 2010, cuando la compa\u00f1\u00eda de\u00a0Internet\u00a0decidi\u00f3 entrar al negocio del cable submarino y la fibra \u00f3ptica, que le ha hecho lugar en la industria. Ricardo Rivera me pregunt\u00f3 del proyecto y se lo expuse y semanas despu\u00e9s me dijo que ten\u00eda unos inversionistas de China que pod\u00edan invertir\u009d, narra Topic, hombre amable pero poco medi\u00e1tico en su declaraci\u00f3n. La negociaci\u00f3n termin\u00f3 en un fracaso, un incumplimiento de contrato; pero a decir de Topic se hab\u00eda creado una compa\u00f1\u00eda,\u00a0Glory International Corp. De all\u00ed el v\u00ednculo de comisiones a nombre de Rivera por m\u00e1s de cinco millones de d\u00f3lares, justificados por Topic como comisiones\u009d. El t\u00edo del vicepresidente, sin embargo, los puso en contacto con otra empresa, adem\u00e1s de los chinos\u009d, Odebrecht. La compa\u00f1\u00eda de ingenier\u00eda brasile\u00f1a entr\u00f3 a ser parte del negocio de Telconet, dedicada a servicios de internet, a pesar de no estar autorizada a celebrar contratos en un giro de negocios que nada tiene que ver con telecomunicaciones. Topic asegura que, bajo las leyes del Ecuador se escribi\u00f3 un contrato\u009d, el 3 de junio de 2010. Este, sin embargo, nunca lleg\u00f3 a suscribirse. La negociaci\u00f3n con Odebrecht estuvo directamente a cargo de Rivera, seg\u00fan Topic. Y as\u00ed fue como 1 mill\u00f3n 980 mil d\u00f3lares fueron depositados a un acreedor de\u00a0Telconet. La transferencia que la constructora brasile\u00f1a hab\u00eda prometido lleg\u00f3 por otra v\u00eda:\u00a0Constructora del Sur, una compa\u00f1\u00eda hoy identificada por la Justicia brasile\u00f1a como el veh\u00edculo de coimas\u009d de Odebrecht. Ante la confusi\u00f3n, Topic asegura haber dejado en stand by\u009d la operaci\u00f3n. Y eso es todo. Por eso, esta semana entreg\u00f3 2,5 millones de d\u00f3lares como prueba\u009d a la\u00a0Fiscal\u00eda General, pues ha asegurado que el dinero no se toc\u00f3 al no tener certezas de su origen. Las dudas de la versi\u00f3n se asoman en el expediente fiscal. Odebrecht no solo no estaba autorizada en su raz\u00f3n social para contratos de telecomunicaciones, sino que tampoco hace figurar a\u00a0Telconet\u00a0o\u00a0Glory International\u00a0en su lista de clientes, entregada a las autoridades. Rivera, cuyo rostro y voz protagonizan un v\u00eddeo, entregado por los delatores brasile\u00f1os, exigiendo plata para la campa\u00f1a de vidrio\u009d a Odebrecht y un dep\u00f3sito de ocho o nueve millones\u009d a las cuentas de\u00a0Telconet\u00a0International, alega en conversaciones con\u00a0EXPRESO, que se trat\u00f3 de un negocio entre privados\u009d y que su rol de sospechoso fue fraguado. Es todo un plan para involucrarme y de rebote al VP\u009d. El exministro Sol\u00eds no aparece por ning\u00fan lado El paradero del exministro de Vivienda y exsecretario de\u00a0Senagua,\u00a0Walter\u00a0Sol\u00eds, es incierto. Su esposa, la concejala de Guayaquil, Zaida Loayza, quien est\u00e1 fuera del pa\u00eds, dijo a\u00a0EXPRESO\u00a0que se consulte a sus abogados. Este Diario consult\u00f3 por correo electr\u00f3nico a\u00a0Gutemberg Vera, pero hasta el cierre de la edici\u00f3n no hubo respuesta. Tampoco respondi\u00f3 al tel\u00e9fono celular. Sol\u00eds fue llamado a la Fiscal\u00eda a dar una versi\u00f3n sin juramento en el expediente de asociaci\u00f3n il\u00edcita por el caso Odebrecht que investiga a Ricardo Rivera, t\u00edo del vicepresidente Jorge Glas y otros, pero no se present\u00f3. Al menos dos personas que dieron una versi\u00f3n sin juramento en la Fiscal\u00eda lo se\u00f1alaron como el funcionario que firm\u00f3 el contrato del\u00a0proyecto\u00a0Daule-Vinces. Su defensor present\u00f3 un escrito ante la fiscal Diana Salazar, coordinadora de laUnidad de Transparencia y Lucha contra la Corrupci\u00f3n. En el documento explica que la orden de detenci\u00f3n dictada en su contra, constituye \u0098fuerza mayor o caso fortuito\u0099 e impide su presencia en la diligencia. Para el exministro, la orden de detenci\u00f3n impuesta en mi contra es por dem\u00e1s arbitraria, ilegal e inconstitucional, toda vez que carece de motivaci\u00f3n l\u00f3gica\u009d. Seg\u00fan lo expresado en el escrito la orden judicial se est\u00e1 convirtiendo en una condena indefinida que no me permite defenderme ni cumplir con su orden de rendir declaraci\u00f3n libre y voluntaria\u009d. Extraoficialmente se conoci\u00f3 que el exministro habr\u00eda abandonado el pa\u00eds. La \u00faltima vez que habr\u00eda sido visto ser\u00eda cuando se desplazaba hacia Colombia v\u00eda terrestre. Este Diario intent\u00f3 corroborar esa informaci\u00f3n con sus abogados pero no hubo respuesta positiva. (I) &nbsp; &nbsp; Fuente: http:\/\/www.expreso.ec\/actualidad\/odebrecht-corrupcion-telconet-juicios-fiscalia-AF1610929<\/p>\n","protected":false},"author":1,"featured_media":245011,"comment_status":"open","ping_status":"open","sticky":false,"template":"","format":"standard","meta":[],"categories":[54,32,35,56],"tags":[],"_links":{"self":[{"href":"https:\/\/www.ecuadortimes.net\/es\/wp-json\/wp\/v2\/posts\/245010"}],"collection":[{"href":"https:\/\/www.ecuadortimes.net\/es\/wp-json\/wp\/v2\/posts"}],"about":[{"href":"https:\/\/www.ecuadortimes.net\/es\/wp-json\/wp\/v2\/types\/post"}],"author":[{"embeddable":true,"href":"https:\/\/www.ecuadortimes.net\/es\/wp-json\/wp\/v2\/users\/1"}],"replies":[{"embeddable":true,"href":"https:\/\/www.ecuadortimes.net\/es\/wp-json\/wp\/v2\/comments?post=245010"}],"version-history":[{"count":0,"href":"https:\/\/www.ecuadortimes.net\/es\/wp-json\/wp\/v2\/posts\/245010\/revisions"}],"wp:featuredmedia":[{"embeddable":true,"href":"https:\/\/www.ecuadortimes.net\/es\/wp-json\/wp\/v2\/media\/245011"}],"wp:attachment":[{"href":"https:\/\/www.ecuadortimes.net\/es\/wp-json\/wp\/v2\/media?parent=245010"}],"wp:term":[{"taxonomy":"category","embeddable":true,"href":"https:\/\/www.ecuadortimes.net\/es\/wp-json\/wp\/v2\/categories?post=245010"},{"taxonomy":"post_tag","embeddable":true,"href":"https:\/\/www.ecuadortimes.net\/es\/wp-json\/wp\/v2\/tags?post=245010"}],"curies":[{"name":"wp","href":"https:\/\/api.w.org\/{rel}","templated":true}]}}