{"id":245015,"date":"2017-08-09T00:00:00","date_gmt":"2017-08-09T00:00:00","guid":{"rendered":"https:\/\/www.ecuadortimes.net\/es\/a-iran-le-interesa-linea-naviera-directa-con-ecuador\/"},"modified":"2017-08-09T00:00:00","modified_gmt":"2017-08-09T00:00:00","slug":"a-iran-le-interesa-linea-naviera-directa-con-ecuador","status":"publish","type":"post","link":"https:\/\/www.ecuadortimes.net\/es\/a-iran-le-interesa-linea-naviera-directa-con-ecuador\/","title":{"rendered":"A Ir\u00e1n le interesa l\u00ednea naviera directa con Ecuador"},"content":{"rendered":"<p><img loading=\"lazy\" class=\"size-full wp-image-188669 aligncenter\" src=\"https:\/\/www.ecuadortimes.net\/es\/wp-content\/uploads\/2017\/08\/ECUADORTIMES_ECUADORNEWS_IRAN_INTERESA_LINEA_NAVIERA_DIRECTA_ECUADOR.jpg\" alt=\"\" width=\"762\" height=\"450\" \/><\/p>\n<p>&nbsp;<\/p>\n<div class=\"location-event\"><strong>Manta &#8211;<\/strong>Entre las propuestas que tiene el <strong>Gobierno de Ir\u00e1n<\/strong> <strong>para establecer negocios con pa\u00edses de la costa del Pac\u00edfico de Am\u00e9rica del Sur<\/strong> es tener una l\u00ednea naviera directa con Ecuador que cubra esa zona. Lo anunci\u00f3 su embajador, Saadat Aghajani, en una visita que realiz\u00f3 el jueves pasado a Manta.<\/div>\n<p>El puerto manabita ser\u00eda la opci\u00f3n para convertir esa ruta posible. <em>Hemos visto que en este pa\u00eds el puerto de Manta tiene todas las posibilidades de recibir esta l\u00ednea naviera y esto lo vamos a transmitir a nuestra empresa p\u00fablica naviera<\/em>\u009d, se\u00f1al\u00f3 el diplom\u00e1tico.<\/p>\n<p>Entre los productos de mayor consumo que tiene Ir\u00e1n desde Ecuador est\u00e1 el banano y, de acuerdo con <strong>Aghajani<\/strong>, ese periplo no es directo sino que desde Guayaquil se lo traslada hasta el puerto de Mersin, en Turqu\u00eda, y desde ah\u00ed se env\u00eda a la naci\u00f3n asi\u00e1tica.<\/p>\n<p>Dijo que para ello se trabaja para que sea un puerto iran\u00ed el receptor directo del producto ecuatoriano, en vez del periplo por Mersin en Turqu\u00eda, con lo que se abaratar\u00edan costos.<\/p>\n<p>De la misma manera se pueden trasladar los productos iran\u00edes al sur de Am\u00e9rica a trav\u00e9s del puerto de Manta, y este se podr\u00eda convertir en el centro de intercambio comercial entre Ir\u00e1n y Ecuador\u009d, agreg\u00f3.<\/p>\n<p>Precisamente Aghajani visit\u00f3 Autoridad Portuaria de Manta, donde las autoridades de esta entidad p\u00fablica lo recibieron e indicaron que esperan que se concreten las intenciones del Gobierno iran\u00ed.(I)<\/p>\n<p>&nbsp;<\/p>\n<p>&nbsp;<\/p>\n<p><strong>Fuente: <\/strong><a href=\"http:\/\/www.eluniverso.com\/noticias\/2017\/08\/09\/nota\/6321571\/iran-le-interesa-linea-naviera-directa-pais\" target=\"_blank\" rel=\"noopener noreferrer\" data-saferedirecturl=\"https:\/\/www.google.com\/url?hl=es&amp;q=http:\/\/www.eluniverso.com\/noticias\/2017\/08\/09\/nota\/6321571\/iran-le-interesa-linea-naviera-directa-pais&amp;source=gmail&amp;ust=1502371613768000&amp;usg=AFQjCNEN8EpgUfRcf_FCXfNCQoa2JqPWnw\">http:\/\/www.eluniverso.com\/<wbr \/>noticias\/2017\/08\/09\/nota\/<wbr \/>6321571\/iran-le-interesa-<wbr \/>linea-naviera-directa-pais<\/a><\/p>\n","protected":false},"excerpt":{"rendered":"<p>&nbsp; Manta &#8211;Entre las propuestas que tiene el Gobierno de Ir\u00e1n para establecer negocios con pa\u00edses de la costa del Pac\u00edfico de Am\u00e9rica del Sur es tener una l\u00ednea naviera directa con Ecuador que cubra esa zona. Lo anunci\u00f3 su embajador, Saadat Aghajani, en una visita que realiz\u00f3 el jueves pasado a Manta. El puerto manabita ser\u00eda la opci\u00f3n para convertir esa ruta posible. Hemos visto que en este pa\u00eds el puerto de Manta tiene todas las posibilidades de recibir esta l\u00ednea naviera y esto lo vamos a transmitir a nuestra empresa p\u00fablica naviera\u009d, se\u00f1al\u00f3 el diplom\u00e1tico. Entre los productos de mayor consumo que tiene Ir\u00e1n desde Ecuador est\u00e1 el banano y, de acuerdo con Aghajani, ese periplo no es directo sino que desde Guayaquil se lo traslada hasta el puerto de Mersin, en Turqu\u00eda, y desde ah\u00ed se env\u00eda a la naci\u00f3n asi\u00e1tica. Dijo que para ello se trabaja para que sea un puerto iran\u00ed el receptor directo del producto ecuatoriano, en vez del periplo por Mersin en Turqu\u00eda, con lo que se abaratar\u00edan costos. De la misma manera se pueden trasladar los productos iran\u00edes al sur de Am\u00e9rica a trav\u00e9s del puerto de Manta, y este se podr\u00eda convertir en el centro de intercambio comercial entre Ir\u00e1n y Ecuador\u009d, agreg\u00f3. Precisamente Aghajani visit\u00f3 Autoridad Portuaria de Manta, donde las autoridades de esta entidad p\u00fablica lo recibieron e indicaron que esperan que se concreten las intenciones del Gobierno iran\u00ed.(I) &nbsp; &nbsp; Fuente: http:\/\/www.eluniverso.com\/noticias\/2017\/08\/09\/nota\/6321571\/iran-le-interesa-linea-naviera-directa-pais<\/p>\n","protected":false},"author":1,"featured_media":245016,"comment_status":"open","ping_status":"open","sticky":false,"template":"","format":"standard","meta":[],"categories":[54,32,33,43,35],"tags":[],"_links":{"self":[{"href":"https:\/\/www.ecuadortimes.net\/es\/wp-json\/wp\/v2\/posts\/245015"}],"collection":[{"href":"https:\/\/www.ecuadortimes.net\/es\/wp-json\/wp\/v2\/posts"}],"about":[{"href":"https:\/\/www.ecuadortimes.net\/es\/wp-json\/wp\/v2\/types\/post"}],"author":[{"embeddable":true,"href":"https:\/\/www.ecuadortimes.net\/es\/wp-json\/wp\/v2\/users\/1"}],"replies":[{"embeddable":true,"href":"https:\/\/www.ecuadortimes.net\/es\/wp-json\/wp\/v2\/comments?post=245015"}],"version-history":[{"count":0,"href":"https:\/\/www.ecuadortimes.net\/es\/wp-json\/wp\/v2\/posts\/245015\/revisions"}],"wp:featuredmedia":[{"embeddable":true,"href":"https:\/\/www.ecuadortimes.net\/es\/wp-json\/wp\/v2\/media\/245016"}],"wp:attachment":[{"href":"https:\/\/www.ecuadortimes.net\/es\/wp-json\/wp\/v2\/media?parent=245015"}],"wp:term":[{"taxonomy":"category","embeddable":true,"href":"https:\/\/www.ecuadortimes.net\/es\/wp-json\/wp\/v2\/categories?post=245015"},{"taxonomy":"post_tag","embeddable":true,"href":"https:\/\/www.ecuadortimes.net\/es\/wp-json\/wp\/v2\/tags?post=245015"}],"curies":[{"name":"wp","href":"https:\/\/api.w.org\/{rel}","templated":true}]}}