{"id":245017,"date":"2017-08-09T00:00:00","date_gmt":"2017-08-09T00:00:00","guid":{"rendered":"https:\/\/www.ecuadortimes.net\/es\/la-inversion-en-proyectos-estrategicos-cae-en-mas-del-43-con-el-nuevo-gobierno\/"},"modified":"2017-08-09T00:00:00","modified_gmt":"2017-08-09T00:00:00","slug":"la-inversion-en-proyectos-estrategicos-cae-en-mas-del-43-con-el-nuevo-gobierno","status":"publish","type":"post","link":"https:\/\/www.ecuadortimes.net\/es\/la-inversion-en-proyectos-estrategicos-cae-en-mas-del-43-con-el-nuevo-gobierno\/","title":{"rendered":"La inversi\u00f3n en proyectos estrat\u00e9gicos cae en m\u00e1s del 43 % con el nuevo Gobierno"},"content":{"rendered":"<p><img loading=\"lazy\" class=\"size-full wp-image-188668 aligncenter\" src=\"https:\/\/www.ecuadortimes.net\/es\/wp-content\/uploads\/2017\/08\/ECUADORTIMES_ECUADORNEWS_INVERSION_PROYECTO_ESTRATEGICO_CAE_43_EN_NUEVO_GOBIERNO.jpg\" alt=\"\" width=\"761\" height=\"428\" \/><\/p>\n<p>&nbsp;<\/p>\n<p>El anuncio de un cambio de estilo se evidencia en los gastos que planea el nuevo\u00a0<b>Gobierno<\/b>. La proforma presupuestaria de 2017 muestra una reducci\u00f3n de\u00a0<b>106 millones de d\u00f3lares\u00a0<\/b>en los\u00a0<b>proyectos<\/b>\u00a0<b>hidroel\u00e9ctricos<\/b>, si se compara el monto con el a\u00f1o pasado. El monto es exactamente el que se incrementar\u00e1 en la asignaci\u00f3n para\u00a0<b>bonos de desarrollo social<\/b>.<\/p>\n<p>El\u00a0<b>Ministerio de Electricidad<\/b>, seg\u00fan cifras oficiales, tendr\u00e1 un\u00a0<b>43 % menos\u00a0<\/b>en su presupuesto para inversiones. A decir del\u00a0<b>ministro de Econom\u00eda y Finanzas, Carlos de la Torre<\/b>, la disminuci\u00f3n responde a que las megaobras ya fueron construidas por la administraci\u00f3n anterior.<\/p>\n<p>El nuevo \u00e9nfasis gubernamental ser\u00e1 el sector social. Oswaldo Land\u00e1zuri, analista econ\u00f3mico y representante del sector ensamblador de motocicletas, considera que el enfoque del Gobierno es positivo, pero detecta inconsistencias.<\/p>\n<p>El\u00a0<b>Plan Anual<\/b>\u00a0<b>de Inversiones<\/b>\u00a0es un ejemplo. Aunque el monto ya no se destina a los sectores estrat\u00e9gicos, el gasto es mayor que lo presupuestado para 2016. En ese a\u00f1o se estim\u00f3 un gasto de<b>\u00a05.348 millones de d\u00f3lares<\/b>. Ahora son 5.454 millones.<\/p>\n<p>\u00bfEn qu\u00e9 se usar\u00e1 el dinero? El plan de inversiones prioriza los\u00a0<b>proyectos de Salud y Agricultura<\/b>. En la lista de aumentos tambi\u00e9n consta\u00a0<b>Inmobiliar<\/b>. El a\u00f1o pasado, la administradora de inmuebles manej\u00f3\u00a0<b>28,6 millones<\/b>, este a\u00f1o tendr\u00e1\u00a0<b>102,8 millones<\/b>. (ver cuadro)<\/p>\n<p>Por fuera de la inversi\u00f3n tambi\u00e9n hay aumentos en el\u00a0<b>gasto social<\/b>\u00a0corriente. Tal como inform\u00f3\u00a0<b>EXPRESO<\/b>, ayer, el monto de bonos creci\u00f3 en 106 millones de d\u00f3lares porque se gastar\u00e1 m\u00e1s en el\u00a0<b>Bono de Desarrollo Humano<\/b>\u00a0y en dos nuevos subsidios: uno exequial y otro de emergencias. El\u00a0<b>Ministerio de Inclusi\u00f3n Econ\u00f3mica y Social\u00a0<\/b>trabaja en la implementaci\u00f3n. (I)<\/p>\n<p>&nbsp;<\/p>\n<p>&nbsp;<\/p>\n<p><strong>Fuente: <\/strong><a href=\"http:\/\/www.expreso.ec\/economia\/inversiones-obras-economia-finanzas-BF1610773\" target=\"_blank\" rel=\"noopener noreferrer\" data-saferedirecturl=\"https:\/\/www.google.com\/url?hl=es&amp;q=http:\/\/www.expreso.ec\/economia\/inversiones-obras-economia-finanzas-BF1610773&amp;source=gmail&amp;ust=1502371613768000&amp;usg=AFQjCNGjthR8mvkeZkJ2WL7LyIgwXnbHsw\">http:\/\/www.expreso.ec\/<wbr \/>economia\/inversiones-obras-<wbr \/>economia-finanzas-BF1610773<\/a><\/p>\n","protected":false},"excerpt":{"rendered":"<p>&nbsp; El anuncio de un cambio de estilo se evidencia en los gastos que planea el nuevo\u00a0Gobierno. La proforma presupuestaria de 2017 muestra una reducci\u00f3n de\u00a0106 millones de d\u00f3lares\u00a0en los\u00a0proyectos\u00a0hidroel\u00e9ctricos, si se compara el monto con el a\u00f1o pasado. El monto es exactamente el que se incrementar\u00e1 en la asignaci\u00f3n para\u00a0bonos de desarrollo social. El\u00a0Ministerio de Electricidad, seg\u00fan cifras oficiales, tendr\u00e1 un\u00a043 % menos\u00a0en su presupuesto para inversiones. A decir del\u00a0ministro de Econom\u00eda y Finanzas, Carlos de la Torre, la disminuci\u00f3n responde a que las megaobras ya fueron construidas por la administraci\u00f3n anterior. El nuevo \u00e9nfasis gubernamental ser\u00e1 el sector social. Oswaldo Land\u00e1zuri, analista econ\u00f3mico y representante del sector ensamblador de motocicletas, considera que el enfoque del Gobierno es positivo, pero detecta inconsistencias. El\u00a0Plan Anual\u00a0de Inversiones\u00a0es un ejemplo. Aunque el monto ya no se destina a los sectores estrat\u00e9gicos, el gasto es mayor que lo presupuestado para 2016. En ese a\u00f1o se estim\u00f3 un gasto de\u00a05.348 millones de d\u00f3lares. Ahora son 5.454 millones. \u00bfEn qu\u00e9 se usar\u00e1 el dinero? El plan de inversiones prioriza los\u00a0proyectos de Salud y Agricultura. En la lista de aumentos tambi\u00e9n consta\u00a0Inmobiliar. El a\u00f1o pasado, la administradora de inmuebles manej\u00f3\u00a028,6 millones, este a\u00f1o tendr\u00e1\u00a0102,8 millones. (ver cuadro) Por fuera de la inversi\u00f3n tambi\u00e9n hay aumentos en el\u00a0gasto social\u00a0corriente. Tal como inform\u00f3\u00a0EXPRESO, ayer, el monto de bonos creci\u00f3 en 106 millones de d\u00f3lares porque se gastar\u00e1 m\u00e1s en el\u00a0Bono de Desarrollo Humano\u00a0y en dos nuevos subsidios: uno exequial y otro de emergencias. El\u00a0Ministerio de Inclusi\u00f3n Econ\u00f3mica y Social\u00a0trabaja en la implementaci\u00f3n. (I) &nbsp; &nbsp; Fuente: http:\/\/www.expreso.ec\/economia\/inversiones-obras-economia-finanzas-BF1610773<\/p>\n","protected":false},"author":1,"featured_media":245018,"comment_status":"open","ping_status":"open","sticky":false,"template":"","format":"standard","meta":[],"categories":[54,32,43,40,35],"tags":[],"_links":{"self":[{"href":"https:\/\/www.ecuadortimes.net\/es\/wp-json\/wp\/v2\/posts\/245017"}],"collection":[{"href":"https:\/\/www.ecuadortimes.net\/es\/wp-json\/wp\/v2\/posts"}],"about":[{"href":"https:\/\/www.ecuadortimes.net\/es\/wp-json\/wp\/v2\/types\/post"}],"author":[{"embeddable":true,"href":"https:\/\/www.ecuadortimes.net\/es\/wp-json\/wp\/v2\/users\/1"}],"replies":[{"embeddable":true,"href":"https:\/\/www.ecuadortimes.net\/es\/wp-json\/wp\/v2\/comments?post=245017"}],"version-history":[{"count":0,"href":"https:\/\/www.ecuadortimes.net\/es\/wp-json\/wp\/v2\/posts\/245017\/revisions"}],"wp:featuredmedia":[{"embeddable":true,"href":"https:\/\/www.ecuadortimes.net\/es\/wp-json\/wp\/v2\/media\/245018"}],"wp:attachment":[{"href":"https:\/\/www.ecuadortimes.net\/es\/wp-json\/wp\/v2\/media?parent=245017"}],"wp:term":[{"taxonomy":"category","embeddable":true,"href":"https:\/\/www.ecuadortimes.net\/es\/wp-json\/wp\/v2\/categories?post=245017"},{"taxonomy":"post_tag","embeddable":true,"href":"https:\/\/www.ecuadortimes.net\/es\/wp-json\/wp\/v2\/tags?post=245017"}],"curies":[{"name":"wp","href":"https:\/\/api.w.org\/{rel}","templated":true}]}}