{"id":245019,"date":"2017-08-09T00:00:00","date_gmt":"2017-08-09T00:00:00","guid":{"rendered":"https:\/\/www.ecuadortimes.net\/es\/bimbo-y-republica-del-cacao-lanzan-el-nuevo-pan-braun-multicereal-chococacao-nueces\/"},"modified":"2017-08-09T00:00:00","modified_gmt":"2017-08-09T00:00:00","slug":"bimbo-y-republica-del-cacao-lanzan-el-nuevo-pan-braun-multicereal-chococacao-nueces","status":"publish","type":"post","link":"https:\/\/www.ecuadortimes.net\/es\/bimbo-y-republica-del-cacao-lanzan-el-nuevo-pan-braun-multicereal-chococacao-nueces\/","title":{"rendered":"Bimbo y Rep\u00fablica del Cacao lanzan el nuevo pan Braun multicereal chococacao &#038; nueces"},"content":{"rendered":"<p><img loading=\"lazy\" class=\"size-full wp-image-188663 aligncenter\" src=\"https:\/\/www.ecuadortimes.net\/es\/wp-content\/uploads\/2017\/08\/ECUADORTIMES_ECUADORNEWS_BIMBO_Y_REPUBLICA_DEL_CACAO_BRAUN_MULTICEREAL.jpg\" alt=\"\" width=\"1170\" height=\"552\" \/><\/p>\n<p>&nbsp;<\/p>\n<p><strong>Grupo Bimbo en Ecuador y Rep\u00fablica del Cacao<\/strong> se juntaron para crear el nuevo pan <strong>Braun multicereal chococacao &amp; nueces<\/strong>, lanzado al mercado ecuatoriano este lunes 7 de agosto, desde las instalaciones del Parque Hist\u00f3rico Guayaquil.<\/p>\n<p>Durante el evento se dio a degustar a los presentes el sabor, nutritivo, rico y saludable que trae el nuevo &#8220;miembro&#8221; de la familia Bimbo. &#8220;En Grupo Bimbo nos preocupamos mucho de la innovaci\u00f3n y esto ahora nos trae, en esta alianza con Rep. del Cacao, a lanzar un producto para el consumidor ecuatoriano&#8221;, indic\u00f3 Francisco Fuente, gerente general de Bimbo Ecuador. Fuente cont\u00f3 que en la b\u00fasqueda de\u00a0nuevas cosas en la industria de la panificaci\u00f3n encontraron que el chocolate ecuatoriano es de alta calidad.<\/p>\n<p>As\u00ed fue que se dio un acercamiento con la joven empresa ecuatoriana. &#8220;<strong><em>Bimbo se caracteriza por ofrecer productos sanos y nutritivos como son la miel y los cereales. Vimos que el cacao nos pod\u00eda ofrecer esos beneficios de sabor y nutrici\u00f3n<\/em><\/strong>&#8220;, acot\u00f3. La alianza estrat\u00e9gica, que aproximadamente empez\u00f3 desde hace 18 meses, naci\u00f3 de una propuesta que hizo Bimbo Ecuador a Rep\u00fablica del Cacao. &#8220;Como empresa ecuatoriana es un verdadero orgullo que Grupo Bimbo nos haya considerado para hacer una alianza, que esperamos tenga un arranque aqu\u00ed en el Ecuador y con una visi\u00f3n de internacionalizaci\u00f3n m\u00e1s adelante&#8221;, asever\u00f3 Gonzalo Chiriboga, gerente general de Rep. del Cacao.<\/p>\n<p>Gonzalo aprovech\u00f3 para agradecer a sus agricultores que le dan la posibilidad, como marca, de poder producir chocolates de alta calidad a base del cacao fino con el que trabajan. &#8220;Son algo m\u00e1s de 2.800 peque\u00f1os agricultores con los que trabajamos y de ellos depende el \u00e9xito de este tipo de alianzas; as\u00ed que estamos entusiasmados porque esto nos pone cada vez m\u00e1s cerca de poder trabajar y proteger con este tesoro agr\u00edcola que el Ecuador cuenta, que es el cacao fino de aroma&#8221;, indic\u00f3.<\/p>\n<p>La campa\u00f1a de promoci\u00f3n del nuevo pan Braun multicereal chococacao &amp; nueces est\u00e1 a cargo de Erwin Andrade, gerente de marketing de Bimbo Ecuador. Andrade, quien confes\u00f3 ser guatemalteco, dijo sentirse honrado de trabajar en el pa\u00eds y m\u00e1s con esta innovadora marca de pan que siempre busca &#8220;lanzar productos nuevos&#8221;.<\/p>\n<p>Sobre la campa\u00f1a que har\u00e1 Bimbo con el pan Braun chococacao &amp; nueces, Andrade\u00a0dijo que se la denomina &#8220;\u00fanico de su origen&#8221;. &#8220;Lo que nosotros creamos ac\u00e1 es una fusi\u00f3n de cereales junto con el cacao fino de aroma, producto que se exporta y es bastante cotizado a nivel mundial&#8221;, se\u00f1al\u00f3. Dijo sentirse contento con la &#8220;fusi\u00f3n de algo integral y dulce&#8221; como lo son pan Braun y el cacao fino de aroma. &#8220;La intenci\u00f3n de este producto es satisfacer a aquellos consumidores que buscan siempre un pan integral, pero con un poco de antojo&#8221;, dijo. Braun multicereal chococacao &amp; nueces ya se encuentra en los principales supermercados del pa\u00eds.<\/p>\n<p>Por ahora el producto, que se produce en la planta de Quito, se comercializar\u00e1 solo a nivel nacional, pero el gerente general de Bimbo, Francisco Fuente, no descart\u00f3 la posibilidad de internacionalizarlo para inicios del a\u00f1o pr\u00f3ximo. &#8220;La idea es tener un producto de exportaci\u00f3n, pero tendremos que primero pisar fuerte en Ecuador, para luego compartirlo en pa\u00edses de Latinoam\u00e9rica&#8221;, indic\u00f3 Fuente, quien a\u00f1adi\u00f3 que Grupo Bimbo se encuentra posicionado en 24 pa\u00edses como l\u00edder mundial en la producci\u00f3n de pan. (I)<\/p>\n<p>&nbsp;<\/p>\n<p>&nbsp;<\/p>\n<p><strong>Fuente: <\/strong><a href=\"http:\/\/www.eltelegrafo.com.ec\/noticias\/economia\/8\/bimbo-y-republica-del-cacao-lanzan-el-nuevo-pan-braun-multicereal-chococacao-and-nueces\" target=\"_blank\" rel=\"noopener noreferrer\" data-saferedirecturl=\"https:\/\/www.google.com\/url?hl=es&amp;q=http:\/\/www.eltelegrafo.com.ec\/noticias\/economia\/8\/bimbo-y-republica-del-cacao-lanzan-el-nuevo-pan-braun-multicereal-chococacao-and-nueces&amp;source=gmail&amp;ust=1502371613768000&amp;usg=AFQjCNFA2qNWIeDzZmxo9vgdmH8n50Rb4Q\">http:\/\/www.eltelegrafo.com.ec\/<wbr \/>noticias\/economia\/8\/bimbo-y-<wbr \/>republica-del-cacao-lanzan-el-<wbr \/>nuevo-pan-braun-multicereal-<wbr \/>chococacao-and-nueces<\/a><\/p>\n","protected":false},"excerpt":{"rendered":"<p>&nbsp; Grupo Bimbo en Ecuador y Rep\u00fablica del Cacao se juntaron para crear el nuevo pan Braun multicereal chococacao &amp; nueces, lanzado al mercado ecuatoriano este lunes 7 de agosto, desde las instalaciones del Parque Hist\u00f3rico Guayaquil. Durante el evento se dio a degustar a los presentes el sabor, nutritivo, rico y saludable que trae el nuevo &#8220;miembro&#8221; de la familia Bimbo. &#8220;En Grupo Bimbo nos preocupamos mucho de la innovaci\u00f3n y esto ahora nos trae, en esta alianza con Rep. del Cacao, a lanzar un producto para el consumidor ecuatoriano&#8221;, indic\u00f3 Francisco Fuente, gerente general de Bimbo Ecuador. Fuente cont\u00f3 que en la b\u00fasqueda de\u00a0nuevas cosas en la industria de la panificaci\u00f3n encontraron que el chocolate ecuatoriano es de alta calidad. As\u00ed fue que se dio un acercamiento con la joven empresa ecuatoriana. &#8220;Bimbo se caracteriza por ofrecer productos sanos y nutritivos como son la miel y los cereales. Vimos que el cacao nos pod\u00eda ofrecer esos beneficios de sabor y nutrici\u00f3n&#8220;, acot\u00f3. La alianza estrat\u00e9gica, que aproximadamente empez\u00f3 desde hace 18 meses, naci\u00f3 de una propuesta que hizo Bimbo Ecuador a Rep\u00fablica del Cacao. &#8220;Como empresa ecuatoriana es un verdadero orgullo que Grupo Bimbo nos haya considerado para hacer una alianza, que esperamos tenga un arranque aqu\u00ed en el Ecuador y con una visi\u00f3n de internacionalizaci\u00f3n m\u00e1s adelante&#8221;, asever\u00f3 Gonzalo Chiriboga, gerente general de Rep. del Cacao. Gonzalo aprovech\u00f3 para agradecer a sus agricultores que le dan la posibilidad, como marca, de poder producir chocolates de alta calidad a base del cacao fino con el que trabajan. &#8220;Son algo m\u00e1s de 2.800 peque\u00f1os agricultores con los que trabajamos y de ellos depende el \u00e9xito de este tipo de alianzas; as\u00ed que estamos entusiasmados porque esto nos pone cada vez m\u00e1s cerca de poder trabajar y proteger con este tesoro agr\u00edcola que el Ecuador cuenta, que es el cacao fino de aroma&#8221;, indic\u00f3. La campa\u00f1a de promoci\u00f3n del nuevo pan Braun multicereal chococacao &amp; nueces est\u00e1 a cargo de Erwin Andrade, gerente de marketing de Bimbo Ecuador. Andrade, quien confes\u00f3 ser guatemalteco, dijo sentirse honrado de trabajar en el pa\u00eds y m\u00e1s con esta innovadora marca de pan que siempre busca &#8220;lanzar productos nuevos&#8221;. Sobre la campa\u00f1a que har\u00e1 Bimbo con el pan Braun chococacao &amp; nueces, Andrade\u00a0dijo que se la denomina &#8220;\u00fanico de su origen&#8221;. &#8220;Lo que nosotros creamos ac\u00e1 es una fusi\u00f3n de cereales junto con el cacao fino de aroma, producto que se exporta y es bastante cotizado a nivel mundial&#8221;, se\u00f1al\u00f3. Dijo sentirse contento con la &#8220;fusi\u00f3n de algo integral y dulce&#8221; como lo son pan Braun y el cacao fino de aroma. &#8220;La intenci\u00f3n de este producto es satisfacer a aquellos consumidores que buscan siempre un pan integral, pero con un poco de antojo&#8221;, dijo. Braun multicereal chococacao &amp; nueces ya se encuentra en los principales supermercados del pa\u00eds. Por ahora el producto, que se produce en la planta de Quito, se comercializar\u00e1 solo a nivel nacional, pero el gerente general de Bimbo, Francisco Fuente, no descart\u00f3 la posibilidad de internacionalizarlo para inicios del a\u00f1o pr\u00f3ximo. &#8220;La idea es tener un producto de exportaci\u00f3n, pero tendremos que primero pisar fuerte en Ecuador, para luego compartirlo en pa\u00edses de Latinoam\u00e9rica&#8221;, indic\u00f3 Fuente, quien a\u00f1adi\u00f3 que Grupo Bimbo se encuentra posicionado en 24 pa\u00edses como l\u00edder mundial en la producci\u00f3n de pan. (I) &nbsp; &nbsp; Fuente: http:\/\/www.eltelegrafo.com.ec\/noticias\/economia\/8\/bimbo-y-republica-del-cacao-lanzan-el-nuevo-pan-braun-multicereal-chococacao-and-nueces<\/p>\n","protected":false},"author":1,"featured_media":245020,"comment_status":"open","ping_status":"open","sticky":false,"template":"","format":"standard","meta":[],"categories":[54,32,35],"tags":[],"_links":{"self":[{"href":"https:\/\/www.ecuadortimes.net\/es\/wp-json\/wp\/v2\/posts\/245019"}],"collection":[{"href":"https:\/\/www.ecuadortimes.net\/es\/wp-json\/wp\/v2\/posts"}],"about":[{"href":"https:\/\/www.ecuadortimes.net\/es\/wp-json\/wp\/v2\/types\/post"}],"author":[{"embeddable":true,"href":"https:\/\/www.ecuadortimes.net\/es\/wp-json\/wp\/v2\/users\/1"}],"replies":[{"embeddable":true,"href":"https:\/\/www.ecuadortimes.net\/es\/wp-json\/wp\/v2\/comments?post=245019"}],"version-history":[{"count":0,"href":"https:\/\/www.ecuadortimes.net\/es\/wp-json\/wp\/v2\/posts\/245019\/revisions"}],"wp:featuredmedia":[{"embeddable":true,"href":"https:\/\/www.ecuadortimes.net\/es\/wp-json\/wp\/v2\/media\/245020"}],"wp:attachment":[{"href":"https:\/\/www.ecuadortimes.net\/es\/wp-json\/wp\/v2\/media?parent=245019"}],"wp:term":[{"taxonomy":"category","embeddable":true,"href":"https:\/\/www.ecuadortimes.net\/es\/wp-json\/wp\/v2\/categories?post=245019"},{"taxonomy":"post_tag","embeddable":true,"href":"https:\/\/www.ecuadortimes.net\/es\/wp-json\/wp\/v2\/tags?post=245019"}],"curies":[{"name":"wp","href":"https:\/\/api.w.org\/{rel}","templated":true}]}}