{"id":245029,"date":"2017-08-09T00:00:00","date_gmt":"2017-08-09T00:00:00","guid":{"rendered":"https:\/\/www.ecuadortimes.net\/es\/industrias-se-enfoca-en-lo-privado\/"},"modified":"2017-08-09T00:00:00","modified_gmt":"2017-08-09T00:00:00","slug":"industrias-se-enfoca-en-lo-privado","status":"publish","type":"post","link":"https:\/\/www.ecuadortimes.net\/es\/industrias-se-enfoca-en-lo-privado\/","title":{"rendered":"Industrias se enfoca en lo privado"},"content":{"rendered":"<p><img loading=\"lazy\" class=\"size-full wp-image-188667 aligncenter\" src=\"https:\/\/www.ecuadortimes.net\/es\/wp-content\/uploads\/2017\/08\/ECUADORTIMES_ECUADORNEWS_INDUSTRIA_SE_ENFOCA_EN_LO_PRIVADO.jpg\" alt=\"\" width=\"762\" height=\"428\" \/><\/p>\n<p>&nbsp;<\/p>\n<p>El acercamiento entre el Gobierno y el sector empresarial se mantiene. Ayer en\u00a0<b>Quito<\/b>\u00a0el\u00a0<b>Consejo Consultivo Productivo y Tributario\u00a0<\/b>reuni\u00f3 a la mesa sectorial de qu\u00edmica, farmac\u00e9utica, productos de aseo y cosm\u00e9ticos. La ministra de Industria, Eva Garc\u00eda, dijo que este es uno de los sectores que m\u00e1s tiene para crecer y lo que buscan es darle mayor dinamismo para revertir la realidad de la balanza comercial negativa que presenta.<\/p>\n<p>Afirm\u00f3 que el sector ha generado<b>\u00a0124 millones de d\u00f3lares en exportaciones<\/b>, mientras que ha importado<b>\u00a02.513 millones de d\u00f3lares<\/b>. Se tiene una balanza comercial negativa en la que se trabajar\u00e1 para poder cambiarlo, m\u00e1s si sabemos que debemos apuntalar la dolarizaci\u00f3n. Este es un desaf\u00edo para el sector\u009d, asever\u00f3.<\/p>\n<p>\u00bfQu\u00e9 hacer? La ministra dijo que el sector farmac\u00e9utico tiene un mercado potencial por aprovechar de<b>\u00a01.900 millones de d\u00f3lares<\/b>; una capacidad instalada que todav\u00eda tiene espacio para incrementar en corto plazo la oferta local de medicamentos. Adem\u00e1s, un potencial productivo de recipientes, envases y empaques.<\/p>\n<p>En tanto que la industria de cosm\u00e9ticos y productos de aseo, el tama\u00f1o de mercado es de\u00a0<b>1.971 millones de d\u00f3lares<\/b>, exportaciones por nueve millones de d\u00f3lares y la posibilidad de generar productos innovadores y de aprovechar el<b>acuerdo comercial<\/b>\u00a0con la\u00a0<b>Uni\u00f3n<\/b>\u00a0<b>Europea<\/b>.<\/p>\n<p>\u00bfQu\u00e9 pasa con las empresas p\u00fablicas? Eva Garc\u00eda sostuvo que la decisi\u00f3n del Gobierno es darle un mayor impulso al sector privado. Ese es un proceso que est\u00e1 en camino, ya lo ha anunciado el\u00a0<b>presidente<\/b>\u00a0<b>Moreno<\/b>\u00a0(Len\u00edn) a los titulares de las distintas carteras a las que les compete el tema. Desde el Ministerio y en este Consejo lo que queremos es potenciar y desarrollar al sector productivo, a la empresa privada y que la empresa p\u00fablica eficiente tambi\u00e9n tenga su lugar en el mercado.<\/p>\n<p>\u00bfQu\u00e9 pide la industria? La presidenta de procosm\u00e9ticos, Mar\u00eda Fernanda Le\u00f3n, y el presidente de las farmac\u00e9uticas, Felipe Brown, pidieron el retiro de varios aranceles que encarecen la materia prima, lo que les vuelve poco competitivos. Adem\u00e1s, consideran que se debe hacer algunas reformas legales, que se dictaron en el Gobierno anterior.<\/p>\n<p>Le\u00f3n y Brown dijeron que las industrias sufrieron un baj\u00f3n\u009d muy importante en el 2016, cuyos efectos a\u00fan se sienten. Sin embargo, consideran que estos acercamientos son positivos, para lograr que la industria vuelva a estabilizarse.<\/p>\n<p><i><b>Eva Garc\u00eda<\/b><\/i><\/p>\n<p><i><b><\/b><\/i><i><b>Cambios a compras p\u00fablicas<\/b><\/i><\/p>\n<p>La decisi\u00f3n del Gobierno es que la direcci\u00f3n del\u00a0<b>Servicio Nacional de Compras P\u00fablicas (Sercop)<\/b>\u00a0pase al\u00a0<b>Ministerio de Industrias<\/b>.<\/p>\n<p>La ministra, Eva Garc\u00eda, se\u00f1al\u00f3 que por pedido del Ejecutivo se har\u00e1 una reformulaci\u00f3n total de este servicio. Tiene que armonizarse, actualizarse y transparentar sus procesos sobre todo en el tema precios que ha sido un gran escollo, hay precios muy desiguales a los del mercado y eso que hace que a veces la compra p\u00fablica no pueda darse como realmente es el objetivo del Sercop y el objetivo del Gobierno\u009d, afirm\u00f3.<\/p>\n<p>Asegur\u00f3 que la compra p\u00fablica debe estar dirigida a todos los sectores sin excepci\u00f3n alguna.<\/p>\n<p><i><b>Pablo Campana<\/b><\/i><\/p>\n<p><i><b><\/b><\/i><i><b>Se podr\u00eda eliminar aranceles\u009d<\/b><\/i><\/p>\n<p>El ministro de\u00a0<b>Comercio Exterior<\/b>, Pablo Campana, no descart\u00f3 que se acoja el pedido de varios<b>\u00a0sectores productivos<\/b>\u00a0de eliminar ciertos\u00a0<b>aranceles<\/b>\u00a0para darle m\u00e1s competitividad al sector productivo del pa\u00eds.<\/p>\n<p>Desde el Gobierno central vamos a trabajar muy puntualmente en aquellas materias primas o bienes de capital que son parte de la estructura de costos de\u00a0<b>productos de exportaci\u00f3n\u00a0<\/b>para analizarlo, y si es necesario proponer al presidente que se elimine ciertos aranceles para dar m\u00e1s competitividad se lo har\u00e1. Esto va a beneficiar a empresas y por ende ayudar\u00e1 a la generaci\u00f3n de fuentes de empleo\u009d, dijo. (I)<\/p>\n<p>&nbsp;<\/p>\n<p>&nbsp;<\/p>\n<p><strong>Fuente: <\/strong><a href=\"http:\/\/www.expreso.ec\/economia\/comercio-produccion-industrias-economia-KF1610738\" target=\"_blank\" rel=\"noopener noreferrer\" data-saferedirecturl=\"https:\/\/www.google.com\/url?hl=es&amp;q=http:\/\/www.expreso.ec\/economia\/comercio-produccion-industrias-economia-KF1610738&amp;source=gmail&amp;ust=1502371613768000&amp;usg=AFQjCNFNhr8Z7sdUMTwbqUR3gTr0gtyVdw\">http:\/\/www.expreso.ec\/<wbr \/>economia\/comercio-produccion-<wbr \/>industrias-economia-KF1610738<\/a><\/p>\n","protected":false},"excerpt":{"rendered":"<p>&nbsp; El acercamiento entre el Gobierno y el sector empresarial se mantiene. Ayer en\u00a0Quito\u00a0el\u00a0Consejo Consultivo Productivo y Tributario\u00a0reuni\u00f3 a la mesa sectorial de qu\u00edmica, farmac\u00e9utica, productos de aseo y cosm\u00e9ticos. La ministra de Industria, Eva Garc\u00eda, dijo que este es uno de los sectores que m\u00e1s tiene para crecer y lo que buscan es darle mayor dinamismo para revertir la realidad de la balanza comercial negativa que presenta. Afirm\u00f3 que el sector ha generado\u00a0124 millones de d\u00f3lares en exportaciones, mientras que ha importado\u00a02.513 millones de d\u00f3lares. Se tiene una balanza comercial negativa en la que se trabajar\u00e1 para poder cambiarlo, m\u00e1s si sabemos que debemos apuntalar la dolarizaci\u00f3n. Este es un desaf\u00edo para el sector\u009d, asever\u00f3. \u00bfQu\u00e9 hacer? La ministra dijo que el sector farmac\u00e9utico tiene un mercado potencial por aprovechar de\u00a01.900 millones de d\u00f3lares; una capacidad instalada que todav\u00eda tiene espacio para incrementar en corto plazo la oferta local de medicamentos. Adem\u00e1s, un potencial productivo de recipientes, envases y empaques. En tanto que la industria de cosm\u00e9ticos y productos de aseo, el tama\u00f1o de mercado es de\u00a01.971 millones de d\u00f3lares, exportaciones por nueve millones de d\u00f3lares y la posibilidad de generar productos innovadores y de aprovechar elacuerdo comercial\u00a0con la\u00a0Uni\u00f3n\u00a0Europea. \u00bfQu\u00e9 pasa con las empresas p\u00fablicas? Eva Garc\u00eda sostuvo que la decisi\u00f3n del Gobierno es darle un mayor impulso al sector privado. Ese es un proceso que est\u00e1 en camino, ya lo ha anunciado el\u00a0presidente\u00a0Moreno\u00a0(Len\u00edn) a los titulares de las distintas carteras a las que les compete el tema. Desde el Ministerio y en este Consejo lo que queremos es potenciar y desarrollar al sector productivo, a la empresa privada y que la empresa p\u00fablica eficiente tambi\u00e9n tenga su lugar en el mercado. \u00bfQu\u00e9 pide la industria? La presidenta de procosm\u00e9ticos, Mar\u00eda Fernanda Le\u00f3n, y el presidente de las farmac\u00e9uticas, Felipe Brown, pidieron el retiro de varios aranceles que encarecen la materia prima, lo que les vuelve poco competitivos. Adem\u00e1s, consideran que se debe hacer algunas reformas legales, que se dictaron en el Gobierno anterior. Le\u00f3n y Brown dijeron que las industrias sufrieron un baj\u00f3n\u009d muy importante en el 2016, cuyos efectos a\u00fan se sienten. Sin embargo, consideran que estos acercamientos son positivos, para lograr que la industria vuelva a estabilizarse. Eva Garc\u00eda Cambios a compras p\u00fablicas La decisi\u00f3n del Gobierno es que la direcci\u00f3n del\u00a0Servicio Nacional de Compras P\u00fablicas (Sercop)\u00a0pase al\u00a0Ministerio de Industrias. La ministra, Eva Garc\u00eda, se\u00f1al\u00f3 que por pedido del Ejecutivo se har\u00e1 una reformulaci\u00f3n total de este servicio. Tiene que armonizarse, actualizarse y transparentar sus procesos sobre todo en el tema precios que ha sido un gran escollo, hay precios muy desiguales a los del mercado y eso que hace que a veces la compra p\u00fablica no pueda darse como realmente es el objetivo del Sercop y el objetivo del Gobierno\u009d, afirm\u00f3. Asegur\u00f3 que la compra p\u00fablica debe estar dirigida a todos los sectores sin excepci\u00f3n alguna. Pablo Campana Se podr\u00eda eliminar aranceles\u009d El ministro de\u00a0Comercio Exterior, Pablo Campana, no descart\u00f3 que se acoja el pedido de varios\u00a0sectores productivos\u00a0de eliminar ciertos\u00a0aranceles\u00a0para darle m\u00e1s competitividad al sector productivo del pa\u00eds. Desde el Gobierno central vamos a trabajar muy puntualmente en aquellas materias primas o bienes de capital que son parte de la estructura de costos de\u00a0productos de exportaci\u00f3n\u00a0para analizarlo, y si es necesario proponer al presidente que se elimine ciertos aranceles para dar m\u00e1s competitividad se lo har\u00e1. Esto va a beneficiar a empresas y por ende ayudar\u00e1 a la generaci\u00f3n de fuentes de empleo\u009d, dijo. (I) &nbsp; &nbsp; Fuente: http:\/\/www.expreso.ec\/economia\/comercio-produccion-industrias-economia-KF1610738<\/p>\n","protected":false},"author":1,"featured_media":245030,"comment_status":"open","ping_status":"open","sticky":false,"template":"","format":"standard","meta":[],"categories":[54,32,43,40],"tags":[],"_links":{"self":[{"href":"https:\/\/www.ecuadortimes.net\/es\/wp-json\/wp\/v2\/posts\/245029"}],"collection":[{"href":"https:\/\/www.ecuadortimes.net\/es\/wp-json\/wp\/v2\/posts"}],"about":[{"href":"https:\/\/www.ecuadortimes.net\/es\/wp-json\/wp\/v2\/types\/post"}],"author":[{"embeddable":true,"href":"https:\/\/www.ecuadortimes.net\/es\/wp-json\/wp\/v2\/users\/1"}],"replies":[{"embeddable":true,"href":"https:\/\/www.ecuadortimes.net\/es\/wp-json\/wp\/v2\/comments?post=245029"}],"version-history":[{"count":0,"href":"https:\/\/www.ecuadortimes.net\/es\/wp-json\/wp\/v2\/posts\/245029\/revisions"}],"wp:featuredmedia":[{"embeddable":true,"href":"https:\/\/www.ecuadortimes.net\/es\/wp-json\/wp\/v2\/media\/245030"}],"wp:attachment":[{"href":"https:\/\/www.ecuadortimes.net\/es\/wp-json\/wp\/v2\/media?parent=245029"}],"wp:term":[{"taxonomy":"category","embeddable":true,"href":"https:\/\/www.ecuadortimes.net\/es\/wp-json\/wp\/v2\/categories?post=245029"},{"taxonomy":"post_tag","embeddable":true,"href":"https:\/\/www.ecuadortimes.net\/es\/wp-json\/wp\/v2\/tags?post=245029"}],"curies":[{"name":"wp","href":"https:\/\/api.w.org\/{rel}","templated":true}]}}