{"id":245033,"date":"2017-08-09T00:00:00","date_gmt":"2017-08-09T00:00:00","guid":{"rendered":"https:\/\/www.ecuadortimes.net\/es\/jorge-glas-nuevamente-en-la-fiscalia-por-odebrecht-y-contrato-petrolero\/"},"modified":"2017-08-09T00:00:00","modified_gmt":"2017-08-09T00:00:00","slug":"jorge-glas-nuevamente-en-la-fiscalia-por-odebrecht-y-contrato-petrolero","status":"publish","type":"post","link":"https:\/\/www.ecuadortimes.net\/es\/jorge-glas-nuevamente-en-la-fiscalia-por-odebrecht-y-contrato-petrolero\/","title":{"rendered":"Jorge Glas nuevamente en la Fiscal\u00eda por Odebrecht y contrato petrolero"},"content":{"rendered":"<p><img loading=\"lazy\" class=\"size-full wp-image-188687 aligncenter\" src=\"https:\/\/www.ecuadortimes.net\/es\/wp-content\/uploads\/2017\/08\/ECUADORTIMES_ECUADORNEWS_JORGE_GLAS_FISCALIA_CONTRATOS_PETROLEROS.jpg\" alt=\"\" width=\"762\" height=\"428\" \/><\/p>\n<p>&nbsp;<\/p>\n<p>El vicepresidente\u00a0<b>Jorge Glas\u00a0<\/b>lleg\u00f3 a la Fiscal\u00eda General para dar su versi\u00f3n sin juramento. Su comparecencia ser\u00e1 por dos casos: la investigaci\u00f3n previa por Singue \u0094contrato petrolero del que fue parte de negociaciones\u0094 y la instrucci\u00f3n fiscal en el caso Odebrecht por presunta asociaci\u00f3n il\u00edcita.<\/p>\n<p>El expediente se inici\u00f3 el pasado 3 de junio en contra de\u00a0<b>Ricardo Rivera<\/b>, t\u00edo del segundo mandatario y otros.<\/p>\n<p>Glas, a quien el presidente<b>\u00a0Len\u00edn Moreno<\/b>\u00a0retir\u00f3 las funciones el 3 de agosto pasado, lleg\u00f3 a las 08:15 e ingres\u00f3 por la cochera de la Fiscal\u00eda. La versi\u00f3n la recibir\u00e1 la fiscal\u00a0<b>Diana Salazar<\/b>. Anteriormente el nombre del\u00a0<b>vicepresidente<\/b>\u00a0fue mencionado en las versiones de al menos dos personas y reposa en el expediente fiscal. La presunta entrega de sobornos de\u00a0<b>Odebrecht<\/b>\u00a0fue denunciada por el Departamento de Justicia de Estados Unidos en diciembre de 2016. (I)<\/p>\n<p>&nbsp;<\/p>\n<p>&nbsp;<\/p>\n<p><strong>Fuente: <\/strong><a href=\"http:\/\/www.expreso.ec\/actualidad\/jorgeglas-fiscaliageneral-carlosbacamancheno-odebrechtecuador-DE1611063\" target=\"_blank\" rel=\"noopener noreferrer\">http:\/\/www.expreso.ec\/actualidad\/jorgeglas-fiscaliageneral-carlosbacamancheno-odebrechtecuador-DE1611063<\/a><\/p>\n","protected":false},"excerpt":{"rendered":"<p>&nbsp; El vicepresidente\u00a0Jorge Glas\u00a0lleg\u00f3 a la Fiscal\u00eda General para dar su versi\u00f3n sin juramento. Su comparecencia ser\u00e1 por dos casos: la investigaci\u00f3n previa por Singue \u0094contrato petrolero del que fue parte de negociaciones\u0094 y la instrucci\u00f3n fiscal en el caso Odebrecht por presunta asociaci\u00f3n il\u00edcita. El expediente se inici\u00f3 el pasado 3 de junio en contra de\u00a0Ricardo Rivera, t\u00edo del segundo mandatario y otros. Glas, a quien el presidente\u00a0Len\u00edn Moreno\u00a0retir\u00f3 las funciones el 3 de agosto pasado, lleg\u00f3 a las 08:15 e ingres\u00f3 por la cochera de la Fiscal\u00eda. La versi\u00f3n la recibir\u00e1 la fiscal\u00a0Diana Salazar. Anteriormente el nombre del\u00a0vicepresidente\u00a0fue mencionado en las versiones de al menos dos personas y reposa en el expediente fiscal. La presunta entrega de sobornos de\u00a0Odebrecht\u00a0fue denunciada por el Departamento de Justicia de Estados Unidos en diciembre de 2016. (I) &nbsp; &nbsp; Fuente: http:\/\/www.expreso.ec\/actualidad\/jorgeglas-fiscaliageneral-carlosbacamancheno-odebrechtecuador-DE1611063<\/p>\n","protected":false},"author":1,"featured_media":245034,"comment_status":"open","ping_status":"open","sticky":false,"template":"","format":"standard","meta":[],"categories":[54,32,40,35,56,46],"tags":[],"_links":{"self":[{"href":"https:\/\/www.ecuadortimes.net\/es\/wp-json\/wp\/v2\/posts\/245033"}],"collection":[{"href":"https:\/\/www.ecuadortimes.net\/es\/wp-json\/wp\/v2\/posts"}],"about":[{"href":"https:\/\/www.ecuadortimes.net\/es\/wp-json\/wp\/v2\/types\/post"}],"author":[{"embeddable":true,"href":"https:\/\/www.ecuadortimes.net\/es\/wp-json\/wp\/v2\/users\/1"}],"replies":[{"embeddable":true,"href":"https:\/\/www.ecuadortimes.net\/es\/wp-json\/wp\/v2\/comments?post=245033"}],"version-history":[{"count":0,"href":"https:\/\/www.ecuadortimes.net\/es\/wp-json\/wp\/v2\/posts\/245033\/revisions"}],"wp:featuredmedia":[{"embeddable":true,"href":"https:\/\/www.ecuadortimes.net\/es\/wp-json\/wp\/v2\/media\/245034"}],"wp:attachment":[{"href":"https:\/\/www.ecuadortimes.net\/es\/wp-json\/wp\/v2\/media?parent=245033"}],"wp:term":[{"taxonomy":"category","embeddable":true,"href":"https:\/\/www.ecuadortimes.net\/es\/wp-json\/wp\/v2\/categories?post=245033"},{"taxonomy":"post_tag","embeddable":true,"href":"https:\/\/www.ecuadortimes.net\/es\/wp-json\/wp\/v2\/tags?post=245033"}],"curies":[{"name":"wp","href":"https:\/\/api.w.org\/{rel}","templated":true}]}}