{"id":245035,"date":"2017-08-09T00:00:00","date_gmt":"2017-08-09T00:00:00","guid":{"rendered":"https:\/\/www.ecuadortimes.net\/es\/migrantes-retornados-se-encadenaron-en-la-plaza-grande-en-quito\/"},"modified":"2017-08-09T00:00:00","modified_gmt":"2017-08-09T00:00:00","slug":"migrantes-retornados-se-encadenaron-en-la-plaza-grande-en-quito","status":"publish","type":"post","link":"https:\/\/www.ecuadortimes.net\/es\/migrantes-retornados-se-encadenaron-en-la-plaza-grande-en-quito\/","title":{"rendered":"Migrantes retornados se encadenaron en la Plaza Grande, en Quito"},"content":{"rendered":"<p><img loading=\"lazy\" class=\"size-full wp-image-188688 aligncenter\" src=\"https:\/\/www.ecuadortimes.net\/es\/wp-content\/uploads\/2017\/08\/ECUADORTIMES_ECUADORNEWS_MIGRANTES_RETORNADOS_SE_ENCADENAN_PLAZA_MAYOR_GRANDE_QUITO.jpeg\" alt=\"\" width=\"612\" height=\"340\" \/><\/p>\n<p>&nbsp;<\/p>\n<p>Un grupo de migrantes retornados que viven en las <strong>provincias de Tungurahua, Chimborazo y Guayas se encadenaron la ma\u00f1ana del mi\u00e9rcoles 9 de agosto del 2017 en la Plaza Grande, frente al Palacio de Carondelet, en Quito.<\/strong><\/p>\n<p>El acto se hizo con el fin de pedir una audiencia con el presidente Len\u00edn Moreno. &#8220;Queremos que escuche la situaci\u00f3n en la que nos encontramos. Estamos sin trabajo, por la edad no nos dan oportunidades y no somos sujetos de cr\u00e9dito para montar un negocio&#8221;, explic\u00f3 Kl\u00e9ver D\u00edaz, quien vivi\u00f3 en Estados Unidos durante cuatro a\u00f1os.<\/p>\n<p>Mercedes Zaruma regres\u00f3 al Ecuador hace tres a\u00f1os, luego de haber vivido 20 a\u00f1os en Espa\u00f1a y asegura que est\u00e1n atravesando una cr\u00edtica situaci\u00f3n. &#8220;El expresidente Rafael Correa nos pint\u00f3 un pa\u00eds de colores y regresamos con la esperanza de trabajar pero no hay oportunidades&#8221;. Los manifestantes indicaron que se mantendr\u00e1n en una huelga de hambre hasta conseguir que el Jefe de Estado los escuche.<small> (I)<\/small><\/p>\n<p>&nbsp;<\/p>\n<p>&nbsp;<\/p>\n<p><small><strong>Fuente: <\/strong><a href=\"http:\/\/www.elcomercio.com\/actualidad\/migrantes-retorno-encadenaron-plazagrande-quito.html\" target=\"_blank\" rel=\"noopener noreferrer\">http:\/\/www.elcomercio.com\/actualidad\/migrantes-retorno-encadenaron-plazagrande-quito.html<\/a><\/small><\/p>\n","protected":false},"excerpt":{"rendered":"<p>&nbsp; Un grupo de migrantes retornados que viven en las provincias de Tungurahua, Chimborazo y Guayas se encadenaron la ma\u00f1ana del mi\u00e9rcoles 9 de agosto del 2017 en la Plaza Grande, frente al Palacio de Carondelet, en Quito. El acto se hizo con el fin de pedir una audiencia con el presidente Len\u00edn Moreno. &#8220;Queremos que escuche la situaci\u00f3n en la que nos encontramos. Estamos sin trabajo, por la edad no nos dan oportunidades y no somos sujetos de cr\u00e9dito para montar un negocio&#8221;, explic\u00f3 Kl\u00e9ver D\u00edaz, quien vivi\u00f3 en Estados Unidos durante cuatro a\u00f1os. Mercedes Zaruma regres\u00f3 al Ecuador hace tres a\u00f1os, luego de haber vivido 20 a\u00f1os en Espa\u00f1a y asegura que est\u00e1n atravesando una cr\u00edtica situaci\u00f3n. &#8220;El expresidente Rafael Correa nos pint\u00f3 un pa\u00eds de colores y regresamos con la esperanza de trabajar pero no hay oportunidades&#8221;. Los manifestantes indicaron que se mantendr\u00e1n en una huelga de hambre hasta conseguir que el Jefe de Estado los escuche. (I) &nbsp; &nbsp; Fuente: http:\/\/www.elcomercio.com\/actualidad\/migrantes-retorno-encadenaron-plazagrande-quito.html<\/p>\n","protected":false},"author":1,"featured_media":245036,"comment_status":"open","ping_status":"open","sticky":false,"template":"","format":"standard","meta":[],"categories":[54,32,45,35],"tags":[],"_links":{"self":[{"href":"https:\/\/www.ecuadortimes.net\/es\/wp-json\/wp\/v2\/posts\/245035"}],"collection":[{"href":"https:\/\/www.ecuadortimes.net\/es\/wp-json\/wp\/v2\/posts"}],"about":[{"href":"https:\/\/www.ecuadortimes.net\/es\/wp-json\/wp\/v2\/types\/post"}],"author":[{"embeddable":true,"href":"https:\/\/www.ecuadortimes.net\/es\/wp-json\/wp\/v2\/users\/1"}],"replies":[{"embeddable":true,"href":"https:\/\/www.ecuadortimes.net\/es\/wp-json\/wp\/v2\/comments?post=245035"}],"version-history":[{"count":0,"href":"https:\/\/www.ecuadortimes.net\/es\/wp-json\/wp\/v2\/posts\/245035\/revisions"}],"wp:featuredmedia":[{"embeddable":true,"href":"https:\/\/www.ecuadortimes.net\/es\/wp-json\/wp\/v2\/media\/245036"}],"wp:attachment":[{"href":"https:\/\/www.ecuadortimes.net\/es\/wp-json\/wp\/v2\/media?parent=245035"}],"wp:term":[{"taxonomy":"category","embeddable":true,"href":"https:\/\/www.ecuadortimes.net\/es\/wp-json\/wp\/v2\/categories?post=245035"},{"taxonomy":"post_tag","embeddable":true,"href":"https:\/\/www.ecuadortimes.net\/es\/wp-json\/wp\/v2\/tags?post=245035"}],"curies":[{"name":"wp","href":"https:\/\/api.w.org\/{rel}","templated":true}]}}