{"id":245037,"date":"2017-08-10T00:00:00","date_gmt":"2017-08-10T00:00:00","guid":{"rendered":"https:\/\/www.ecuadortimes.net\/es\/lenin-moreno-se-disculpo-por-politicas-publicas-de-la-administracion-de-rafael-correa\/"},"modified":"2017-08-10T00:00:00","modified_gmt":"2017-08-10T00:00:00","slug":"lenin-moreno-se-disculpo-por-politicas-publicas-de-la-administracion-de-rafael-correa","status":"publish","type":"post","link":"https:\/\/www.ecuadortimes.net\/es\/lenin-moreno-se-disculpo-por-politicas-publicas-de-la-administracion-de-rafael-correa\/","title":{"rendered":"Len\u00edn Moreno se disculp\u00f3 por pol\u00edticas p\u00fablicas de la administraci\u00f3n de Rafael Correa"},"content":{"rendered":"<div><\/div>\n<div><\/div>\n<div><img loading=\"lazy\" class=\"size-full wp-image-188708 aligncenter\" src=\"https:\/\/www.ecuadortimes.net\/es\/wp-content\/uploads\/2017\/08\/ECUADORTIMES_ECUADORNEWS_POLITICAS_LENIN_MORENO_SE_DISCULPO_POLITICAS_PUBLICAS_RAFAEL_CORREA.jpg\" alt=\"\" width=\"749\" height=\"450\" \/><\/div>\n<div><\/div>\n<div><\/div>\n<div class=\"location-event\">Sigchos -El presidente\u00a0<a href=\"http:\/\/www.eluniverso.com\/tema\/lenin-moreno\">Len\u00edn Moreno<\/a>\u00a0pidi\u00f3 disculpas este mi\u00e9rcoles por algunas pol\u00edticas p\u00fablicas que se implementaron en la \u00faltima d\u00e9cada con el gobierno del expresidente Rafael Correa, en las \u00e1reas de educaci\u00f3n y salud.<\/div>\n<p>En el evento realizado en Sigchos, para informar sobre los avances del di\u00e1logo con los pueblos y nacionalidades ind\u00edgenas del pa\u00eds, en el D\u00eda Internacional de los Pueblos y Nacionalidades Ind\u00edgenas,\u00a0<strong>Moreno dijo que se construyeron escuelas del milenio sin tomar en cuenta la distancia de las viviendas y del transporte para los ni\u00f1os. Asegur\u00f3 que corregir\u00e1n ese error.<\/strong><\/p>\n<p>Adem\u00e1s, se\u00f1al\u00f3 que se construyeron grandes hospitales, pero cuestion\u00f3 que se descuidaran los centros de salud, por lo que -seg\u00fan dijo- hay que reacondicionarlos y equiparlos para que brinden un mejor servicio. Agreg\u00f3 que con la erradicaci\u00f3n de la corrupci\u00f3n se pueden obtener m\u00e1s recursos para estos sectores.<\/p>\n<p>En el \u00e1mbito educativo, como parte de los avances del di\u00e1logo, la secretaria de la Pol\u00edtica, Paola Pab\u00f3n indic\u00f3 que\u00a0<strong>se ha llegado a varios acuerdos para fortalecer el sistema de educaci\u00f3n intercultural biling\u00fce<\/strong>, impulsar un plan nacional de lectura en varias lenguas, la reapertura de bachilleratos t\u00e9cnicos, el restablecimiento de la universidad ind\u00edgena, entre otros.<\/p>\n<p><strong>Entrega para campesinos<\/strong><\/p>\n<p>Moreno anunci\u00f3 que la\u00a0<strong>minga agropecuaria iniciar\u00e1 el pr\u00f3ximo 16 de agosto<\/strong>, y se entregar\u00e1n kits agropecuarios y cr\u00e9ditos \u00e1giles; adem\u00e1s, pidi\u00f3 a los m\u00e1s de mil asistentes que se acojan al seguro agropecuario. Tambi\u00e9n hizo \u00e9nfasis en la concesi\u00f3n de seis indultos hasta el momento.<\/p>\n<p>En los di\u00e1logos con los pueblos y nacionalidades, sigue en discusi\u00f3n y como tema pendiente el transporte comunitario. Pab\u00f3n dijo que debe existir una revisi\u00f3n legal, pero que el tema merece una soluci\u00f3n integral que contemple las necesidades de la poblaci\u00f3n.<\/p>\n<p>El presidente se comprometi\u00f3 a apoyar el\u00a0<a href=\"http:\/\/www.eluniverso.com\/2011\/06\/23\/1\/1447\/descubren-ecuador-importante-sitio-arqueologico.html\">trabajo de la historiadora Tamara Estupi\u00f1\u00e1n sobre el Malqui Machay<\/a>, que habr\u00eda sido la \u00faltima morada de Atahualpa y podr\u00eda convertir a Sigchos en un centro tur\u00edstico en la regi\u00f3n Andina.<\/p>\n<p>El presidente recibi\u00f3 las llaves de la ciudad de manos del alcalde, Mario Andino, y el saludo y respaldo del gobernador H\u00e9ctor Gonz\u00e1lez, familiar de su esposa, Roc\u00edo Gonz\u00e1lez.<\/p>\n<p>Manuel Miningalle, dirigente de Chugchil\u00e1n, felicit\u00f3 la iniciativa del di\u00e1logo como herramienta plurinacional e intercultural, y dijo que en Sigchos existe un basti\u00f3n de la revoluci\u00f3n y que est\u00e1n para apoyarlo. (I)<\/p>\n<p>&nbsp;<\/p>\n<p>&nbsp;<\/p>\n<p><strong>Fuente: <\/strong><a href=\"http:\/\/www.eluniverso.com\/noticias\/2017\/08\/09\/nota\/6322576\/lenin-moreno-se-disculpo-politicas-publicas-administracion-rafael\" target=\"_blank\" rel=\"noopener noreferrer\">http:\/\/www.eluniverso.com\/noticias\/2017\/08\/09\/nota\/6322576\/lenin-moreno-se-disculpo-politicas-publicas-administracion-rafael<\/a><\/p>\n","protected":false},"excerpt":{"rendered":"<p>Sigchos -El presidente\u00a0Len\u00edn Moreno\u00a0pidi\u00f3 disculpas este mi\u00e9rcoles por algunas pol\u00edticas p\u00fablicas que se implementaron en la \u00faltima d\u00e9cada con el gobierno del expresidente Rafael Correa, en las \u00e1reas de educaci\u00f3n y salud. En el evento realizado en Sigchos, para informar sobre los avances del di\u00e1logo con los pueblos y nacionalidades ind\u00edgenas del pa\u00eds, en el D\u00eda Internacional de los Pueblos y Nacionalidades Ind\u00edgenas,\u00a0Moreno dijo que se construyeron escuelas del milenio sin tomar en cuenta la distancia de las viviendas y del transporte para los ni\u00f1os. Asegur\u00f3 que corregir\u00e1n ese error. Adem\u00e1s, se\u00f1al\u00f3 que se construyeron grandes hospitales, pero cuestion\u00f3 que se descuidaran los centros de salud, por lo que -seg\u00fan dijo- hay que reacondicionarlos y equiparlos para que brinden un mejor servicio. Agreg\u00f3 que con la erradicaci\u00f3n de la corrupci\u00f3n se pueden obtener m\u00e1s recursos para estos sectores. En el \u00e1mbito educativo, como parte de los avances del di\u00e1logo, la secretaria de la Pol\u00edtica, Paola Pab\u00f3n indic\u00f3 que\u00a0se ha llegado a varios acuerdos para fortalecer el sistema de educaci\u00f3n intercultural biling\u00fce, impulsar un plan nacional de lectura en varias lenguas, la reapertura de bachilleratos t\u00e9cnicos, el restablecimiento de la universidad ind\u00edgena, entre otros. Entrega para campesinos Moreno anunci\u00f3 que la\u00a0minga agropecuaria iniciar\u00e1 el pr\u00f3ximo 16 de agosto, y se entregar\u00e1n kits agropecuarios y cr\u00e9ditos \u00e1giles; adem\u00e1s, pidi\u00f3 a los m\u00e1s de mil asistentes que se acojan al seguro agropecuario. Tambi\u00e9n hizo \u00e9nfasis en la concesi\u00f3n de seis indultos hasta el momento. En los di\u00e1logos con los pueblos y nacionalidades, sigue en discusi\u00f3n y como tema pendiente el transporte comunitario. Pab\u00f3n dijo que debe existir una revisi\u00f3n legal, pero que el tema merece una soluci\u00f3n integral que contemple las necesidades de la poblaci\u00f3n. El presidente se comprometi\u00f3 a apoyar el\u00a0trabajo de la historiadora Tamara Estupi\u00f1\u00e1n sobre el Malqui Machay, que habr\u00eda sido la \u00faltima morada de Atahualpa y podr\u00eda convertir a Sigchos en un centro tur\u00edstico en la regi\u00f3n Andina. El presidente recibi\u00f3 las llaves de la ciudad de manos del alcalde, Mario Andino, y el saludo y respaldo del gobernador H\u00e9ctor Gonz\u00e1lez, familiar de su esposa, Roc\u00edo Gonz\u00e1lez. Manuel Miningalle, dirigente de Chugchil\u00e1n, felicit\u00f3 la iniciativa del di\u00e1logo como herramienta plurinacional e intercultural, y dijo que en Sigchos existe un basti\u00f3n de la revoluci\u00f3n y que est\u00e1n para apoyarlo. (I) &nbsp; &nbsp; Fuente: http:\/\/www.eluniverso.com\/noticias\/2017\/08\/09\/nota\/6322576\/lenin-moreno-se-disculpo-politicas-publicas-administracion-rafael<\/p>\n","protected":false},"author":1,"featured_media":245038,"comment_status":"open","ping_status":"open","sticky":false,"template":"","format":"standard","meta":[],"categories":[54,32,43,40,35],"tags":[],"_links":{"self":[{"href":"https:\/\/www.ecuadortimes.net\/es\/wp-json\/wp\/v2\/posts\/245037"}],"collection":[{"href":"https:\/\/www.ecuadortimes.net\/es\/wp-json\/wp\/v2\/posts"}],"about":[{"href":"https:\/\/www.ecuadortimes.net\/es\/wp-json\/wp\/v2\/types\/post"}],"author":[{"embeddable":true,"href":"https:\/\/www.ecuadortimes.net\/es\/wp-json\/wp\/v2\/users\/1"}],"replies":[{"embeddable":true,"href":"https:\/\/www.ecuadortimes.net\/es\/wp-json\/wp\/v2\/comments?post=245037"}],"version-history":[{"count":0,"href":"https:\/\/www.ecuadortimes.net\/es\/wp-json\/wp\/v2\/posts\/245037\/revisions"}],"wp:featuredmedia":[{"embeddable":true,"href":"https:\/\/www.ecuadortimes.net\/es\/wp-json\/wp\/v2\/media\/245038"}],"wp:attachment":[{"href":"https:\/\/www.ecuadortimes.net\/es\/wp-json\/wp\/v2\/media?parent=245037"}],"wp:term":[{"taxonomy":"category","embeddable":true,"href":"https:\/\/www.ecuadortimes.net\/es\/wp-json\/wp\/v2\/categories?post=245037"},{"taxonomy":"post_tag","embeddable":true,"href":"https:\/\/www.ecuadortimes.net\/es\/wp-json\/wp\/v2\/tags?post=245037"}],"curies":[{"name":"wp","href":"https:\/\/api.w.org\/{rel}","templated":true}]}}