{"id":245041,"date":"2017-08-10T00:00:00","date_gmt":"2017-08-10T00:00:00","guid":{"rendered":"https:\/\/www.ecuadortimes.net\/es\/el-10-de-agosto-motiva-plantones-y-marchas-en-quito-y-guayaquil\/"},"modified":"2017-08-10T00:00:00","modified_gmt":"2017-08-10T00:00:00","slug":"el-10-de-agosto-motiva-plantones-y-marchas-en-quito-y-guayaquil","status":"publish","type":"post","link":"https:\/\/www.ecuadortimes.net\/es\/el-10-de-agosto-motiva-plantones-y-marchas-en-quito-y-guayaquil\/","title":{"rendered":"El 10 de Agosto motiva plantones y marchas en Quito y Guayaquil"},"content":{"rendered":"<p><img loading=\"lazy\" class=\"size-full wp-image-188710 aligncenter\" src=\"https:\/\/www.ecuadortimes.net\/es\/wp-content\/uploads\/2017\/08\/ECUADORTIMES_ECUADORNEWS_10_DE_AGOSTO_MOTIVA_PLANTONES_MARCHAS_QUITO_GUAYAQUIL.jpeg\" alt=\"\" width=\"612\" height=\"340\" \/><\/p>\n<p>&nbsp;<\/p>\n<p>En Quito y Guayaquil habr\u00e1 movilizaciones y <strong>plantones a prop\u00f3sito del 10 de agosto de 2017<\/strong>. Las manifestaciones tendr\u00e1n como objetivo central pedir celeridad en las investigaciones por casos de corrupci\u00f3n que involucrar\u00edan a altos funcionarios.<\/p>\n<p><strong>El Frente Unitario de los Trabajadores, la Comisi\u00f3n Nacional Anticorrupci\u00f3n y el Colectivo Unitario de Direcci\u00f3n<\/strong> ofrecer\u00e1n una rueda de prensa a las 10:00 en los exteriores de la Fiscal\u00eda General del Estado, en Quito. Mes\u00edas Tatamuez, presidente de la Cedocut, central sindical integrante del Frente Unitario de Trabajadores, asegur\u00f3 que exigir\u00e1n a la Fiscal\u00eda que adopte medidas concretas por los casos Odebrecht, Singue y Caminosca. La Fiscal\u00eda no ha hecho absolutamente nada, todo lo que est\u00e1 saliendo en las denuncias ha sido con goteros, aqu\u00ed nos hemos ido enterando por la justicia internacional, los medios de comunicaci\u00f3n (\u00a6) la Fiscal\u00eda est\u00e1 dejando mucho que desear\u009d.<\/p>\n<p>Tatamuez se\u00f1al\u00f3 que seguir\u00e1n saliendo a las calles a pedir que no haya interferencia en la justicia para que se pueda dar con los principales responsables de corrupci\u00f3n. A las 16:00 est\u00e1 previsto que grupos sociales y gremiales partan desde el edificio del <strong>Instituto Ecuatoriano de Seguridad Social<\/strong> a la Fiscal\u00eda.<\/p>\n<p>Geovanny Atarihuana, director de Unidad Popular, asegur\u00f3 que se sumar\u00e1n a esa marcha para pedir se formulen cargos en contra del Vicepresidente y se pida su prisi\u00f3n como medida cautelar. Es un clamor de toda la poblaci\u00f3n de que caigan los peces gordos y hay una exigencia a la Fiscal\u00eda que teniendo, como existen, todos los indicios en Odebrecht, Caminosca, deber\u00eda ya formular cargos y pedir la prisi\u00f3n preventiva contra Jorge Glas\u009d, anot\u00f3.<\/p>\n<p>Atarihuana refiri\u00f3 que es necesario que el presidente Len\u00edn Moreno cumpla su anuncio de combatir frontalmente la corrupci\u00f3n. Tambi\u00e9n indic\u00f3 que la ciudadan\u00eda est\u00e1 realizando su aporte con la conformaci\u00f3n de las comisiones anticorrupci\u00f3n en las provincias para descubrir otros casos de corrupci\u00f3n.<\/p>\n<p>En esa l\u00ednea record\u00f3 que ayer, 9 de agosto de 2017, sesion\u00f3 en Guayaquil por primera vez la comisi\u00f3n integrada por nueve personalidades y que investigar\u00e1n actos il\u00edcitos y deshonestos. En ese grupo est\u00e1n la excandidata presidencial Martha Rold\u00f3s y la excandidata a la Asamblea Silvia Buend\u00eda. A\u00f1adi\u00f3 que Jorge Rodr\u00edguez, principal de la Comisi\u00f3n Nacional Anticorrupci\u00f3n (CNA), presentar\u00e1 la pr\u00f3xima semana una acci\u00f3n por prevaricato en contra del conjuez de la Corte Nacional de Justicia, Marco Maldonado.<\/p>\n<p>Esto porque el ex contralor Carlos P\u00f3lit habr\u00eda incidido en una decisi\u00f3n de Maldonado para desechar una denuncia presentada por el CNA. La acusaci\u00f3n fue por supuesto sobreprecio en el aval\u00fao de un terreno de la Refiner\u00eda del Pac\u00edfico y fue catalogada como maliciosa y temeraria\u009d. Mientras tanto, a las 17:00, se efectuar\u00e1 el plant\u00f3n \u0098contra la corrupci\u00f3n y la democracia\u0099, en el parque Centenario, en el centro de Guayaquil. A dicha movilizaci\u00f3n est\u00e1n convocados representantes de varios grupos sociales y pol\u00edticos de la provincia del Guayas.<small> (I)<\/small><\/p>\n<p>&nbsp;<\/p>\n<p>&nbsp;<\/p>\n<p><strong>Fuente: <\/strong><a href=\"http:\/\/www.elcomercio.com\/actualidad\/10deagosto-plantones-corrupcion-odebrecht.html\" target=\"_blank\" rel=\"noopener noreferrer\">http:\/\/www.elcomercio.com\/actualidad\/10deagosto-plantones-corrupcion-odebrecht.html<\/a><\/p>\n","protected":false},"excerpt":{"rendered":"<p>&nbsp; En Quito y Guayaquil habr\u00e1 movilizaciones y plantones a prop\u00f3sito del 10 de agosto de 2017. Las manifestaciones tendr\u00e1n como objetivo central pedir celeridad en las investigaciones por casos de corrupci\u00f3n que involucrar\u00edan a altos funcionarios. El Frente Unitario de los Trabajadores, la Comisi\u00f3n Nacional Anticorrupci\u00f3n y el Colectivo Unitario de Direcci\u00f3n ofrecer\u00e1n una rueda de prensa a las 10:00 en los exteriores de la Fiscal\u00eda General del Estado, en Quito. Mes\u00edas Tatamuez, presidente de la Cedocut, central sindical integrante del Frente Unitario de Trabajadores, asegur\u00f3 que exigir\u00e1n a la Fiscal\u00eda que adopte medidas concretas por los casos Odebrecht, Singue y Caminosca. La Fiscal\u00eda no ha hecho absolutamente nada, todo lo que est\u00e1 saliendo en las denuncias ha sido con goteros, aqu\u00ed nos hemos ido enterando por la justicia internacional, los medios de comunicaci\u00f3n (\u00a6) la Fiscal\u00eda est\u00e1 dejando mucho que desear\u009d. Tatamuez se\u00f1al\u00f3 que seguir\u00e1n saliendo a las calles a pedir que no haya interferencia en la justicia para que se pueda dar con los principales responsables de corrupci\u00f3n. A las 16:00 est\u00e1 previsto que grupos sociales y gremiales partan desde el edificio del Instituto Ecuatoriano de Seguridad Social a la Fiscal\u00eda. Geovanny Atarihuana, director de Unidad Popular, asegur\u00f3 que se sumar\u00e1n a esa marcha para pedir se formulen cargos en contra del Vicepresidente y se pida su prisi\u00f3n como medida cautelar. Es un clamor de toda la poblaci\u00f3n de que caigan los peces gordos y hay una exigencia a la Fiscal\u00eda que teniendo, como existen, todos los indicios en Odebrecht, Caminosca, deber\u00eda ya formular cargos y pedir la prisi\u00f3n preventiva contra Jorge Glas\u009d, anot\u00f3. Atarihuana refiri\u00f3 que es necesario que el presidente Len\u00edn Moreno cumpla su anuncio de combatir frontalmente la corrupci\u00f3n. Tambi\u00e9n indic\u00f3 que la ciudadan\u00eda est\u00e1 realizando su aporte con la conformaci\u00f3n de las comisiones anticorrupci\u00f3n en las provincias para descubrir otros casos de corrupci\u00f3n. En esa l\u00ednea record\u00f3 que ayer, 9 de agosto de 2017, sesion\u00f3 en Guayaquil por primera vez la comisi\u00f3n integrada por nueve personalidades y que investigar\u00e1n actos il\u00edcitos y deshonestos. En ese grupo est\u00e1n la excandidata presidencial Martha Rold\u00f3s y la excandidata a la Asamblea Silvia Buend\u00eda. A\u00f1adi\u00f3 que Jorge Rodr\u00edguez, principal de la Comisi\u00f3n Nacional Anticorrupci\u00f3n (CNA), presentar\u00e1 la pr\u00f3xima semana una acci\u00f3n por prevaricato en contra del conjuez de la Corte Nacional de Justicia, Marco Maldonado. Esto porque el ex contralor Carlos P\u00f3lit habr\u00eda incidido en una decisi\u00f3n de Maldonado para desechar una denuncia presentada por el CNA. La acusaci\u00f3n fue por supuesto sobreprecio en el aval\u00fao de un terreno de la Refiner\u00eda del Pac\u00edfico y fue catalogada como maliciosa y temeraria\u009d. Mientras tanto, a las 17:00, se efectuar\u00e1 el plant\u00f3n \u0098contra la corrupci\u00f3n y la democracia\u0099, en el parque Centenario, en el centro de Guayaquil. A dicha movilizaci\u00f3n est\u00e1n convocados representantes de varios grupos sociales y pol\u00edticos de la provincia del Guayas. (I) &nbsp; &nbsp; Fuente: http:\/\/www.elcomercio.com\/actualidad\/10deagosto-plantones-corrupcion-odebrecht.html<\/p>\n","protected":false},"author":1,"featured_media":245042,"comment_status":"open","ping_status":"open","sticky":false,"template":"","format":"standard","meta":[],"categories":[54,32,35],"tags":[],"_links":{"self":[{"href":"https:\/\/www.ecuadortimes.net\/es\/wp-json\/wp\/v2\/posts\/245041"}],"collection":[{"href":"https:\/\/www.ecuadortimes.net\/es\/wp-json\/wp\/v2\/posts"}],"about":[{"href":"https:\/\/www.ecuadortimes.net\/es\/wp-json\/wp\/v2\/types\/post"}],"author":[{"embeddable":true,"href":"https:\/\/www.ecuadortimes.net\/es\/wp-json\/wp\/v2\/users\/1"}],"replies":[{"embeddable":true,"href":"https:\/\/www.ecuadortimes.net\/es\/wp-json\/wp\/v2\/comments?post=245041"}],"version-history":[{"count":0,"href":"https:\/\/www.ecuadortimes.net\/es\/wp-json\/wp\/v2\/posts\/245041\/revisions"}],"wp:featuredmedia":[{"embeddable":true,"href":"https:\/\/www.ecuadortimes.net\/es\/wp-json\/wp\/v2\/media\/245042"}],"wp:attachment":[{"href":"https:\/\/www.ecuadortimes.net\/es\/wp-json\/wp\/v2\/media?parent=245041"}],"wp:term":[{"taxonomy":"category","embeddable":true,"href":"https:\/\/www.ecuadortimes.net\/es\/wp-json\/wp\/v2\/categories?post=245041"},{"taxonomy":"post_tag","embeddable":true,"href":"https:\/\/www.ecuadortimes.net\/es\/wp-json\/wp\/v2\/tags?post=245041"}],"curies":[{"name":"wp","href":"https:\/\/api.w.org\/{rel}","templated":true}]}}