{"id":245045,"date":"2017-08-10T00:00:00","date_gmt":"2017-08-10T00:00:00","guid":{"rendered":"https:\/\/www.ecuadortimes.net\/es\/jorge-glas-declaro-en-fiscalia-por-casos-singue-y-odebrecht\/"},"modified":"2017-08-10T00:00:00","modified_gmt":"2017-08-10T00:00:00","slug":"jorge-glas-declaro-en-fiscalia-por-casos-singue-y-odebrecht","status":"publish","type":"post","link":"https:\/\/www.ecuadortimes.net\/es\/jorge-glas-declaro-en-fiscalia-por-casos-singue-y-odebrecht\/","title":{"rendered":"Jorge Glas declar\u00f3 en Fiscal\u00eda por casos Singue y Odebrecht"},"content":{"rendered":"<p><img loading=\"lazy\" class=\"size-full wp-image-188715 aligncenter\" src=\"https:\/\/www.ecuadortimes.net\/es\/wp-content\/uploads\/2017\/08\/ECUADORTIMES_ECUADORNEWS_JORGE_GLAS_DECLARO_FISCALIA_CASOS_SINGUE_ODEBRECHT.jpg\" alt=\"\" width=\"762\" height=\"428\" \/><\/p>\n<p>&nbsp;<\/p>\n<p>El vicepresidente\u00a0<b>Jorge<\/b>\u00a0<b>Glas<\/b>, llego este mi\u00e9rcoles 9 de agosto a la<b>\u00a0Fiscal\u00eda General del Estado<\/b>, en\u00a0<b>Quito<\/b>, para prestar declaraci\u00f3n en dos casos de corrupci\u00f3n: la investigaci\u00f3n previa por\u00a0<b>Singue<\/b>\u00a0\u0094contrato petrolero del que fue parte de negociaciones\u0094 y la instrucci\u00f3n fiscal en el\u00a0<b>caso<\/b>\u00a0<b>Odebrecht<\/b>\u00a0por presunta asociaci\u00f3n il\u00edcita.<\/p>\n<p>Glas se person\u00f3 en la Fiscal\u00eda a las 08:15 hora local para declarar ante la fiscal del caso en un expediente conocido como\u00a0<b>Singue<\/b>, y despu\u00e9s hizo lo propio ante la\u00a0<b>fiscal<\/b>\u00a0<b>Diana Salazar<\/b>\u00a0sobre el caso\u00a0<b>Odebrecht<\/b>.<\/p>\n<p>A la llegada de Glas a la\u00a0<b>Fiscal\u00eda<\/b>, el edificio estaba custodiado por una treintena de agentes de polic\u00eda, de ellos una docena de la<b>\u00a0unidad antimotines<\/b>, una medida habitual para estos casos en previsi\u00f3n de posibles disturbios por parte de seguidores o detractores.<\/p>\n<p>Afuera, sin embargo, solo se presentaron apenas una treintena de seguidores del vicepresidente, algunos de la provincia de\u00a0<b>Manab\u00ed<\/b>, para expresarle su apoyo.<\/p>\n<p>Con pancartas de A esta revoluci\u00f3n no la detiene nada ni nadie\u009d, Glas amigo el pueblo esta contigo\u009d, o de El pueblo respalda a su vicepresidente\u009d, los manifestantes profirieron tambi\u00e9n arengas contra el actual presidente,<b>\u00a0Lenin Moreno<\/b>, a quien acusan de la situaci\u00f3n judicial de Glas.<\/p>\n<p>Los manifestantes tambi\u00e9n gritaron consignas a favor de la\u00a0<b>Revoluci\u00f3n Ciudadana<\/b>, impulsada por el anterior presidente\u00a0<b>Rafael Correa<\/b>, correligionario de Moreno.<\/p>\n<p>Tras\u00a0<b>7 horas de diligencia<\/b>, el vicepresidente habl\u00f3 con los medios presentes en los exteriores de la\u00a0<b>Fiscal\u00eda<\/b>\u00a0y reiter\u00f3 que el caso del\u00a0<b>campo<\/b>\u00a0<b>Singue\u00a0<\/b>obedece a una persecuci\u00f3n pol\u00edtica\u009d por parte de la\u00a0<b>Contralor\u00eda General del Estado<\/b>. Adem\u00e1s se refiri\u00f3 a las disputas que ocurren al interior del movimiento Alianza PAIS. Seg\u00fan Glas, \u00e9l cree que hay oposici\u00f3n interna y creo que es de dominio p\u00fablico\u009d.<\/p>\n<p><i><b>Antecedentes<\/b><\/i><\/p>\n<p>La Fiscal\u00eda de Ecuador inform\u00f3 la semana pasada que investiga a m\u00e1s de una veintena de exfuncionarios y funcionarios, incluido el vicepresidente del pa\u00eds, por las presuntas irregularidades en el contrato de 2012 para la exploraci\u00f3n y explotaci\u00f3n de un campo petrolero en la Amazon\u00eda, en el llamado Bloque Singue.<\/p>\n<p>El nombre de Glas tambi\u00e9n aparece en el llamado caso Odebrecht, en el que la Fiscal\u00eda investiga presuntos sobornos de la firma brasile\u00f1a en el pa\u00eds.<\/p>\n<p>El pasado viernes, Glas rechaz\u00f3 una nueva versi\u00f3n del exdirector de la firma Odebrecht Jos\u00e9 Concei\u00c3\u00a7\u00c3\u00a3o Filho, en la que asegura que, entre 2012 y 2016, la multinacional le habr\u00eda entregado 14,1 millones de d\u00f3lares, seg\u00fan public\u00f3 el diario O Globo de Brasil.<\/p>\n<p>Nueva denuncia es un refrito burdo del mismo delator y corrupto confes\u00f3, que adem\u00e1s ahora usa espionaje pol\u00edtico. \u00a1No nos derrotar\u00e1n!\u009d, escribi\u00f3 entonces Glas en su cuenta de Twitter.<\/p>\n<p>Glas, al que el jueves pasado el presidente de Ecuador, Len\u00edn Moreno, le retir\u00f3 las funciones tras las cr\u00edticas del primero a su gesti\u00f3n, a\u00f1adi\u00f3: Esto es algo fraguado. Otra parte de la venganza Odebrecht para intentar da\u00f1arme. Saben que somos el escollo a sus actos corruptos\u009d. (I)<\/p>\n<p>&nbsp;<\/p>\n<p>&nbsp;<\/p>\n<p><strong>Fuente:<\/strong> <a href=\"http:\/\/www.expreso.ec\/actualidad\/jorgeglas-fiscaliageneral-carlosbacamancheno-odebrechtecuador-DE1611063\" target=\"_blank\" rel=\"noopener noreferrer\">http:\/\/www.expreso.ec\/actualidad\/jorgeglas-fiscaliageneral-carlosbacamancheno-odebrechtecuador-DE1611063<\/a><\/p>\n","protected":false},"excerpt":{"rendered":"<p>&nbsp; El vicepresidente\u00a0Jorge\u00a0Glas, llego este mi\u00e9rcoles 9 de agosto a la\u00a0Fiscal\u00eda General del Estado, en\u00a0Quito, para prestar declaraci\u00f3n en dos casos de corrupci\u00f3n: la investigaci\u00f3n previa por\u00a0Singue\u00a0\u0094contrato petrolero del que fue parte de negociaciones\u0094 y la instrucci\u00f3n fiscal en el\u00a0caso\u00a0Odebrecht\u00a0por presunta asociaci\u00f3n il\u00edcita. Glas se person\u00f3 en la Fiscal\u00eda a las 08:15 hora local para declarar ante la fiscal del caso en un expediente conocido como\u00a0Singue, y despu\u00e9s hizo lo propio ante la\u00a0fiscal\u00a0Diana Salazar\u00a0sobre el caso\u00a0Odebrecht. A la llegada de Glas a la\u00a0Fiscal\u00eda, el edificio estaba custodiado por una treintena de agentes de polic\u00eda, de ellos una docena de la\u00a0unidad antimotines, una medida habitual para estos casos en previsi\u00f3n de posibles disturbios por parte de seguidores o detractores. Afuera, sin embargo, solo se presentaron apenas una treintena de seguidores del vicepresidente, algunos de la provincia de\u00a0Manab\u00ed, para expresarle su apoyo. Con pancartas de A esta revoluci\u00f3n no la detiene nada ni nadie\u009d, Glas amigo el pueblo esta contigo\u009d, o de El pueblo respalda a su vicepresidente\u009d, los manifestantes profirieron tambi\u00e9n arengas contra el actual presidente,\u00a0Lenin Moreno, a quien acusan de la situaci\u00f3n judicial de Glas. Los manifestantes tambi\u00e9n gritaron consignas a favor de la\u00a0Revoluci\u00f3n Ciudadana, impulsada por el anterior presidente\u00a0Rafael Correa, correligionario de Moreno. Tras\u00a07 horas de diligencia, el vicepresidente habl\u00f3 con los medios presentes en los exteriores de la\u00a0Fiscal\u00eda\u00a0y reiter\u00f3 que el caso del\u00a0campo\u00a0Singue\u00a0obedece a una persecuci\u00f3n pol\u00edtica\u009d por parte de la\u00a0Contralor\u00eda General del Estado. Adem\u00e1s se refiri\u00f3 a las disputas que ocurren al interior del movimiento Alianza PAIS. Seg\u00fan Glas, \u00e9l cree que hay oposici\u00f3n interna y creo que es de dominio p\u00fablico\u009d. Antecedentes La Fiscal\u00eda de Ecuador inform\u00f3 la semana pasada que investiga a m\u00e1s de una veintena de exfuncionarios y funcionarios, incluido el vicepresidente del pa\u00eds, por las presuntas irregularidades en el contrato de 2012 para la exploraci\u00f3n y explotaci\u00f3n de un campo petrolero en la Amazon\u00eda, en el llamado Bloque Singue. El nombre de Glas tambi\u00e9n aparece en el llamado caso Odebrecht, en el que la Fiscal\u00eda investiga presuntos sobornos de la firma brasile\u00f1a en el pa\u00eds. El pasado viernes, Glas rechaz\u00f3 una nueva versi\u00f3n del exdirector de la firma Odebrecht Jos\u00e9 Concei\u00c3\u00a7\u00c3\u00a3o Filho, en la que asegura que, entre 2012 y 2016, la multinacional le habr\u00eda entregado 14,1 millones de d\u00f3lares, seg\u00fan public\u00f3 el diario O Globo de Brasil. Nueva denuncia es un refrito burdo del mismo delator y corrupto confes\u00f3, que adem\u00e1s ahora usa espionaje pol\u00edtico. \u00a1No nos derrotar\u00e1n!\u009d, escribi\u00f3 entonces Glas en su cuenta de Twitter. Glas, al que el jueves pasado el presidente de Ecuador, Len\u00edn Moreno, le retir\u00f3 las funciones tras las cr\u00edticas del primero a su gesti\u00f3n, a\u00f1adi\u00f3: Esto es algo fraguado. Otra parte de la venganza Odebrecht para intentar da\u00f1arme. Saben que somos el escollo a sus actos corruptos\u009d. (I) &nbsp; &nbsp; Fuente: http:\/\/www.expreso.ec\/actualidad\/jorgeglas-fiscaliageneral-carlosbacamancheno-odebrechtecuador-DE1611063<\/p>\n","protected":false},"author":1,"featured_media":245046,"comment_status":"open","ping_status":"open","sticky":false,"template":"","format":"standard","meta":[],"categories":[54,32,40,35,56,46],"tags":[],"_links":{"self":[{"href":"https:\/\/www.ecuadortimes.net\/es\/wp-json\/wp\/v2\/posts\/245045"}],"collection":[{"href":"https:\/\/www.ecuadortimes.net\/es\/wp-json\/wp\/v2\/posts"}],"about":[{"href":"https:\/\/www.ecuadortimes.net\/es\/wp-json\/wp\/v2\/types\/post"}],"author":[{"embeddable":true,"href":"https:\/\/www.ecuadortimes.net\/es\/wp-json\/wp\/v2\/users\/1"}],"replies":[{"embeddable":true,"href":"https:\/\/www.ecuadortimes.net\/es\/wp-json\/wp\/v2\/comments?post=245045"}],"version-history":[{"count":0,"href":"https:\/\/www.ecuadortimes.net\/es\/wp-json\/wp\/v2\/posts\/245045\/revisions"}],"wp:featuredmedia":[{"embeddable":true,"href":"https:\/\/www.ecuadortimes.net\/es\/wp-json\/wp\/v2\/media\/245046"}],"wp:attachment":[{"href":"https:\/\/www.ecuadortimes.net\/es\/wp-json\/wp\/v2\/media?parent=245045"}],"wp:term":[{"taxonomy":"category","embeddable":true,"href":"https:\/\/www.ecuadortimes.net\/es\/wp-json\/wp\/v2\/categories?post=245045"},{"taxonomy":"post_tag","embeddable":true,"href":"https:\/\/www.ecuadortimes.net\/es\/wp-json\/wp\/v2\/tags?post=245045"}],"curies":[{"name":"wp","href":"https:\/\/api.w.org\/{rel}","templated":true}]}}