{"id":245055,"date":"2017-08-10T00:00:00","date_gmt":"2017-08-10T00:00:00","guid":{"rendered":"https:\/\/www.ecuadortimes.net\/es\/creo-arma-estrategia-para-evitar-trabas-en-juicio-a-jorge-glas\/"},"modified":"2017-08-10T00:00:00","modified_gmt":"2017-08-10T00:00:00","slug":"creo-arma-estrategia-para-evitar-trabas-en-juicio-a-jorge-glas","status":"publish","type":"post","link":"https:\/\/www.ecuadortimes.net\/es\/creo-arma-estrategia-para-evitar-trabas-en-juicio-a-jorge-glas\/","title":{"rendered":"CREO arma estrategia para evitar trabas en juicio a Jorge Glas"},"content":{"rendered":"<p><img loading=\"lazy\" class=\"size-full wp-image-188711 aligncenter\" src=\"https:\/\/www.ecuadortimes.net\/es\/wp-content\/uploads\/2017\/08\/ECUADORTIMES_ECUADORNEWS_CREO_ESTRATEGOAS_EVITAR_TRABAS_JUICIO_JORGE_GLAS.jpg\" alt=\"\" width=\"675\" height=\"450\" \/><\/p>\n<p>&nbsp;<\/p>\n<div class=\"location-event\"><strong>Quito &#8211;<\/strong>La bancada de <strong>Alianza PAIS (AP)<\/strong>, seg\u00fan la asamble\u00edsta Soledad Buend\u00eda, no encuentra sustento jur\u00eddico que permita que el <strong>Consejo de Administraci\u00f3n Legislativa (CAL)<\/strong> levante el archivo del juicio pol\u00edtico en contra del vicepresidente de la Rep\u00fablica, Jorge Glas.<\/div>\n<p>El pasado 18 de julio, el CAL, con cinco votos de siete miembros, orden\u00f3 el archivo del pedido de juicio planteado por <strong>Roberto G\u00f3mez (CREO)<\/strong> apoyado por <strong>59 firmas<\/strong>.<\/p>\n<p>Como pruebas se present\u00f3 el Decreto Ejecutivo N<strong>\u00ba<\/strong>\u00a015, en el que el exmandatario Rafael Correa encarga la administraci\u00f3n de las \u00e1reas estrat\u00e9gicas al vicepresidente Glas. Tambi\u00e9n documentos sobre Caminosca, que supuestamente actu\u00f3 como intermediaria para pagar sobornos; los procesos judiciales en contra de exfuncionarios de Petroecuador; y la solicitud de incorporar audios con delaciones de parte de <strong>Odebrecht<\/strong>, \u00a0\u00a0\u00a0que semanas despu\u00e9s fueron expuestos por la prensa brasile\u00f1a, donde el excontralor Carlos P\u00f3lit y el representante de la empresa brasile\u00f1a hablan sobre la entrega de coimas y se nombra a Jorge Glas.<\/p>\n<p>Para G\u00f3mez, el CAL tiene que reactivar el juicio, pues hay desconfianza y adem\u00e1s no tiene funciones como vicepresidente por estar contaminado en actos de corrupci\u00f3n. Ayer se reuni\u00f3 un grupo de asamble\u00edstas de esta bancada de oposici\u00f3n para definir una estrategia.<\/p>\n<p>Buend\u00eda sostuvo que desconoce que CREO haya pedido reactivar el juicio pol\u00edtico, pero advirti\u00f3 que la ley es clara al se\u00f1alar que cuando se archiva un juicio, en ning\u00fan caso, podr\u00e1 volverse a proponer otro por los mismos hechos. (I)<\/p>\n<p>&nbsp;<\/p>\n<p>&nbsp;<\/p>\n<p><strong>Fuente: <\/strong><a href=\"http:\/\/www.eluniverso.com\/noticias\/2017\/08\/10\/nota\/6323185\/creo-arma-estrategia-evitar-trabas-juicio-glas\" target=\"_blank\" rel=\"noopener noreferrer\">http:\/\/www.eluniverso.com\/noticias\/2017\/08\/10\/nota\/6323185\/creo-arma-estrategia-evitar-trabas-juicio-glas<\/a><\/p>\n","protected":false},"excerpt":{"rendered":"<p>&nbsp; Quito &#8211;La bancada de Alianza PAIS (AP), seg\u00fan la asamble\u00edsta Soledad Buend\u00eda, no encuentra sustento jur\u00eddico que permita que el Consejo de Administraci\u00f3n Legislativa (CAL) levante el archivo del juicio pol\u00edtico en contra del vicepresidente de la Rep\u00fablica, Jorge Glas. El pasado 18 de julio, el CAL, con cinco votos de siete miembros, orden\u00f3 el archivo del pedido de juicio planteado por Roberto G\u00f3mez (CREO) apoyado por 59 firmas. Como pruebas se present\u00f3 el Decreto Ejecutivo N\u00ba\u00a015, en el que el exmandatario Rafael Correa encarga la administraci\u00f3n de las \u00e1reas estrat\u00e9gicas al vicepresidente Glas. Tambi\u00e9n documentos sobre Caminosca, que supuestamente actu\u00f3 como intermediaria para pagar sobornos; los procesos judiciales en contra de exfuncionarios de Petroecuador; y la solicitud de incorporar audios con delaciones de parte de Odebrecht, \u00a0\u00a0\u00a0que semanas despu\u00e9s fueron expuestos por la prensa brasile\u00f1a, donde el excontralor Carlos P\u00f3lit y el representante de la empresa brasile\u00f1a hablan sobre la entrega de coimas y se nombra a Jorge Glas. Para G\u00f3mez, el CAL tiene que reactivar el juicio, pues hay desconfianza y adem\u00e1s no tiene funciones como vicepresidente por estar contaminado en actos de corrupci\u00f3n. Ayer se reuni\u00f3 un grupo de asamble\u00edstas de esta bancada de oposici\u00f3n para definir una estrategia. Buend\u00eda sostuvo que desconoce que CREO haya pedido reactivar el juicio pol\u00edtico, pero advirti\u00f3 que la ley es clara al se\u00f1alar que cuando se archiva un juicio, en ning\u00fan caso, podr\u00e1 volverse a proponer otro por los mismos hechos. (I) &nbsp; &nbsp; Fuente: http:\/\/www.eluniverso.com\/noticias\/2017\/08\/10\/nota\/6323185\/creo-arma-estrategia-evitar-trabas-juicio-glas<\/p>\n","protected":false},"author":1,"featured_media":245056,"comment_status":"open","ping_status":"open","sticky":false,"template":"","format":"standard","meta":[],"categories":[54,32,40,35,56,46],"tags":[],"_links":{"self":[{"href":"https:\/\/www.ecuadortimes.net\/es\/wp-json\/wp\/v2\/posts\/245055"}],"collection":[{"href":"https:\/\/www.ecuadortimes.net\/es\/wp-json\/wp\/v2\/posts"}],"about":[{"href":"https:\/\/www.ecuadortimes.net\/es\/wp-json\/wp\/v2\/types\/post"}],"author":[{"embeddable":true,"href":"https:\/\/www.ecuadortimes.net\/es\/wp-json\/wp\/v2\/users\/1"}],"replies":[{"embeddable":true,"href":"https:\/\/www.ecuadortimes.net\/es\/wp-json\/wp\/v2\/comments?post=245055"}],"version-history":[{"count":0,"href":"https:\/\/www.ecuadortimes.net\/es\/wp-json\/wp\/v2\/posts\/245055\/revisions"}],"wp:featuredmedia":[{"embeddable":true,"href":"https:\/\/www.ecuadortimes.net\/es\/wp-json\/wp\/v2\/media\/245056"}],"wp:attachment":[{"href":"https:\/\/www.ecuadortimes.net\/es\/wp-json\/wp\/v2\/media?parent=245055"}],"wp:term":[{"taxonomy":"category","embeddable":true,"href":"https:\/\/www.ecuadortimes.net\/es\/wp-json\/wp\/v2\/categories?post=245055"},{"taxonomy":"post_tag","embeddable":true,"href":"https:\/\/www.ecuadortimes.net\/es\/wp-json\/wp\/v2\/tags?post=245055"}],"curies":[{"name":"wp","href":"https:\/\/api.w.org\/{rel}","templated":true}]}}