{"id":245057,"date":"2017-08-10T00:00:00","date_gmt":"2017-08-10T00:00:00","guid":{"rendered":"https:\/\/www.ecuadortimes.net\/es\/vehiculo-chino-jac-ya-se-arma-en-el-pais\/"},"modified":"2017-08-10T00:00:00","modified_gmt":"2017-08-10T00:00:00","slug":"vehiculo-chino-jac-ya-se-arma-en-el-pais","status":"publish","type":"post","link":"https:\/\/www.ecuadortimes.net\/es\/vehiculo-chino-jac-ya-se-arma-en-el-pais\/","title":{"rendered":"Veh\u00edculo chino JAC ya se arma en el pa\u00eds"},"content":{"rendered":"<p><img loading=\"lazy\" class=\"size-full wp-image-188720 aligncenter\" src=\"https:\/\/www.ecuadortimes.net\/es\/wp-content\/uploads\/2017\/08\/ECUADORTIMES_ECUADORNEWS_VEHICULO_CHINA_SE_ARMA_EN_EL_PAIS.jpg\" alt=\"\" width=\"713\" height=\"450\" \/><\/p>\n<p>&nbsp;<\/p>\n<p>Con una inversi\u00f3n aproximada de $ 3 millones en maquinaria y tecnolog\u00eda de punta, la <strong>empresa china JAC Motors, Armacar y Aymesa<\/strong>, importadora y ensambladora locales, respectivamente, iniciaron la producci\u00f3n del <strong>SUV JAC S3<\/strong>, en Quito.<\/p>\n<p>El veh\u00edculo tiene transmisi\u00f3n manual 4&#215;2, motor 1.6 VVT con 118Hp\u0099s de gasolina.<\/p>\n<p>Se proyecta ensamblar un total anual de 500 unidades para el mercado local y se prev\u00e9 a largo plazo iniciar la exportaci\u00f3n de ese modelo. Se realizan estudios de factibilidad para ensamblar otros modelos.<\/p>\n<p>El plan contempla, adem\u00e1s, cerca de 200 plazas directas de trabajo en toda la cadena como autopartistas, puntos de venta y talleres de la red de concesionarios, Aymesa y otras empresas afines al proyecto. En cuanto a los autopartistas, se ha establecido un plan de localizaci\u00f3n de piezas y partes dentro del mercado nacional. (I)<\/p>\n<p>&nbsp;<\/p>\n<p>&nbsp;<\/p>\n<p><strong>Fuente: <\/strong><a href=\"http:\/\/www.eluniverso.com\/noticias\/2017\/08\/10\/nota\/6323128\/vehiculo-chino-jac-ya-se-arma-pais\" target=\"_blank\" rel=\"noopener noreferrer\">http:\/\/www.eluniverso.com\/noticias\/2017\/08\/10\/nota\/6323128\/vehiculo-chino-jac-ya-se-arma-pais<\/a><\/p>\n","protected":false},"excerpt":{"rendered":"<p>&nbsp; Con una inversi\u00f3n aproximada de $ 3 millones en maquinaria y tecnolog\u00eda de punta, la empresa china JAC Motors, Armacar y Aymesa, importadora y ensambladora locales, respectivamente, iniciaron la producci\u00f3n del SUV JAC S3, en Quito. El veh\u00edculo tiene transmisi\u00f3n manual 4&#215;2, motor 1.6 VVT con 118Hp\u0099s de gasolina. Se proyecta ensamblar un total anual de 500 unidades para el mercado local y se prev\u00e9 a largo plazo iniciar la exportaci\u00f3n de ese modelo. Se realizan estudios de factibilidad para ensamblar otros modelos. El plan contempla, adem\u00e1s, cerca de 200 plazas directas de trabajo en toda la cadena como autopartistas, puntos de venta y talleres de la red de concesionarios, Aymesa y otras empresas afines al proyecto. En cuanto a los autopartistas, se ha establecido un plan de localizaci\u00f3n de piezas y partes dentro del mercado nacional. (I) &nbsp; &nbsp; Fuente: http:\/\/www.eluniverso.com\/noticias\/2017\/08\/10\/nota\/6323128\/vehiculo-chino-jac-ya-se-arma-pais<\/p>\n","protected":false},"author":1,"featured_media":245058,"comment_status":"open","ping_status":"open","sticky":false,"template":"","format":"standard","meta":[],"categories":[54,32,43,35],"tags":[],"_links":{"self":[{"href":"https:\/\/www.ecuadortimes.net\/es\/wp-json\/wp\/v2\/posts\/245057"}],"collection":[{"href":"https:\/\/www.ecuadortimes.net\/es\/wp-json\/wp\/v2\/posts"}],"about":[{"href":"https:\/\/www.ecuadortimes.net\/es\/wp-json\/wp\/v2\/types\/post"}],"author":[{"embeddable":true,"href":"https:\/\/www.ecuadortimes.net\/es\/wp-json\/wp\/v2\/users\/1"}],"replies":[{"embeddable":true,"href":"https:\/\/www.ecuadortimes.net\/es\/wp-json\/wp\/v2\/comments?post=245057"}],"version-history":[{"count":0,"href":"https:\/\/www.ecuadortimes.net\/es\/wp-json\/wp\/v2\/posts\/245057\/revisions"}],"wp:featuredmedia":[{"embeddable":true,"href":"https:\/\/www.ecuadortimes.net\/es\/wp-json\/wp\/v2\/media\/245058"}],"wp:attachment":[{"href":"https:\/\/www.ecuadortimes.net\/es\/wp-json\/wp\/v2\/media?parent=245057"}],"wp:term":[{"taxonomy":"category","embeddable":true,"href":"https:\/\/www.ecuadortimes.net\/es\/wp-json\/wp\/v2\/categories?post=245057"},{"taxonomy":"post_tag","embeddable":true,"href":"https:\/\/www.ecuadortimes.net\/es\/wp-json\/wp\/v2\/tags?post=245057"}],"curies":[{"name":"wp","href":"https:\/\/api.w.org\/{rel}","templated":true}]}}