{"id":245060,"date":"2017-08-10T00:00:00","date_gmt":"2017-08-10T00:00:00","guid":{"rendered":"https:\/\/www.ecuadortimes.net\/es\/yilda-banchon-se-destaco-en-concurso-en-estados-unidos\/"},"modified":"2017-08-10T00:00:00","modified_gmt":"2017-08-10T00:00:00","slug":"yilda-banchon-se-destaco-en-concurso-en-estados-unidos","status":"publish","type":"post","link":"https:\/\/www.ecuadortimes.net\/es\/yilda-banchon-se-destaco-en-concurso-en-estados-unidos\/","title":{"rendered":"Yilda Banch\u00f3n se destac\u00f3 en concurso en Estados Unidos"},"content":{"rendered":"<p><img loading=\"lazy\" class=\"size-full wp-image-188721 alignleft\" src=\"https:\/\/www.ecuadortimes.net\/es\/wp-content\/uploads\/2017\/08\/ECUADORTIMES_ECUADORNEWS_YINDA_BANCHON_DESTACO_CONCURSO_ESTADOS_UNIDOS.jpg\" alt=\"\" width=\"305\" height=\"450\" \/><\/p>\n<p>Camina segura, a sus <strong>16 a\u00f1os Yilda Banch\u00f3n<\/strong> ya ha subido un escal\u00f3n m\u00e1s en su carrera. Su alegr\u00eda habla de las cuatro medallas que trajo de Estados Unidos el mes pasado. Obtuvo el primer lugar en varias categor\u00edas del concurso de iPOP.<\/p>\n<p>iPOP\u00a0<a href=\"http:\/\/www.ipopla.com\/\" target=\"_blank\" rel=\"noopener noreferrer\"><strong>The International Presentation Of Performers\u00a0<\/strong><\/a>es un evento que une a m\u00e1s de 40 pa\u00edses en el que trabajan expertos de la industria, y participan frente a agentes y gestores que est\u00e1n en busca de las estrellas futuras.<\/p>\n<p>En la cita participan ejecutivos, directores de casting, y otros profesionales del medio.<\/p>\n<p>Esta iniciativa, que est\u00e1 por cumplir 13 a\u00f1os, se desarrolla en Las Vegas.<\/p>\n<p>&nbsp;<\/p>\n<p><iframe loading=\"lazy\" src=\"https:\/\/www.youtube.com\/embed\/Tep4zCZPopQ\" width=\"560\" height=\"315\" frameborder=\"0\" allowfullscreen=\"allowfullscreen\"><\/iframe><\/p>\n<p>&nbsp;<\/p>\n<p>Yilda compiti\u00f3 entre m\u00e1s de 400 chicos de entre 14 y 17 a\u00f1os y gan\u00f3 en las categor\u00edas de modelaje, canto, actuaci\u00f3n y fotograf\u00eda del concurso. Con el logro, ahora mi meta es darme a conocer en el \u00e1mbito internacional. Tuve propuestas de Disney y productores musicales, son las que me gustan m\u00e1s de todas las que recib\u00ed\u009d, dice la artista.<\/p>\n<p>A\u00f1ade que mantiene el contacto y va a sacar visa de trabajo para irse a EE.UU.<\/p>\n<p>Ella conoci\u00f3 del concurso a trav\u00e9s de la cuenta de Facebook de iPOP, y acudi\u00f3 a un casting que se realiz\u00f3 en el hotel Sheraton, en Guayaquil.<\/p>\n<p>Viaj\u00e9 con el apoyo de mis padres y mis abuelos, mi familia siempre est\u00e1 de forma incondicional\u009d, dice la cantante que ya tiene dos sencillos.<\/p>\n<p>La primera melod\u00eda que grab\u00f3 fue Un mill\u00f3n de estrellas, y al momento promociona Llega ya.<\/p>\n<p>Entre sus metas est\u00e1 lanzar el video de su segundo sencillo y seguir componiendo canciones. Amo el arte, me mantengo en una preparaci\u00f3n constante\u009d, destaca.<\/p>\n<p>Cuando ten\u00eda 8 a\u00f1os, la ni\u00f1a de rizos particip\u00f3 en Peque\u00f1os brillantes, de Gamatv. (I)<\/p>\n<p>&nbsp;<\/p>\n<p>&nbsp;<\/p>\n<p>&nbsp;<\/p>\n<p><strong>Fuente: <\/strong><a href=\"http:\/\/www.eluniverso.com\/guayaquil\/2017\/08\/10\/nota\/6322549\/yilda-banchon-se-destaco-concurso-estados-unidos\" target=\"_blank\" rel=\"noopener noreferrer\">http:\/\/www.eluniverso.com\/guayaquil\/2017\/08\/10\/nota\/6322549\/yilda-banchon-se-destaco-concurso-estados-unidos<\/a><\/p>\n","protected":false},"excerpt":{"rendered":"<p>Camina segura, a sus 16 a\u00f1os Yilda Banch\u00f3n ya ha subido un escal\u00f3n m\u00e1s en su carrera. Su alegr\u00eda habla de las cuatro medallas que trajo de Estados Unidos el mes pasado. Obtuvo el primer lugar en varias categor\u00edas del concurso de iPOP. iPOP\u00a0The International Presentation Of Performers\u00a0es un evento que une a m\u00e1s de 40 pa\u00edses en el que trabajan expertos de la industria, y participan frente a agentes y gestores que est\u00e1n en busca de las estrellas futuras. En la cita participan ejecutivos, directores de casting, y otros profesionales del medio. Esta iniciativa, que est\u00e1 por cumplir 13 a\u00f1os, se desarrolla en Las Vegas. &nbsp; &nbsp; Yilda compiti\u00f3 entre m\u00e1s de 400 chicos de entre 14 y 17 a\u00f1os y gan\u00f3 en las categor\u00edas de modelaje, canto, actuaci\u00f3n y fotograf\u00eda del concurso. Con el logro, ahora mi meta es darme a conocer en el \u00e1mbito internacional. Tuve propuestas de Disney y productores musicales, son las que me gustan m\u00e1s de todas las que recib\u00ed\u009d, dice la artista. A\u00f1ade que mantiene el contacto y va a sacar visa de trabajo para irse a EE.UU. Ella conoci\u00f3 del concurso a trav\u00e9s de la cuenta de Facebook de iPOP, y acudi\u00f3 a un casting que se realiz\u00f3 en el hotel Sheraton, en Guayaquil. Viaj\u00e9 con el apoyo de mis padres y mis abuelos, mi familia siempre est\u00e1 de forma incondicional\u009d, dice la cantante que ya tiene dos sencillos. La primera melod\u00eda que grab\u00f3 fue Un mill\u00f3n de estrellas, y al momento promociona Llega ya. Entre sus metas est\u00e1 lanzar el video de su segundo sencillo y seguir componiendo canciones. Amo el arte, me mantengo en una preparaci\u00f3n constante\u009d, destaca. Cuando ten\u00eda 8 a\u00f1os, la ni\u00f1a de rizos particip\u00f3 en Peque\u00f1os brillantes, de Gamatv. (I) &nbsp; &nbsp; &nbsp; Fuente: http:\/\/www.eluniverso.com\/guayaquil\/2017\/08\/10\/nota\/6322549\/yilda-banchon-se-destaco-concurso-estados-unidos<\/p>\n","protected":false},"author":1,"featured_media":245061,"comment_status":"open","ping_status":"open","sticky":false,"template":"","format":"standard","meta":[],"categories":[54,32,35,46],"tags":[],"_links":{"self":[{"href":"https:\/\/www.ecuadortimes.net\/es\/wp-json\/wp\/v2\/posts\/245060"}],"collection":[{"href":"https:\/\/www.ecuadortimes.net\/es\/wp-json\/wp\/v2\/posts"}],"about":[{"href":"https:\/\/www.ecuadortimes.net\/es\/wp-json\/wp\/v2\/types\/post"}],"author":[{"embeddable":true,"href":"https:\/\/www.ecuadortimes.net\/es\/wp-json\/wp\/v2\/users\/1"}],"replies":[{"embeddable":true,"href":"https:\/\/www.ecuadortimes.net\/es\/wp-json\/wp\/v2\/comments?post=245060"}],"version-history":[{"count":0,"href":"https:\/\/www.ecuadortimes.net\/es\/wp-json\/wp\/v2\/posts\/245060\/revisions"}],"wp:featuredmedia":[{"embeddable":true,"href":"https:\/\/www.ecuadortimes.net\/es\/wp-json\/wp\/v2\/media\/245061"}],"wp:attachment":[{"href":"https:\/\/www.ecuadortimes.net\/es\/wp-json\/wp\/v2\/media?parent=245060"}],"wp:term":[{"taxonomy":"category","embeddable":true,"href":"https:\/\/www.ecuadortimes.net\/es\/wp-json\/wp\/v2\/categories?post=245060"},{"taxonomy":"post_tag","embeddable":true,"href":"https:\/\/www.ecuadortimes.net\/es\/wp-json\/wp\/v2\/tags?post=245060"}],"curies":[{"name":"wp","href":"https:\/\/api.w.org\/{rel}","templated":true}]}}