{"id":245062,"date":"2017-08-10T00:00:00","date_gmt":"2017-08-10T00:00:00","guid":{"rendered":"https:\/\/www.ecuadortimes.net\/es\/encuentran-armas-en-allanamiento-por-caso-de-la-excoordinadora-del-iess\/"},"modified":"2017-08-10T00:00:00","modified_gmt":"2017-08-10T00:00:00","slug":"encuentran-armas-en-allanamiento-por-caso-de-la-excoordinadora-del-iess","status":"publish","type":"post","link":"https:\/\/www.ecuadortimes.net\/es\/encuentran-armas-en-allanamiento-por-caso-de-la-excoordinadora-del-iess\/","title":{"rendered":"Encuentran armas en allanamiento por caso de la excoordinadora del IESS"},"content":{"rendered":"<p>&nbsp;<\/p>\n<p><img loading=\"lazy\" class=\"size-full wp-image-188738 aligncenter\" src=\"https:\/\/www.ecuadortimes.net\/es\/wp-content\/uploads\/2017\/08\/ECUADORTIMES_ECUADORNEWS_ARMAS_ALLANAMIENTO_EXCORDINADORA_IESS.jpg\" alt=\"\" width=\"762\" height=\"428\" \/><\/p>\n<p>&nbsp;<\/p>\n<p>La\u00a0<b>Fiscal\u00eda General del Estado<\/b>\u00a0realiz\u00f3 un allanamiento por el caso de enriquecimiento il\u00edcito que actualmente enfrenta\u00a0<b>Mar\u00eda Sol Larrea<\/b>, excoordinadora del\u00a0<b>IEES<\/b>. El operativo dej\u00f3 como resultado varia armas y documentos incautados.<\/p>\n<p>Hoy, 10 de agosto de 2017, la Fiscal\u00eda public\u00f3 los objetos incautados v\u00eda\u00a0<b>Twitter<\/b>\u00a0junto a la descripci\u00f3n: Unidad de Transparencia y Lucha contra la corrupci\u00f3n -FGE en allanamiento en caso\u00a0<b>enriquecimiento Il\u00edcito<\/b>\u00a0de ex funcionaria IESS\u009d.<\/p>\n<p>Larrea se encuentra detenida desde el 5 de agosto, al igual que su esposo, Marcelo Esp\u00edn. En el caso de Esp\u00edn, la acusaci\u00f3n es de supuesto enriquecimiento privado no justificado.<\/p>\n<p>Si la Fiscal\u00eda logra comprobar la culpabilidad de Larrea, la exfuncionaria podr\u00eda recibir una sentencia de 7 a 10 a\u00f1os de prisi\u00f3n.<\/p>\n<p>&nbsp;<\/p>\n<p><a href=\"https:\/\/twitter.com\/FiscaliaEcuador\/status\/895591368265003008\" target=\"_blank\" rel=\"noopener noreferrer\"><img loading=\"lazy\" class=\"size-full wp-image-188742 aligncenter\" src=\"https:\/\/www.ecuadortimes.net\/es\/wp-content\/uploads\/2017\/08\/ECUADORTIMES_ECUADORNEWS_ARMAS_ALLANAMIENTO_EXCORDINADORA_IESS_1.png\" alt=\"\" width=\"501\" height=\"450\" \/><\/a><\/p>\n<p>&nbsp;<\/p>\n<p>Seg\u00fan confirm\u00f3 la Fiscal\u00eda esta ma\u00f1ana, en el inmueble allanado \u0094perteneciente a dos familiares de Esp\u00edn\u0094 se hallaron evidencias como facturas, dinero, armas y joyas. Seg\u00fan informes de la fiscal\u00eda ambos enviaron dinero al exterior a trav\u00e9s de una tercera persona: Marcela U., misma que pese a no tener relaci\u00f3n de dependencia comercial ni laboral, registr\u00f3 ingresos de aproximadamente USD 88 mil entre los a\u00f1os 2014 y 2016\u009d. (I)<\/p>\n<p>&nbsp;<\/p>\n<p><a href=\"https:\/\/twitter.com\/FiscaliaEcuador\/status\/895591737149841408\" target=\"_blank\" rel=\"noopener noreferrer\"><img loading=\"lazy\" class=\"size-full wp-image-188743 aligncenter\" src=\"https:\/\/www.ecuadortimes.net\/es\/wp-content\/uploads\/2017\/08\/ECUADORTIMES_ECUADORNEWS_ARMAS_ALLANAMIENTO_EXCORDINADORA_IESS_2.png\" alt=\"\" width=\"501\" height=\"450\" \/><\/a><\/p>\n<p>&nbsp;<\/p>\n<p>&nbsp;<\/p>\n<p><strong>Fuente: <\/strong><a href=\"http:\/\/www.expreso.ec\/actualidad\/fiscalia-allanamiento-armas-mariasollarrea-delito-HB1614328\" target=\"_blank\" rel=\"noopener noreferrer\">http:\/\/www.expreso.ec\/actualidad\/fiscalia-allanamiento-armas-mariasollarrea-delito-HB1614328<\/a><\/p>\n","protected":false},"excerpt":{"rendered":"<p>&nbsp; &nbsp; La\u00a0Fiscal\u00eda General del Estado\u00a0realiz\u00f3 un allanamiento por el caso de enriquecimiento il\u00edcito que actualmente enfrenta\u00a0Mar\u00eda Sol Larrea, excoordinadora del\u00a0IEES. El operativo dej\u00f3 como resultado varia armas y documentos incautados. Hoy, 10 de agosto de 2017, la Fiscal\u00eda public\u00f3 los objetos incautados v\u00eda\u00a0Twitter\u00a0junto a la descripci\u00f3n: Unidad de Transparencia y Lucha contra la corrupci\u00f3n -FGE en allanamiento en caso\u00a0enriquecimiento Il\u00edcito\u00a0de ex funcionaria IESS\u009d. Larrea se encuentra detenida desde el 5 de agosto, al igual que su esposo, Marcelo Esp\u00edn. En el caso de Esp\u00edn, la acusaci\u00f3n es de supuesto enriquecimiento privado no justificado. Si la Fiscal\u00eda logra comprobar la culpabilidad de Larrea, la exfuncionaria podr\u00eda recibir una sentencia de 7 a 10 a\u00f1os de prisi\u00f3n. &nbsp; &nbsp; Seg\u00fan confirm\u00f3 la Fiscal\u00eda esta ma\u00f1ana, en el inmueble allanado \u0094perteneciente a dos familiares de Esp\u00edn\u0094 se hallaron evidencias como facturas, dinero, armas y joyas. Seg\u00fan informes de la fiscal\u00eda ambos enviaron dinero al exterior a trav\u00e9s de una tercera persona: Marcela U., misma que pese a no tener relaci\u00f3n de dependencia comercial ni laboral, registr\u00f3 ingresos de aproximadamente USD 88 mil entre los a\u00f1os 2014 y 2016\u009d. (I) &nbsp; &nbsp; &nbsp; Fuente: http:\/\/www.expreso.ec\/actualidad\/fiscalia-allanamiento-armas-mariasollarrea-delito-HB1614328<\/p>\n","protected":false},"author":1,"featured_media":245063,"comment_status":"open","ping_status":"open","sticky":false,"template":"","format":"standard","meta":[],"categories":[54,32,40,35,46],"tags":[],"_links":{"self":[{"href":"https:\/\/www.ecuadortimes.net\/es\/wp-json\/wp\/v2\/posts\/245062"}],"collection":[{"href":"https:\/\/www.ecuadortimes.net\/es\/wp-json\/wp\/v2\/posts"}],"about":[{"href":"https:\/\/www.ecuadortimes.net\/es\/wp-json\/wp\/v2\/types\/post"}],"author":[{"embeddable":true,"href":"https:\/\/www.ecuadortimes.net\/es\/wp-json\/wp\/v2\/users\/1"}],"replies":[{"embeddable":true,"href":"https:\/\/www.ecuadortimes.net\/es\/wp-json\/wp\/v2\/comments?post=245062"}],"version-history":[{"count":0,"href":"https:\/\/www.ecuadortimes.net\/es\/wp-json\/wp\/v2\/posts\/245062\/revisions"}],"wp:featuredmedia":[{"embeddable":true,"href":"https:\/\/www.ecuadortimes.net\/es\/wp-json\/wp\/v2\/media\/245063"}],"wp:attachment":[{"href":"https:\/\/www.ecuadortimes.net\/es\/wp-json\/wp\/v2\/media?parent=245062"}],"wp:term":[{"taxonomy":"category","embeddable":true,"href":"https:\/\/www.ecuadortimes.net\/es\/wp-json\/wp\/v2\/categories?post=245062"},{"taxonomy":"post_tag","embeddable":true,"href":"https:\/\/www.ecuadortimes.net\/es\/wp-json\/wp\/v2\/tags?post=245062"}],"curies":[{"name":"wp","href":"https:\/\/api.w.org\/{rel}","templated":true}]}}