{"id":245818,"date":"2017-09-26T00:00:00","date_gmt":"2017-09-26T00:00:00","guid":{"rendered":"https:\/\/www.ecuadortimes.net\/es\/chifles-y-patacones-ecuatorianos-ganan-presencia-en-perchas-de-snacks-en-japon\/"},"modified":"2017-09-26T00:00:00","modified_gmt":"2017-09-26T00:00:00","slug":"chifles-y-patacones-ecuatorianos-ganan-presencia-en-perchas-de-snacks-en-japon","status":"publish","type":"post","link":"https:\/\/www.ecuadortimes.net\/es\/chifles-y-patacones-ecuatorianos-ganan-presencia-en-perchas-de-snacks-en-japon\/","title":{"rendered":"Chifles y patacones ecuatorianos ganan presencia en perchas de snacks en Jap\u00f3n"},"content":{"rendered":"<p><img loading=\"lazy\" class=\"size-full wp-image-190060 aligncenter\" src=\"https:\/\/www.ecuadortimes.net\/es\/wp-content\/uploads\/2017\/09\/ECUADORTIMES_ECUADORNEWS_CHIFLES_Y_PATACONES_PRESENCIA_EN_JAPON.jpg\" alt=\"\" width=\"700\" height=\"410\" \/><\/p>\n<p>&nbsp;<\/p>\n<p>Los\u00a0<strong>chifles de pl\u00e1tano verde<\/strong>\u00a0y\u00a0<strong>maduro<\/strong>, as\u00ed como los\u00a0<strong>patacones<\/strong>\u00a0ya forman parte de la variedad de &#8220;snacks&#8221; que se ofertan en los\u00a0<strong>supermercados de Jap\u00f3n<\/strong>. El anuncio lo hizo esta ma\u00f1ana\u00a0<a href=\"http:\/\/www.eluniverso.com\/tema\/proecuador\">Pro Ecuador<\/a>\u00a0Japan, con su sede en<strong>\u00a0Tokio<\/strong>.<\/p>\n<p>Seg\u00fan detalla\u00a0<strong>Pro Ecuador<\/strong>, el pl\u00e1tano ecuatoriano se abre camino en el pa\u00eds asi\u00e1tico con variedades como snacks \u00a0de tipo salados, dulces, ajo, lim\u00f3n y picante.<\/p>\n<p>&nbsp;<\/p>\n<p><a href=\"https:\/\/www.facebook.com\/permalink.php?story_fbid=2008115026137064&amp;id=1640693756212528\" target=\"_blank\" rel=\"noopener noreferrer\"><img loading=\"lazy\" class=\"size-full wp-image-190079 aligncenter\" src=\"https:\/\/www.ecuadortimes.net\/es\/wp-content\/uploads\/2017\/09\/ECUADORTIMES_ECUADORNEWS_CHIFLES_Y_PATACONES_PRESENCIA_EN_JAPON_1.png\" alt=\"\" width=\"552\" height=\"706\" \/><\/a><\/p>\n<p>&nbsp;<\/p>\n<p>Este producto ecuatoriano es el primero en su tipo en conquistar el mercado japon\u00e9s, considerado como uno de los objetivos de los exportadores. Existen otros productos de\u00a0<strong>Ecuador<\/strong>\u00a0que tambi\u00e9n han ganado gran terreno en las perchas japonesas.<\/p>\n<p>Por ejemplo,\u00a0<strong>Nova<\/strong>\u00a0(br\u00f3coli) es una de las empresas que ya se encuentra en el mercado. Esta compa\u00f1\u00eda junto a otras como\u00a0<strong>Pacari\u00a0<\/strong>(chocolate gourmet),<strong>\u00a0Piedra Negra\u00a0<\/strong>(caf\u00e9),\u00a0<strong>Terrafertil\u00a0<\/strong>(frutas deshidratadas),\u00a0<strong>Tropical Fruit Export\u00a0<\/strong>(banano), y\u00a0<strong>Fruttimania\u00a0<\/strong>(frutas deshidratadas) estuvieron en la rueda de negocios en Jap\u00f3n en los \u00faltimos a\u00f1os.<\/p>\n<p>&nbsp;<\/p>\n<p><img loading=\"lazy\" class=\"size-full wp-image-190080 aligncenter\" src=\"https:\/\/www.ecuadortimes.net\/es\/wp-content\/uploads\/2017\/09\/ECUADORTIMES_ECUADORNEWS_CHIFLES_Y_PATACONES_PRESENCIA_EN_JAPON_2.jpg\" alt=\"\" width=\"1478\" height=\"1108\" \/><\/p>\n<p>&nbsp;<\/p>\n<p>&nbsp;<\/p>\n<p>Seg\u00fan\u00a0<strong>Pro Ecuador<\/strong>, el mercado de alimentos y bebidas de Jap\u00f3n es de 225 mil millones de d\u00f3lares, y este importa el 60% de su consumo de alimentos que totaliza 44 mil millones de d\u00f3lares. (I)<\/p>\n<p>&nbsp;<\/p>\n<p>&nbsp;<\/p>\n<p><strong>Fuente: <\/strong><a href=\"http:\/\/www.eluniverso.com\/noticias\/2017\/09\/25\/nota\/6401245\/chifles-patacones-ecuatorianos-ganan-presencia-perchas-snacks-japon\" target=\"_blank\" rel=\"noopener noreferrer\" data-saferedirecturl=\"https:\/\/www.google.com\/url?hl=es&amp;q=http:\/\/www.eluniverso.com\/noticias\/2017\/09\/25\/nota\/6401245\/chifles-patacones-ecuatorianos-ganan-presencia-perchas-snacks-japon&amp;source=gmail&amp;ust=1506518746436000&amp;usg=AFQjCNFdApGp2L4ACX_A58tkYl8QLGr2UQ\">http:\/\/www.eluniverso.com\/<wbr \/>noticias\/2017\/09\/25\/nota\/<wbr \/>6401245\/chifles-patacones-<wbr \/>ecuatorianos-ganan-presencia-<wbr \/>perchas-snacks-japon<\/a><\/p>\n","protected":false},"excerpt":{"rendered":"<p>&nbsp; Los\u00a0chifles de pl\u00e1tano verde\u00a0y\u00a0maduro, as\u00ed como los\u00a0patacones\u00a0ya forman parte de la variedad de &#8220;snacks&#8221; que se ofertan en los\u00a0supermercados de Jap\u00f3n. El anuncio lo hizo esta ma\u00f1ana\u00a0Pro Ecuador\u00a0Japan, con su sede en\u00a0Tokio. Seg\u00fan detalla\u00a0Pro Ecuador, el pl\u00e1tano ecuatoriano se abre camino en el pa\u00eds asi\u00e1tico con variedades como snacks \u00a0de tipo salados, dulces, ajo, lim\u00f3n y picante. &nbsp; &nbsp; Este producto ecuatoriano es el primero en su tipo en conquistar el mercado japon\u00e9s, considerado como uno de los objetivos de los exportadores. Existen otros productos de\u00a0Ecuador\u00a0que tambi\u00e9n han ganado gran terreno en las perchas japonesas. Por ejemplo,\u00a0Nova\u00a0(br\u00f3coli) es una de las empresas que ya se encuentra en el mercado. Esta compa\u00f1\u00eda junto a otras como\u00a0Pacari\u00a0(chocolate gourmet),\u00a0Piedra Negra\u00a0(caf\u00e9),\u00a0Terrafertil\u00a0(frutas deshidratadas),\u00a0Tropical Fruit Export\u00a0(banano), y\u00a0Fruttimania\u00a0(frutas deshidratadas) estuvieron en la rueda de negocios en Jap\u00f3n en los \u00faltimos a\u00f1os. &nbsp; &nbsp; &nbsp; Seg\u00fan\u00a0Pro Ecuador, el mercado de alimentos y bebidas de Jap\u00f3n es de 225 mil millones de d\u00f3lares, y este importa el 60% de su consumo de alimentos que totaliza 44 mil millones de d\u00f3lares. (I) &nbsp; &nbsp; Fuente: http:\/\/www.eluniverso.com\/noticias\/2017\/09\/25\/nota\/6401245\/chifles-patacones-ecuatorianos-ganan-presencia-perchas-snacks-japon<\/p>\n","protected":false},"author":1,"featured_media":245819,"comment_status":"open","ping_status":"open","sticky":false,"template":"","format":"standard","meta":[],"categories":[54,32,36,43,35],"tags":[],"_links":{"self":[{"href":"https:\/\/www.ecuadortimes.net\/es\/wp-json\/wp\/v2\/posts\/245818"}],"collection":[{"href":"https:\/\/www.ecuadortimes.net\/es\/wp-json\/wp\/v2\/posts"}],"about":[{"href":"https:\/\/www.ecuadortimes.net\/es\/wp-json\/wp\/v2\/types\/post"}],"author":[{"embeddable":true,"href":"https:\/\/www.ecuadortimes.net\/es\/wp-json\/wp\/v2\/users\/1"}],"replies":[{"embeddable":true,"href":"https:\/\/www.ecuadortimes.net\/es\/wp-json\/wp\/v2\/comments?post=245818"}],"version-history":[{"count":0,"href":"https:\/\/www.ecuadortimes.net\/es\/wp-json\/wp\/v2\/posts\/245818\/revisions"}],"wp:featuredmedia":[{"embeddable":true,"href":"https:\/\/www.ecuadortimes.net\/es\/wp-json\/wp\/v2\/media\/245819"}],"wp:attachment":[{"href":"https:\/\/www.ecuadortimes.net\/es\/wp-json\/wp\/v2\/media?parent=245818"}],"wp:term":[{"taxonomy":"category","embeddable":true,"href":"https:\/\/www.ecuadortimes.net\/es\/wp-json\/wp\/v2\/categories?post=245818"},{"taxonomy":"post_tag","embeddable":true,"href":"https:\/\/www.ecuadortimes.net\/es\/wp-json\/wp\/v2\/tags?post=245818"}],"curies":[{"name":"wp","href":"https:\/\/api.w.org\/{rel}","templated":true}]}}