{"id":245824,"date":"2017-09-26T00:00:00","date_gmt":"2017-09-26T00:00:00","guid":{"rendered":"https:\/\/www.ecuadortimes.net\/es\/la-consulta-popular-moviliza-a-gremios-y-autoridades-en-el-pais\/"},"modified":"2017-09-26T00:00:00","modified_gmt":"2017-09-26T00:00:00","slug":"la-consulta-popular-moviliza-a-gremios-y-autoridades-en-el-pais","status":"publish","type":"post","link":"https:\/\/www.ecuadortimes.net\/es\/la-consulta-popular-moviliza-a-gremios-y-autoridades-en-el-pais\/","title":{"rendered":"La consulta popular moviliza a gremios y autoridades en el pa\u00eds"},"content":{"rendered":"<p><img loading=\"lazy\" class=\"size-full wp-image-190061 aligncenter\" src=\"https:\/\/www.ecuadortimes.net\/es\/wp-content\/uploads\/2017\/09\/ECUADORTIMES_ECUADORNEWS_CONSULTA_MOVILIZA_GREMIOS_Y_AUTORIDADES.jpeg\" alt=\"\" width=\"612\" height=\"340\" \/><\/p>\n<p>&nbsp;<\/p>\n<p>A horas de que finalice el plazo del Gobierno para recibir las propuestas de la <strong>consulta popular<\/strong>, el martes 26 de septiembre del 2017 a medianoche, el Presidente dio una nueva pista sobre el contenido que se podr\u00eda incluir en la papeleta. Len\u00edn Moreno defendi\u00f3 la alternancia, en su espacio de rendici\u00f3n de cuentas <strong>El Gobierno Informa<\/strong>, de anoche. Es imprescindible -coment\u00f3- emprender en la formaci\u00f3n de <strong>nuevos l\u00edderes de manera democr\u00e1tica y colectiva<\/strong>.<\/p>\n<p>Moreno aprovech\u00f3 para referirse al expresidente Rafael Correa, con quien mantiene una pugna p\u00fablica y cada vez m\u00e1s \u00e1cida. Me parece extra\u00f1o que un expresidente haya manifestado en alg\u00fan momento que el pa\u00eds requer\u00eda de alternabilidad (&#8230;) y en la pr\u00e1ctica ha hecho todo lo contrario\u009d. Mientras tanto, las propuestas siguieron llegando a Carondelet el lunes. Hasta las 16:00 fueron 185. Centenares de trabajadores de la construcci\u00f3n llegaron hasta la Plaza Grande en la tarde, vistiendo sus cascos, para pedir que se incluyera una pregunta que elimine la Ley de Plusval\u00eda. Desde la C\u00e1mara de la Industria de la Construcci\u00f3n anunciaron que este es solo el inicio de su movilizaci\u00f3n contra la normativa.<\/p>\n<p>El mismo presidente Moreno reconoci\u00f3 que ha sido el sector econ\u00f3mico m\u00e1s golpeado y que es vital para la econom\u00eda del pa\u00eds, por lo que anunci\u00f3 una revisi\u00f3n. Sin embargo, ellos exigen que se consulte a la ciudadan\u00eda. De lo contrario buscar\u00e1n la manera de generar una reforma integral. Mientras los obreros, arquitectos, proveedores y dem\u00e1s sectores involucrados en la construcci\u00f3n se manifestaban fuera de Carondelet, el Mandatario mantuvo una reuni\u00f3n con los dirigentes del <strong>Consorcio de Gobiernos Provinciales (Congope) y del Consejo Nacional de Gobiernos Parroquiales Rurales (Conagopare).<\/strong><\/p>\n<p>El tema fue el mismo: sus planteamientos para la consulta popular del Ejecutivo. Las prefecturas, lideradas por Gustavo Baroja y Edwin Mi\u00f1o, llegaron con cinco propuestas sobre desarrollo local. Sus preguntas apuntan a que se elabore un solo plan de desarrollo territorial para todos los niveles de gobierno; que la administraci\u00f3n de las principales v\u00edas estatales pase a los gobiernos provinciales; que los GAD no paguen el IVA para despu\u00e9s tener que esperar su devoluci\u00f3n; y sobre los derechos de la naturaleza para prevenir el cambio clim\u00e1tico.<\/p>\n<p>Hay otros temas que el Congope analiza el martes, pues no alcanzaron a incluirlos en la primera propuesta. Por ejemplo, la lucha contra la corrupci\u00f3n, la reelecci\u00f3n indefinida, la modificaci\u00f3n de Consejo Participaci\u00f3n Ciudadana y el matrimonio igualitario. Bol\u00edvar Armijos, titular del Consejo Nacional de Gobiernos Parroquiales Rurales del Ecuador (Conagopare), lidera la propuesta para que los prefectos sean elegidos solo por los habitantes de las zonas rurales de cada provincia.<\/p>\n<p>Es el segundo intento para incluir esta enmienda en una propuesta del Ejecutivo. En el per\u00edodo anterior la organizaci\u00f3n no tuvo \u00e9xito. Armijos ha dicho previamente que conf\u00eda en que con Moreno este cambio se concrete. El 26 de spetiembre termina la sistematizaci\u00f3n de las propuestas, indic\u00f3 Miguel Carvajal, secretario de la Pol\u00edtica. Inform\u00f3 que el n\u00famero de preguntas a\u00fan no est\u00e1 definido. Pero que se trata evidentemente de avanzar en derechos y mejorar el sistema pol\u00edtico\u009d. Augusto Barrera, secretario de Educaci\u00f3n Superior, tambi\u00e9n est\u00e1 colaborando con el presidente Moreno en el procesamiento de las propuestas ciudadanas.<\/p>\n<p>Al igual que Carvajal, destac\u00f3 la acogida que ha tenido la propuesta del Mandatario y la participaci\u00f3n de los ciudadanos, la sociedad civil y las tiendas pol\u00edticas. Est\u00e1 pendiente que el movimiento ind\u00edgena entregue sus propuestas. La Conaie anunci\u00f3 que lo har\u00e1 la ma\u00f1ana del martes\u00a0 Adelantaron que tambi\u00e9n tratar\u00e1n sobre temas de corrupci\u00f3n y extractivismo.<\/p>\n<p>Sin embargo, hay a\u00fan algunos legisladores que impulsan una Constituyente. Uno de ellos es el asamble\u00edsta del oficialismo Carlos Viteri, porque para \u00e9l, los temas que hasta el momento se debaten en la esfera p\u00fablica alteran la estructura del Estado. Pero Carvajal y Barrera ratificaron que de momento se debate la idea de una consulta popular y que una Constituyente puede ser planteada, pero que no est\u00e1 en los planes del Gobierno. (I)<small><\/small><\/p>\n<p>&nbsp;<\/p>\n<p>&nbsp;<\/p>\n<p><strong>Fuente: <\/strong><a href=\"http:\/\/www.elcomercio.com\/actualidad\/consulta-moviliza-gremios-autoridades-leninmoreno.html\" target=\"_blank\" rel=\"noopener noreferrer\" data-saferedirecturl=\"https:\/\/www.google.com\/url?hl=es&amp;q=http:\/\/www.elcomercio.com\/actualidad\/consulta-moviliza-gremios-autoridades-leninmoreno.html&amp;source=gmail&amp;ust=1506518746436000&amp;usg=AFQjCNE6tKUVdfiE8bBfVl2HsuZzluWtJg\">http:\/\/www.elcomercio.com\/<wbr \/>actualidad\/consulta-moviliza-<wbr \/>gremios-autoridades-<wbr \/>leninmoreno.html<\/a><\/p>\n","protected":false},"excerpt":{"rendered":"<p>&nbsp; A horas de que finalice el plazo del Gobierno para recibir las propuestas de la consulta popular, el martes 26 de septiembre del 2017 a medianoche, el Presidente dio una nueva pista sobre el contenido que se podr\u00eda incluir en la papeleta. Len\u00edn Moreno defendi\u00f3 la alternancia, en su espacio de rendici\u00f3n de cuentas El Gobierno Informa, de anoche. Es imprescindible -coment\u00f3- emprender en la formaci\u00f3n de nuevos l\u00edderes de manera democr\u00e1tica y colectiva. Moreno aprovech\u00f3 para referirse al expresidente Rafael Correa, con quien mantiene una pugna p\u00fablica y cada vez m\u00e1s \u00e1cida. Me parece extra\u00f1o que un expresidente haya manifestado en alg\u00fan momento que el pa\u00eds requer\u00eda de alternabilidad (&#8230;) y en la pr\u00e1ctica ha hecho todo lo contrario\u009d. Mientras tanto, las propuestas siguieron llegando a Carondelet el lunes. Hasta las 16:00 fueron 185. Centenares de trabajadores de la construcci\u00f3n llegaron hasta la Plaza Grande en la tarde, vistiendo sus cascos, para pedir que se incluyera una pregunta que elimine la Ley de Plusval\u00eda. Desde la C\u00e1mara de la Industria de la Construcci\u00f3n anunciaron que este es solo el inicio de su movilizaci\u00f3n contra la normativa. El mismo presidente Moreno reconoci\u00f3 que ha sido el sector econ\u00f3mico m\u00e1s golpeado y que es vital para la econom\u00eda del pa\u00eds, por lo que anunci\u00f3 una revisi\u00f3n. Sin embargo, ellos exigen que se consulte a la ciudadan\u00eda. De lo contrario buscar\u00e1n la manera de generar una reforma integral. Mientras los obreros, arquitectos, proveedores y dem\u00e1s sectores involucrados en la construcci\u00f3n se manifestaban fuera de Carondelet, el Mandatario mantuvo una reuni\u00f3n con los dirigentes del Consorcio de Gobiernos Provinciales (Congope) y del Consejo Nacional de Gobiernos Parroquiales Rurales (Conagopare). El tema fue el mismo: sus planteamientos para la consulta popular del Ejecutivo. Las prefecturas, lideradas por Gustavo Baroja y Edwin Mi\u00f1o, llegaron con cinco propuestas sobre desarrollo local. Sus preguntas apuntan a que se elabore un solo plan de desarrollo territorial para todos los niveles de gobierno; que la administraci\u00f3n de las principales v\u00edas estatales pase a los gobiernos provinciales; que los GAD no paguen el IVA para despu\u00e9s tener que esperar su devoluci\u00f3n; y sobre los derechos de la naturaleza para prevenir el cambio clim\u00e1tico. Hay otros temas que el Congope analiza el martes, pues no alcanzaron a incluirlos en la primera propuesta. Por ejemplo, la lucha contra la corrupci\u00f3n, la reelecci\u00f3n indefinida, la modificaci\u00f3n de Consejo Participaci\u00f3n Ciudadana y el matrimonio igualitario. Bol\u00edvar Armijos, titular del Consejo Nacional de Gobiernos Parroquiales Rurales del Ecuador (Conagopare), lidera la propuesta para que los prefectos sean elegidos solo por los habitantes de las zonas rurales de cada provincia. Es el segundo intento para incluir esta enmienda en una propuesta del Ejecutivo. En el per\u00edodo anterior la organizaci\u00f3n no tuvo \u00e9xito. Armijos ha dicho previamente que conf\u00eda en que con Moreno este cambio se concrete. El 26 de spetiembre termina la sistematizaci\u00f3n de las propuestas, indic\u00f3 Miguel Carvajal, secretario de la Pol\u00edtica. Inform\u00f3 que el n\u00famero de preguntas a\u00fan no est\u00e1 definido. Pero que se trata evidentemente de avanzar en derechos y mejorar el sistema pol\u00edtico\u009d. Augusto Barrera, secretario de Educaci\u00f3n Superior, tambi\u00e9n est\u00e1 colaborando con el presidente Moreno en el procesamiento de las propuestas ciudadanas. Al igual que Carvajal, destac\u00f3 la acogida que ha tenido la propuesta del Mandatario y la participaci\u00f3n de los ciudadanos, la sociedad civil y las tiendas pol\u00edticas. Est\u00e1 pendiente que el movimiento ind\u00edgena entregue sus propuestas. La Conaie anunci\u00f3 que lo har\u00e1 la ma\u00f1ana del martes\u00a0 Adelantaron que tambi\u00e9n tratar\u00e1n sobre temas de corrupci\u00f3n y extractivismo. Sin embargo, hay a\u00fan algunos legisladores que impulsan una Constituyente. Uno de ellos es el asamble\u00edsta del oficialismo Carlos Viteri, porque para \u00e9l, los temas que hasta el momento se debaten en la esfera p\u00fablica alteran la estructura del Estado. Pero Carvajal y Barrera ratificaron que de momento se debate la idea de una consulta popular y que una Constituyente puede ser planteada, pero que no est\u00e1 en los planes del Gobierno. (I) &nbsp; &nbsp; Fuente: http:\/\/www.elcomercio.com\/actualidad\/consulta-moviliza-gremios-autoridades-leninmoreno.html<\/p>\n","protected":false},"author":1,"featured_media":245825,"comment_status":"open","ping_status":"open","sticky":false,"template":"","format":"standard","meta":[],"categories":[54,32,40,35],"tags":[],"_links":{"self":[{"href":"https:\/\/www.ecuadortimes.net\/es\/wp-json\/wp\/v2\/posts\/245824"}],"collection":[{"href":"https:\/\/www.ecuadortimes.net\/es\/wp-json\/wp\/v2\/posts"}],"about":[{"href":"https:\/\/www.ecuadortimes.net\/es\/wp-json\/wp\/v2\/types\/post"}],"author":[{"embeddable":true,"href":"https:\/\/www.ecuadortimes.net\/es\/wp-json\/wp\/v2\/users\/1"}],"replies":[{"embeddable":true,"href":"https:\/\/www.ecuadortimes.net\/es\/wp-json\/wp\/v2\/comments?post=245824"}],"version-history":[{"count":0,"href":"https:\/\/www.ecuadortimes.net\/es\/wp-json\/wp\/v2\/posts\/245824\/revisions"}],"wp:featuredmedia":[{"embeddable":true,"href":"https:\/\/www.ecuadortimes.net\/es\/wp-json\/wp\/v2\/media\/245825"}],"wp:attachment":[{"href":"https:\/\/www.ecuadortimes.net\/es\/wp-json\/wp\/v2\/media?parent=245824"}],"wp:term":[{"taxonomy":"category","embeddable":true,"href":"https:\/\/www.ecuadortimes.net\/es\/wp-json\/wp\/v2\/categories?post=245824"},{"taxonomy":"post_tag","embeddable":true,"href":"https:\/\/www.ecuadortimes.net\/es\/wp-json\/wp\/v2\/tags?post=245824"}],"curies":[{"name":"wp","href":"https:\/\/api.w.org\/{rel}","templated":true}]}}