{"id":245826,"date":"2017-09-27T00:00:00","date_gmt":"2017-09-27T00:00:00","guid":{"rendered":"https:\/\/www.ecuadortimes.net\/es\/el-gobierno-recibe-cerca-de-200-propuestas-para-la-consulta-popular\/"},"modified":"2017-09-27T00:00:00","modified_gmt":"2017-09-27T00:00:00","slug":"el-gobierno-recibe-cerca-de-200-propuestas-para-la-consulta-popular","status":"publish","type":"post","link":"https:\/\/www.ecuadortimes.net\/es\/el-gobierno-recibe-cerca-de-200-propuestas-para-la-consulta-popular\/","title":{"rendered":"El Gobierno recibe cerca de 200 propuestas para la consulta popular"},"content":{"rendered":"<p><img loading=\"lazy\" class=\"size-full wp-image-190095 aligncenter\" src=\"https:\/\/www.ecuadortimes.net\/es\/wp-content\/uploads\/2017\/09\/ECUADORTIMES_ECUADORNEWS_GOBIERNO_RECIBE_200_PROPUESTAS_CONSULTA.jpg\" alt=\"\" width=\"762\" height=\"428\" \/><\/p>\n<p>&nbsp;<\/p>\n<p>El Gobierno ha recibido alrededor de\u00a0<b>190 propuestas<\/b>\u00a0de pregunta para la consulta popular que el presidente Len\u00edn Moreno convocar\u00e1 oficialmente el pr\u00f3ximo 2 de octubre. Hemos recibido hasta hoy cerca de 190 propuestas\u009d, anunci\u00f3 el secretario de Gesti\u00f3n de la Pol\u00edtica,\u00a0<b>Miguel Carvajal<\/b>, este martes 26 de septiembre, cuando vence el plazo para presentar las iniciativas.<\/p>\n<p>El mandatario ecuatoriano, enfrentado con su antecesor y exaliado\u00a0<b>Rafael Correa<\/b>en una \u00e1cida disputa que ha puesto al oficialismo al borde de la ruptura, sostiene que la intenci\u00f3n del referendo es tener m\u00e1s<b>\u00a0democracia<\/b>\u009d y profundizar la<b>participaci\u00f3n ciudadana<\/b>\u009d, entre otras cosas.<\/p>\n<p>Pero Correa, que acusa a Moreno de aliarse con la oposici\u00f3n y de traicionar los principios de la<b>\u00a0Revoluci\u00f3n Ciudadana<\/b>, considera que detr\u00e1s de la consulta popular se oculta la intenci\u00f3n de inhabilitarle pol\u00edticamente mediante la\u00a0<b>supresi\u00f3n de la reelecci\u00f3n indefinida<\/b>\u00a0aprobada por su gobierno a finales de 2015.<\/p>\n<p>Moreno anunciar\u00e1 el contenido de la consulta el pr\u00f3ximo lunes, y m\u00e1s adelante anunciar\u00e1 su fecha de celebraci\u00f3n. Sin entrar mucho en detalle, Carvajal explic\u00f3 que la mayor\u00eda de preguntas recibidas proponen\u00a0<b>modificaciones en el funcionamiento del sistema pol\u00edtico ecuatoriano<\/b>, el fortalecimiento de la lucha contra la corrupci\u00f3n, y cambios en el modelo econ\u00f3mico para mejorar el empleo y conservar los recursos naturales.<\/p>\n<p>En los \u00faltimos d\u00edas, varias formaciones pol\u00edticas y agrupaciones civiles han anunciado p\u00fablicamente sus propuestas. Organizaciones sociales como la Plataforma de defensa de la democracia y los derechos humanos, han propuesto derogar las enmiendas constitucionales de 2015, que incluyen la reelecci\u00f3n indefinida, como ven\u00eda exigiendo\u00a0<b>CREO<\/b>, el principal partido opositor.<\/p>\n<p>La<b>\u00a0Confederaci\u00f3n de Nacionalidades Ind\u00edgenas de Ecuador (Conaie)<\/b>, la principal agrupaci\u00f3n ind\u00edgena del pa\u00eds, duramente enfrentada a Correa, propuso prohibir la extracci\u00f3n minera en ecosistemas fr\u00e1giles y territorios ind\u00edgenas. Adem\u00e1s, plante\u00f3 la destituci\u00f3n del vicepresidente, Jorge Glas, aliado del exmandatario y a quien Moreno retir\u00f3 las funciones.<\/p>\n<p>Glas es investigado por presunta asociaci\u00f3n il\u00edcita en la trama de millonarios sobornos entregados por la<b>\u00a0constructora brasile\u00f1a Odebrecht.<\/b><\/p>\n<p>Durante el gobierno de Correa se realizaron dos referendos, en 2011 y 2017. En el primero se consult\u00f3, entre otros temas, por la eliminaci\u00f3n de casinos, la prohibici\u00f3n de corridas de toros con muerte del animal y la creaci\u00f3n de un organismo para regular a la prensa.<\/p>\n<p>En el \u00faltimo se aprob\u00f3 la inhabilitaci\u00f3n de funcionarios y pol\u00edticos con bienes o capitales en para\u00edsos fiscales. (I)<\/p>\n<p>&nbsp;<\/p>\n<p>&nbsp;<\/p>\n<p><strong>Fuente: <\/strong><a href=\"http:\/\/www.expreso.ec\/actualidad\/ecuador-gobierno-consultapopular-propuestas-leninmoreno-GL1728668\" target=\"_blank\" rel=\"noopener noreferrer\">http:\/\/www.expreso.ec\/actualidad\/ecuador-gobierno-consultapopular-propuestas-leninmoreno-GL1728668<\/a><\/p>\n","protected":false},"excerpt":{"rendered":"<p>&nbsp; El Gobierno ha recibido alrededor de\u00a0190 propuestas\u00a0de pregunta para la consulta popular que el presidente Len\u00edn Moreno convocar\u00e1 oficialmente el pr\u00f3ximo 2 de octubre. Hemos recibido hasta hoy cerca de 190 propuestas\u009d, anunci\u00f3 el secretario de Gesti\u00f3n de la Pol\u00edtica,\u00a0Miguel Carvajal, este martes 26 de septiembre, cuando vence el plazo para presentar las iniciativas. El mandatario ecuatoriano, enfrentado con su antecesor y exaliado\u00a0Rafael Correaen una \u00e1cida disputa que ha puesto al oficialismo al borde de la ruptura, sostiene que la intenci\u00f3n del referendo es tener m\u00e1s\u00a0democracia\u009d y profundizar laparticipaci\u00f3n ciudadana\u009d, entre otras cosas. Pero Correa, que acusa a Moreno de aliarse con la oposici\u00f3n y de traicionar los principios de la\u00a0Revoluci\u00f3n Ciudadana, considera que detr\u00e1s de la consulta popular se oculta la intenci\u00f3n de inhabilitarle pol\u00edticamente mediante la\u00a0supresi\u00f3n de la reelecci\u00f3n indefinida\u00a0aprobada por su gobierno a finales de 2015. Moreno anunciar\u00e1 el contenido de la consulta el pr\u00f3ximo lunes, y m\u00e1s adelante anunciar\u00e1 su fecha de celebraci\u00f3n. Sin entrar mucho en detalle, Carvajal explic\u00f3 que la mayor\u00eda de preguntas recibidas proponen\u00a0modificaciones en el funcionamiento del sistema pol\u00edtico ecuatoriano, el fortalecimiento de la lucha contra la corrupci\u00f3n, y cambios en el modelo econ\u00f3mico para mejorar el empleo y conservar los recursos naturales. En los \u00faltimos d\u00edas, varias formaciones pol\u00edticas y agrupaciones civiles han anunciado p\u00fablicamente sus propuestas. Organizaciones sociales como la Plataforma de defensa de la democracia y los derechos humanos, han propuesto derogar las enmiendas constitucionales de 2015, que incluyen la reelecci\u00f3n indefinida, como ven\u00eda exigiendo\u00a0CREO, el principal partido opositor. La\u00a0Confederaci\u00f3n de Nacionalidades Ind\u00edgenas de Ecuador (Conaie), la principal agrupaci\u00f3n ind\u00edgena del pa\u00eds, duramente enfrentada a Correa, propuso prohibir la extracci\u00f3n minera en ecosistemas fr\u00e1giles y territorios ind\u00edgenas. Adem\u00e1s, plante\u00f3 la destituci\u00f3n del vicepresidente, Jorge Glas, aliado del exmandatario y a quien Moreno retir\u00f3 las funciones. Glas es investigado por presunta asociaci\u00f3n il\u00edcita en la trama de millonarios sobornos entregados por la\u00a0constructora brasile\u00f1a Odebrecht. Durante el gobierno de Correa se realizaron dos referendos, en 2011 y 2017. En el primero se consult\u00f3, entre otros temas, por la eliminaci\u00f3n de casinos, la prohibici\u00f3n de corridas de toros con muerte del animal y la creaci\u00f3n de un organismo para regular a la prensa. En el \u00faltimo se aprob\u00f3 la inhabilitaci\u00f3n de funcionarios y pol\u00edticos con bienes o capitales en para\u00edsos fiscales. (I) &nbsp; &nbsp; Fuente: http:\/\/www.expreso.ec\/actualidad\/ecuador-gobierno-consultapopular-propuestas-leninmoreno-GL1728668<\/p>\n","protected":false},"author":1,"featured_media":245827,"comment_status":"open","ping_status":"open","sticky":false,"template":"","format":"standard","meta":[],"categories":[54,32,40,35],"tags":[],"_links":{"self":[{"href":"https:\/\/www.ecuadortimes.net\/es\/wp-json\/wp\/v2\/posts\/245826"}],"collection":[{"href":"https:\/\/www.ecuadortimes.net\/es\/wp-json\/wp\/v2\/posts"}],"about":[{"href":"https:\/\/www.ecuadortimes.net\/es\/wp-json\/wp\/v2\/types\/post"}],"author":[{"embeddable":true,"href":"https:\/\/www.ecuadortimes.net\/es\/wp-json\/wp\/v2\/users\/1"}],"replies":[{"embeddable":true,"href":"https:\/\/www.ecuadortimes.net\/es\/wp-json\/wp\/v2\/comments?post=245826"}],"version-history":[{"count":0,"href":"https:\/\/www.ecuadortimes.net\/es\/wp-json\/wp\/v2\/posts\/245826\/revisions"}],"wp:featuredmedia":[{"embeddable":true,"href":"https:\/\/www.ecuadortimes.net\/es\/wp-json\/wp\/v2\/media\/245827"}],"wp:attachment":[{"href":"https:\/\/www.ecuadortimes.net\/es\/wp-json\/wp\/v2\/media?parent=245826"}],"wp:term":[{"taxonomy":"category","embeddable":true,"href":"https:\/\/www.ecuadortimes.net\/es\/wp-json\/wp\/v2\/categories?post=245826"},{"taxonomy":"post_tag","embeddable":true,"href":"https:\/\/www.ecuadortimes.net\/es\/wp-json\/wp\/v2\/tags?post=245826"}],"curies":[{"name":"wp","href":"https:\/\/api.w.org\/{rel}","templated":true}]}}