{"id":245828,"date":"2017-09-27T00:00:00","date_gmt":"2017-09-27T00:00:00","guid":{"rendered":"https:\/\/www.ecuadortimes.net\/es\/america-movil-anuncia-inversion-en-ecuador-por-us450-millones\/"},"modified":"2017-09-27T00:00:00","modified_gmt":"2017-09-27T00:00:00","slug":"america-movil-anuncia-inversion-en-ecuador-por-us450-millones","status":"publish","type":"post","link":"https:\/\/www.ecuadortimes.net\/es\/america-movil-anuncia-inversion-en-ecuador-por-us450-millones\/","title":{"rendered":"Am\u00e9rica M\u00f3vil anuncia inversi\u00f3n en Ecuador por US$450 millones"},"content":{"rendered":"<p><img loading=\"lazy\" class=\"size-full wp-image-190090 aligncenter\" src=\"https:\/\/www.ecuadortimes.net\/es\/wp-content\/uploads\/2017\/09\/ECUADORTIMES_ECUADORNEWS_AMERICA_MOVIL_INVERSION_ECUADOR.jpg\" alt=\"\" width=\"620\" height=\"264\" \/><\/p>\n<p>&nbsp;<\/p>\n<p>Quito, 26 sep (EFE).- La empresa mexicana de telefon\u00eda Am\u00e9rica M\u00f3vil anunci\u00f3 hoy en Quito\u00a0<strong>planes de inversi\u00f3n en Ecuador por unos 450 millones de d\u00f3lares en los pr\u00f3ximos tres a\u00f1os<\/strong>, para expandir su cobertura y proveer servicios de \u00faltima generaci\u00f3n.<\/p>\n<p>As\u00ed lo anunci\u00f3 el director ejecutivo de la empresa mexicana,\u00a0<strong>Daniel Hajj Aboumrad<\/strong>, tras una reuni\u00f3n que mantuvo hoy con el presiente ecuatoriano,\u00a0<strong>Len\u00edn Moreno<\/strong>, inform\u00f3 la Secretar\u00eda Nacional de Comunicaci\u00f3n (Secom).<\/p>\n<p><strong>Estamos muy contentos de haber platicado con \u00e9l (Moreno) y muy contentos de invertir en Ecuador<\/strong>, afirm\u00f3 el representante de\u00a0<strong>Am\u00e9rica M\u00f3vil<\/strong>, que opera en el pa\u00eds bajo la marca comercial\u00a0<strong>Claro<\/strong>\u00a0y es el principal operador de telefon\u00eda celular.<\/p>\n<p>La firma mexicana, que tiene al multimillonario mexicano\u00a0<strong>Carlos Slim<\/strong>\u00a0como su mayor accionista y fundador, es una de las tres compa\u00f1\u00edas telef\u00f3nicas en Ecuador, junto a la espa\u00f1ola Telef\u00f3nica (Movistar) y a la estatal ecuatoriana CNT. (I)<\/p>\n<p>&nbsp;<\/p>\n<p>&nbsp;<\/p>\n<p><strong>Fuente: <\/strong><a href=\"http:\/\/www.larepublica.ec\/blog\/portada\/2017\/09\/26\/america-movil-anuncia-inversion-en-ecuador-por-us450-millones\/\" target=\"_blank\" rel=\"noopener noreferrer\">http:\/\/www.larepublica.ec\/blog\/portada\/2017\/09\/26\/america-movil-anuncia-inversion-en-ecuador-por-us450-millones\/<\/a><\/p>\n","protected":false},"excerpt":{"rendered":"<p>&nbsp; Quito, 26 sep (EFE).- La empresa mexicana de telefon\u00eda Am\u00e9rica M\u00f3vil anunci\u00f3 hoy en Quito\u00a0planes de inversi\u00f3n en Ecuador por unos 450 millones de d\u00f3lares en los pr\u00f3ximos tres a\u00f1os, para expandir su cobertura y proveer servicios de \u00faltima generaci\u00f3n. As\u00ed lo anunci\u00f3 el director ejecutivo de la empresa mexicana,\u00a0Daniel Hajj Aboumrad, tras una reuni\u00f3n que mantuvo hoy con el presiente ecuatoriano,\u00a0Len\u00edn Moreno, inform\u00f3 la Secretar\u00eda Nacional de Comunicaci\u00f3n (Secom). Estamos muy contentos de haber platicado con \u00e9l (Moreno) y muy contentos de invertir en Ecuador, afirm\u00f3 el representante de\u00a0Am\u00e9rica M\u00f3vil, que opera en el pa\u00eds bajo la marca comercial\u00a0Claro\u00a0y es el principal operador de telefon\u00eda celular. La firma mexicana, que tiene al multimillonario mexicano\u00a0Carlos Slim\u00a0como su mayor accionista y fundador, es una de las tres compa\u00f1\u00edas telef\u00f3nicas en Ecuador, junto a la espa\u00f1ola Telef\u00f3nica (Movistar) y a la estatal ecuatoriana CNT. (I) &nbsp; &nbsp; Fuente: http:\/\/www.larepublica.ec\/blog\/portada\/2017\/09\/26\/america-movil-anuncia-inversion-en-ecuador-por-us450-millones\/<\/p>\n","protected":false},"author":1,"featured_media":245829,"comment_status":"open","ping_status":"open","sticky":false,"template":"","format":"standard","meta":[],"categories":[54,32,43,40,35],"tags":[],"_links":{"self":[{"href":"https:\/\/www.ecuadortimes.net\/es\/wp-json\/wp\/v2\/posts\/245828"}],"collection":[{"href":"https:\/\/www.ecuadortimes.net\/es\/wp-json\/wp\/v2\/posts"}],"about":[{"href":"https:\/\/www.ecuadortimes.net\/es\/wp-json\/wp\/v2\/types\/post"}],"author":[{"embeddable":true,"href":"https:\/\/www.ecuadortimes.net\/es\/wp-json\/wp\/v2\/users\/1"}],"replies":[{"embeddable":true,"href":"https:\/\/www.ecuadortimes.net\/es\/wp-json\/wp\/v2\/comments?post=245828"}],"version-history":[{"count":0,"href":"https:\/\/www.ecuadortimes.net\/es\/wp-json\/wp\/v2\/posts\/245828\/revisions"}],"wp:featuredmedia":[{"embeddable":true,"href":"https:\/\/www.ecuadortimes.net\/es\/wp-json\/wp\/v2\/media\/245829"}],"wp:attachment":[{"href":"https:\/\/www.ecuadortimes.net\/es\/wp-json\/wp\/v2\/media?parent=245828"}],"wp:term":[{"taxonomy":"category","embeddable":true,"href":"https:\/\/www.ecuadortimes.net\/es\/wp-json\/wp\/v2\/categories?post=245828"},{"taxonomy":"post_tag","embeddable":true,"href":"https:\/\/www.ecuadortimes.net\/es\/wp-json\/wp\/v2\/tags?post=245828"}],"curies":[{"name":"wp","href":"https:\/\/api.w.org\/{rel}","templated":true}]}}