{"id":245832,"date":"2017-09-27T00:00:00","date_gmt":"2017-09-27T00:00:00","guid":{"rendered":"https:\/\/www.ecuadortimes.net\/es\/el-vicepresidente-cruzo-correos-de-glory-con-su-tio\/"},"modified":"2017-09-27T00:00:00","modified_gmt":"2017-09-27T00:00:00","slug":"el-vicepresidente-cruzo-correos-de-glory-con-su-tio","status":"publish","type":"post","link":"https:\/\/www.ecuadortimes.net\/es\/el-vicepresidente-cruzo-correos-de-glory-con-su-tio\/","title":{"rendered":"El vicepresidente cruz\u00f3 correos de Glory con su t\u00edo"},"content":{"rendered":"<p><img loading=\"lazy\" class=\"size-full wp-image-190099 aligncenter\" src=\"https:\/\/www.ecuadortimes.net\/es\/wp-content\/uploads\/2017\/09\/ECUADORTIMES_ECUADORNEWS_VICEPRESIDENTE_CRUZO_CORREOS_DE_GLORY_A_SU_TIO.jpg\" alt=\"\" width=\"762\" height=\"428\" \/><\/p>\n<p>&nbsp;<\/p>\n<p>Por comprobaciones no falt\u00f3. El vicepresidente sin funciones, <strong>Jorge Glas<\/strong>, hizo varias revisiones a la ampliaci\u00f3n de la versi\u00f3n que dio ayer en la Fiscal\u00eda General en el caso Odebrecht por presunta asociaci\u00f3n il\u00edcita.<\/p>\n<p>Glas hab\u00eda sido convocado para ampliar su testimonio del pasado 9 de agosto rendido en el expediente que investiga a su t\u00edo Ricardo Rivera y otros. Glas fue vinculado al caso el 29 de agosto junto con <strong>el excontralor Carlos P\u00f3lit<\/strong> y otras nueve personas. En total hay 18 investigados.<\/p>\n<p>La comparecencia de Glas tom\u00f3 un poco m\u00e1s de cuatro horas. Pero su salida solo se dio casi nueve horas despu\u00e9s de concluida la diligencia. Seg\u00fan abogados presentes en la comparecencia, la demora fue por revisiones del texto de la versi\u00f3n. Entre los asistentes a la diligencia estuvo el exasamble\u00edsta y l\u00edder del movimiento Concertaci\u00f3n, C\u00e9sar Mont\u00fafar.<\/p>\n<p>El exlegislador asegur\u00f3 que lo importante de la diligencia es que queda claro que el vicepresidente le remiti\u00f3 informaci\u00f3n sobre <strong>Glory International Industry<\/strong>, al se\u00f1or Rivera\u009d. Glory es una empresa domiciliada en Islas Marshall. Seg\u00fan la informaci\u00f3n que reposa en la Fiscal\u00eda esa empresa habr\u00eda recibido desde el Shanghai Pudong Development Bank (China), alrededor de 5,5 millones de d\u00f3lares en 15 transferencias, entre 2012 y 2013.<\/p>\n<p>El correo intercambiado, seg\u00fan Mont\u00fafar, correspond\u00eda a la verificaci\u00f3n de una informaci\u00f3n que hab\u00eda recabado sobre presuntas vinculaciones de Rivera con esa empresa. Glas justific\u00f3: siendo Ricardo Rivera el acusado por esta denuncia cre\u00ed que lo correcto era transmitir esa informaci\u00f3n a la persona que era acusada directamente lo cual me hab\u00eda generado mucha preocupaci\u00f3n\u009d.<\/p>\n<p>Para esperar a Glas estuvo un medio centenar de militantes de PAIS que portaban carteles, banderas y otros objetos que les permitieron hacer ruido y proclamar su inocencia.<\/p>\n<p>La mayor\u00eda de simpatizantes eran mujeres y personas de tercera edad. Algunos, los m\u00e1s j\u00f3venes, agredieron verbalmente a Mont\u00fafar (acusador particular) durante su ingreso a las 09:00. Cerca de las 14:00, cuando abandonaba la Fiscal\u00eda custodiado por polic\u00edas antimotines, Mont\u00fafar volvi\u00f3 a ser agredido. En esta ocasi\u00f3n con muletas, banderas, piedras y con una botella de vidrio.<\/p>\n<p>De las agresiones no se salvaron ni los polic\u00edas ni los periodistas que efectuaban la cobertura. Una parte de simpatizantes del vicepresidente permaneci\u00f3 casi 10 horas en la Plaza de la Memoria de la Fiscal\u00eda. Gritaban consignas de respaldo a Glas y en contra del presidente Len\u00edn Moreno a quien calificaron de \u0098traidor\u0099.<\/p>\n<p>Para los periodistas hubo calificativos de miserables, corruptos, mediocres\u009d.<\/p>\n<p>Glas permaneci\u00f3 en la Fiscal\u00eda hasta las 18:00, pero antes de que saliera comenz\u00f3 a subir mensajes a su cuenta de Twitter, en los que repiti\u00f3 lo mismo desde hace dos meses, que no hay ni una sola prueba en su contra\u009d y que conf\u00eda en que la justicia se imponga sobre el estado de opini\u00f3n.<\/p>\n<p>Ahora resulta que la nueva prueba en mi contra es el texto de un informe sobre la compa\u00f1\u00eda Glory que yo mismo solicit\u00e9 en enero de 2014. Como eso tampoco les result\u00f3 \u00bfqu\u00e9 nuevo invento sacar\u00e1n hasta el domingo \u00a1Ins\u00f3lito lo que he tenido que enfrentar\u009d, escribi\u00f3.<\/p>\n<p>Las versiones en el caso se recibir\u00e1n hasta el pr\u00f3ximo domingo, d\u00eda en el que se cierra la instrucci\u00f3n fiscal abierta el 3 de junio y extendida 30 d\u00edas m\u00e1s por la vinculaci\u00f3n de Glas y 10 personas m\u00e1s. El domingo fue convocado el comisionado Jorge Rodr\u00edguez.<\/p>\n<p>Hoy, a las 11:00 en la Corte Nacional de Justicia, se recibir\u00e1 el testimonio anticipado del delator de Odebrecht, Jos\u00e9 Concei\u00c3\u00a7\u00c3\u00a3o Santos, mediante videoconferencia desde el Consulado de Ecuador en Brasil. Tambi\u00e9n est\u00e1 citado a dar versi\u00f3n el exministro Rafael Poveda.<\/p>\n<p>Para ma\u00f1ana, a las 11:00, la Fiscal\u00eda ha convocado a Ricardo Rivera, t\u00edo del vicepresidente, para que rinda su testimonio. Adem\u00e1s, han sido citados los procesados Jos\u00e9 Ter\u00e1n, Gustavo Massuh y otros.<\/p>\n<p><b>Larga espera<\/b><\/p>\n<p><b>Todo el d\u00eda en la Fiscal\u00eda<\/b><\/p>\n<p><b><\/b>Todo el d\u00eda pas\u00f3 ayer el vicepresidente sin funciones, Jorge Glas, en la Fiscal\u00eda General, en la segunda comparecencia en el caso de asociaci\u00f3n il\u00edcita, por la trama Odebrecht, que como la primera, pareci\u00f3 eterna. Esta termin\u00f3 cuando hab\u00eda ca\u00eddo la noche.<\/p>\n<p>En el testimonio que rindi\u00f3 el pasado 9 de agosto, Glas respondi\u00f3 a 77 preguntas que le hizo la fiscal En esa ocasi\u00f3n se le pregunt\u00f3 sobre los proyectos Manduriacu y la Refiner\u00eda del Pac\u00edfico. (I)<\/p>\n<p>&nbsp;<\/p>\n<p><img loading=\"lazy\" class=\"size-full wp-image-190112 aligncenter\" src=\"https:\/\/www.ecuadortimes.net\/es\/wp-content\/uploads\/2017\/09\/ECUADORTIMES_ECUADORNEWS_VICEPRESIDENTE_CRUZO_CORREOS_DE_GLORY_A_SU_TIO_1.jpg\" alt=\"\" width=\"732\" height=\"412\" \/><\/p>\n<p>&nbsp;<\/p>\n<p>&nbsp;<\/p>\n<p>&nbsp;<\/p>\n<p><strong>Fuente: <\/strong><a href=\"http:\/\/www.expreso.ec\/actualidad\/odebrecht-jorgeglas-asociacionilicita-fiscalia-testimonio-KK1729682\" target=\"_blank\" rel=\"noopener noreferrer\" data-saferedirecturl=\"https:\/\/www.google.com\/url?hl=es&amp;q=http:\/\/www.expreso.ec\/actualidad\/odebrecht-jorgeglas-asociacionilicita-fiscalia-testimonio-KK1729682&amp;source=gmail&amp;ust=1506606201980000&amp;usg=AFQjCNFMPShqqNWJDFaGP4csE7wONCwX8g\">http:\/\/www.expreso.ec\/actualidad\/odebrecht-jorgeglas-asociacionilicita-fiscalia-testimonio-KK1729682<\/a><\/p>\n","protected":false},"excerpt":{"rendered":"<p>&nbsp; Por comprobaciones no falt\u00f3. El vicepresidente sin funciones, Jorge Glas, hizo varias revisiones a la ampliaci\u00f3n de la versi\u00f3n que dio ayer en la Fiscal\u00eda General en el caso Odebrecht por presunta asociaci\u00f3n il\u00edcita. Glas hab\u00eda sido convocado para ampliar su testimonio del pasado 9 de agosto rendido en el expediente que investiga a su t\u00edo Ricardo Rivera y otros. Glas fue vinculado al caso el 29 de agosto junto con el excontralor Carlos P\u00f3lit y otras nueve personas. En total hay 18 investigados. La comparecencia de Glas tom\u00f3 un poco m\u00e1s de cuatro horas. Pero su salida solo se dio casi nueve horas despu\u00e9s de concluida la diligencia. Seg\u00fan abogados presentes en la comparecencia, la demora fue por revisiones del texto de la versi\u00f3n. Entre los asistentes a la diligencia estuvo el exasamble\u00edsta y l\u00edder del movimiento Concertaci\u00f3n, C\u00e9sar Mont\u00fafar. El exlegislador asegur\u00f3 que lo importante de la diligencia es que queda claro que el vicepresidente le remiti\u00f3 informaci\u00f3n sobre Glory International Industry, al se\u00f1or Rivera\u009d. Glory es una empresa domiciliada en Islas Marshall. Seg\u00fan la informaci\u00f3n que reposa en la Fiscal\u00eda esa empresa habr\u00eda recibido desde el Shanghai Pudong Development Bank (China), alrededor de 5,5 millones de d\u00f3lares en 15 transferencias, entre 2012 y 2013. El correo intercambiado, seg\u00fan Mont\u00fafar, correspond\u00eda a la verificaci\u00f3n de una informaci\u00f3n que hab\u00eda recabado sobre presuntas vinculaciones de Rivera con esa empresa. Glas justific\u00f3: siendo Ricardo Rivera el acusado por esta denuncia cre\u00ed que lo correcto era transmitir esa informaci\u00f3n a la persona que era acusada directamente lo cual me hab\u00eda generado mucha preocupaci\u00f3n\u009d. Para esperar a Glas estuvo un medio centenar de militantes de PAIS que portaban carteles, banderas y otros objetos que les permitieron hacer ruido y proclamar su inocencia. La mayor\u00eda de simpatizantes eran mujeres y personas de tercera edad. Algunos, los m\u00e1s j\u00f3venes, agredieron verbalmente a Mont\u00fafar (acusador particular) durante su ingreso a las 09:00. Cerca de las 14:00, cuando abandonaba la Fiscal\u00eda custodiado por polic\u00edas antimotines, Mont\u00fafar volvi\u00f3 a ser agredido. En esta ocasi\u00f3n con muletas, banderas, piedras y con una botella de vidrio. De las agresiones no se salvaron ni los polic\u00edas ni los periodistas que efectuaban la cobertura. Una parte de simpatizantes del vicepresidente permaneci\u00f3 casi 10 horas en la Plaza de la Memoria de la Fiscal\u00eda. Gritaban consignas de respaldo a Glas y en contra del presidente Len\u00edn Moreno a quien calificaron de \u0098traidor\u0099. Para los periodistas hubo calificativos de miserables, corruptos, mediocres\u009d. Glas permaneci\u00f3 en la Fiscal\u00eda hasta las 18:00, pero antes de que saliera comenz\u00f3 a subir mensajes a su cuenta de Twitter, en los que repiti\u00f3 lo mismo desde hace dos meses, que no hay ni una sola prueba en su contra\u009d y que conf\u00eda en que la justicia se imponga sobre el estado de opini\u00f3n. Ahora resulta que la nueva prueba en mi contra es el texto de un informe sobre la compa\u00f1\u00eda Glory que yo mismo solicit\u00e9 en enero de 2014. Como eso tampoco les result\u00f3 \u00bfqu\u00e9 nuevo invento sacar\u00e1n hasta el domingo \u00a1Ins\u00f3lito lo que he tenido que enfrentar\u009d, escribi\u00f3. Las versiones en el caso se recibir\u00e1n hasta el pr\u00f3ximo domingo, d\u00eda en el que se cierra la instrucci\u00f3n fiscal abierta el 3 de junio y extendida 30 d\u00edas m\u00e1s por la vinculaci\u00f3n de Glas y 10 personas m\u00e1s. El domingo fue convocado el comisionado Jorge Rodr\u00edguez. Hoy, a las 11:00 en la Corte Nacional de Justicia, se recibir\u00e1 el testimonio anticipado del delator de Odebrecht, Jos\u00e9 Concei\u00c3\u00a7\u00c3\u00a3o Santos, mediante videoconferencia desde el Consulado de Ecuador en Brasil. Tambi\u00e9n est\u00e1 citado a dar versi\u00f3n el exministro Rafael Poveda. Para ma\u00f1ana, a las 11:00, la Fiscal\u00eda ha convocado a Ricardo Rivera, t\u00edo del vicepresidente, para que rinda su testimonio. Adem\u00e1s, han sido citados los procesados Jos\u00e9 Ter\u00e1n, Gustavo Massuh y otros. Larga espera Todo el d\u00eda en la Fiscal\u00eda Todo el d\u00eda pas\u00f3 ayer el vicepresidente sin funciones, Jorge Glas, en la Fiscal\u00eda General, en la segunda comparecencia en el caso de asociaci\u00f3n il\u00edcita, por la trama Odebrecht, que como la primera, pareci\u00f3 eterna. Esta termin\u00f3 cuando hab\u00eda ca\u00eddo la noche. En el testimonio que rindi\u00f3 el pasado 9 de agosto, Glas respondi\u00f3 a 77 preguntas que le hizo la fiscal En esa ocasi\u00f3n se le pregunt\u00f3 sobre los proyectos Manduriacu y la Refiner\u00eda del Pac\u00edfico. (I) &nbsp; &nbsp; &nbsp; &nbsp; Fuente: http:\/\/www.expreso.ec\/actualidad\/odebrecht-jorgeglas-asociacionilicita-fiscalia-testimonio-KK1729682<\/p>\n","protected":false},"author":1,"featured_media":245833,"comment_status":"open","ping_status":"open","sticky":false,"template":"","format":"standard","meta":[],"categories":[54,32,40,46],"tags":[],"_links":{"self":[{"href":"https:\/\/www.ecuadortimes.net\/es\/wp-json\/wp\/v2\/posts\/245832"}],"collection":[{"href":"https:\/\/www.ecuadortimes.net\/es\/wp-json\/wp\/v2\/posts"}],"about":[{"href":"https:\/\/www.ecuadortimes.net\/es\/wp-json\/wp\/v2\/types\/post"}],"author":[{"embeddable":true,"href":"https:\/\/www.ecuadortimes.net\/es\/wp-json\/wp\/v2\/users\/1"}],"replies":[{"embeddable":true,"href":"https:\/\/www.ecuadortimes.net\/es\/wp-json\/wp\/v2\/comments?post=245832"}],"version-history":[{"count":0,"href":"https:\/\/www.ecuadortimes.net\/es\/wp-json\/wp\/v2\/posts\/245832\/revisions"}],"wp:featuredmedia":[{"embeddable":true,"href":"https:\/\/www.ecuadortimes.net\/es\/wp-json\/wp\/v2\/media\/245833"}],"wp:attachment":[{"href":"https:\/\/www.ecuadortimes.net\/es\/wp-json\/wp\/v2\/media?parent=245832"}],"wp:term":[{"taxonomy":"category","embeddable":true,"href":"https:\/\/www.ecuadortimes.net\/es\/wp-json\/wp\/v2\/categories?post=245832"},{"taxonomy":"post_tag","embeddable":true,"href":"https:\/\/www.ecuadortimes.net\/es\/wp-json\/wp\/v2\/tags?post=245832"}],"curies":[{"name":"wp","href":"https:\/\/api.w.org\/{rel}","templated":true}]}}